{"id":610658,"date":"2025-12-20T00:47:11","date_gmt":"2025-12-20T00:47:11","guid":{"rendered":"https:\/\/www.europesays.com\/fr\/610658\/"},"modified":"2025-12-20T00:47:11","modified_gmt":"2025-12-20T00:47:11","slug":"le-tribunal-tranche-la-lanceuse-dalerte-deboutee","status":"publish","type":"post","link":"https:\/\/www.europesays.com\/fr\/610658\/","title":{"rendered":"le tribunal tranche, la lanceuse d&rsquo;alerte d\u00e9bout\u00e9e"},"content":{"rendered":"<p melodystyle=\"texte\">Le tribunal administratif de Rouen a rendu son jugement, vendredi 19\u00a0d\u00e9cembre, concernant le recours d&rsquo;une ancienne employ\u00e9e de la communaut\u00e9 urbaine (CU) Le\u00a0Havre Seine M\u00e9tropole.\u00a0Le 5\u00a0d\u00e9cembre, le tribunal avait \u00e9t\u00e9 le th\u00e9\u00e2tre d&rsquo;un premier duel judiciaire dans <a href=\"https:\/\/www.lecourriercauchois.fr\/actualite-385352-le-havre-edouard-philippe-vise-par-une-nouvelle-plainte-pour-favoritisme-et-detournement-de-fonds\" target=\"_blank\" rel=\"noopener\">l&rsquo;affaire de d\u00e9tournement de fonds publics pr\u00e9sum\u00e9s qui vise Edouard Philippe, maire du\u00a0Havre et pr\u00e9sident du\u00a0Havre Seine M\u00e9tropole<\/a>. L&rsquo;ex-directrice g\u00e9n\u00e9rale adjointe de la communaut\u00e9 urbaine (2020-2023), \u00e0 l&rsquo;origine de la plainte, demandait au tribunal d&rsquo;annuler la d\u00e9cision de la CU d&rsquo;avril\u00a02023\u00a0de ne pas lui octroyer la protection fonctionnelle (une mesure de protection due par l&rsquo;administration aux agents publics) \u00e0 la suite d&rsquo;accusations de \u00ab\u00a0harc\u00e8lement moral\u00a0\u00bb dont elle s&rsquo;est plainte. La haut fonctionnaire, aujourd&rsquo;hui employ\u00e9e par Matignon, reprochait \u00e9galement \u00e0 la CU le non-renouvellement de son CDD.<\/p>\n<p>Pas de harc\u00e8lement moral<\/p>\n<p melodystyle=\"texte\">S&rsquo;agissant du refus de protection fonctionnelle, le tribunal explique dans son d\u00e9lib\u00e9r\u00e9 du vendredi 19\u00a0d\u00e9cembre que \u00ab\u00a0la d\u00e9cision du pr\u00e9sident de la communaut\u00e9 urbaine Le\u00a0Havre Seine M\u00e9tropole n&rsquo;\u00e9tait pas entach\u00e9e d&rsquo;impartialit\u00e9\u00a0\u00bb. \u00ab\u00a0Aucune circonstance objective, invoqu\u00e9e par l&rsquo;int\u00e9ress\u00e9e, le concernant personnellement ne le mettait s\u00e9rieusement en cause \u00e0 la date du refus attaqu\u00e9\u00a0\u00bb, \u00e9crit le tribunal dans un communiqu\u00e9 diffus\u00e9 le 19\u00a0d\u00e9cembre. Concernant le seul comportement de sa sup\u00e9rieure hi\u00e9rarchique directe &#8211; elle l&rsquo;accuse de harc\u00e8lement moral &#8211; \u00ab\u00a0les faits relat\u00e9s par la requ\u00e9rante n&rsquo;\u00e9taient pas de nature \u00e0 faire pr\u00e9sumer une situation de harc\u00e8lement moral, mais relevaient de l&rsquo;exercice normal du pouvoir hi\u00e9rarchique et de l&rsquo;int\u00e9r\u00eat du service\u00a0\u00bb.<\/p>\n<p>Une d\u00e9mission avant le terme du contrat<\/p>\n<p melodystyle=\"texte\">Sur le\u00a0non-renouvellement du contrat de travail, le tribunal a relev\u00e9 que \u00ab\u00a0l&rsquo;int\u00e9ress\u00e9e avait d\u00e9missionn\u00e9 \u00e0 compter du 31\u00a0juillet 2023, soit avant le terme de son contrat le 31\u00a0ao\u00fbt suivant et qu&rsquo;aucune d\u00e9cision de non-renouvellement de son contrat de travail n&rsquo;avait \u00e9t\u00e9 adopt\u00e9e\u00a0\u00bb. Il a \u00e9galement consid\u00e9r\u00e9 que \u00ab\u00a0la requ\u00e9rante avait pris librement la d\u00e9cision de quitter ses fonctions et montr\u00e9 une volont\u00e9 non \u00e9quivoque en ce sens, contrairement \u00e0 ce qu&rsquo;elle soutenait\u00a0\u00bb.<\/p>\n<p melodystyle=\"texte\">Pour le tribunal administratif, il n&rsquo;y a dans cette affaire \u00ab\u00a0aucune mesure discriminatoire ou de repr\u00e9sailles, directes ou indirectes au sens de la loi n\u00b0\u00a02016-1691 du 9\u00a0d\u00e9cembre 2016\u00a0\u00bb envers\u00a0la lanceuse d&rsquo;alerte.<\/p>\n","protected":false},"excerpt":{"rendered":"Le tribunal administratif de Rouen a rendu son jugement, vendredi 19\u00a0d\u00e9cembre, concernant le recours d&rsquo;une ancienne employ\u00e9e de&hellip;\n","protected":false},"author":2,"featured_media":610659,"comment_status":"","ping_status":"","sticky":false,"template":"","format":"standard","meta":{"footnotes":""},"categories":[9587],"tags":[1111,11,1777,674,1011,27,12,5161,25,9590],"class_list":{"0":"post-610658","1":"post","2":"type-post","3":"status-publish","4":"format-standard","5":"has-post-thumbnail","7":"category-rouen","8":"tag-actu","9":"tag-actualites","10":"tag-eu","11":"tag-europe","12":"tag-fr","13":"tag-france","14":"tag-news","15":"tag-normandie","16":"tag-republique-francaise","17":"tag-rouen"},"share_on_mastodon":{"url":"https:\/\/pubeurope.com\/@fr\/115749142171272172","error":""},"_links":{"self":[{"href":"https:\/\/www.europesays.com\/fr\/wp-json\/wp\/v2\/posts\/610658","targetHints":{"allow":["GET"]}}],"collection":[{"href":"https:\/\/www.europesays.com\/fr\/wp-json\/wp\/v2\/posts"}],"about":[{"href":"https:\/\/www.europesays.com\/fr\/wp-json\/wp\/v2\/types\/post"}],"author":[{"embeddable":true,"href":"https:\/\/www.europesays.com\/fr\/wp-json\/wp\/v2\/users\/2"}],"replies":[{"embeddable":true,"href":"https:\/\/www.europesays.com\/fr\/wp-json\/wp\/v2\/comments?post=610658"}],"version-history":[{"count":0,"href":"https:\/\/www.europesays.com\/fr\/wp-json\/wp\/v2\/posts\/610658\/revisions"}],"wp:featuredmedia":[{"embeddable":true,"href":"https:\/\/www.europesays.com\/fr\/wp-json\/wp\/v2\/media\/610659"}],"wp:attachment":[{"href":"https:\/\/www.europesays.com\/fr\/wp-json\/wp\/v2\/media?parent=610658"}],"wp:term":[{"taxonomy":"category","embeddable":true,"href":"https:\/\/www.europesays.com\/fr\/wp-json\/wp\/v2\/categories?post=610658"},{"taxonomy":"post_tag","embeddable":true,"href":"https:\/\/www.europesays.com\/fr\/wp-json\/wp\/v2\/tags?post=610658"}],"curies":[{"name":"wp","href":"https:\/\/api.w.org\/{rel}","templated":true}]}}