{"id":610660,"date":"2025-12-20T00:48:39","date_gmt":"2025-12-20T00:48:39","guid":{"rendered":"https:\/\/www.europesays.com\/fr\/610660\/"},"modified":"2025-12-20T00:48:39","modified_gmt":"2025-12-20T00:48:39","slug":"tombeur-de-rouen-lelan-bearnais-retrouve-le-sourire","status":"publish","type":"post","link":"https:\/\/www.europesays.com\/fr\/610660\/","title":{"rendered":"Tombeur de Rouen, l&rsquo;\u00c9lan B\u00e9arnais retrouve le sourire"},"content":{"rendered":"<p>Depuis le 17 octobre dernier, le Palais des Sports de Pau n\u2019est plus une forteresse imprenable. Deux mois que les Palois cherchent \u00e0 retrouver la flamme du d\u00e9but de saison. <a href=\"https:\/\/www.bebasket.fr\/pau-blois-resume\" target=\"_blank\" rel=\"noopener\">D\u00e9fait la semaine derni\u00e8re \u00e0 domicile par l\u2019ADA Blois apr\u00e8s 50 minutes de combat et deux prolongations<\/a>, l\u2019\u00c9lan B\u00e9arnais\u00a0<a target=\"_blank\" rel=\"noopener\" href=\"https:\/\/www.bebasket.fr\/equipe\/pau-lacq-orthez\">Pau-Lacq-Orthez<\/a> \u00e9tait dans l\u2019obligation de s\u2019imposer dans son antre ce vendredi 19 d\u00e9cembre pour esp\u00e9rer recoller au wagon de t\u00eate. Au terme d\u2019une belle bataille, l\u2019\u00e9quipe de Micka\u00ebl Hay a enfin retrouv\u00e9 la recette du succ\u00e8s et repart ainsi de l\u2019avant.<\/p>\n<p>\u00a0<\/p>\n<p><strong>Un retard de 13 points combl\u00e9 avant la mi-temps<\/strong><\/p>\n<p>Ces derniers temps, les journ\u00e9es se suivent et se ressemblent du c\u00f4t\u00e9 de Pau. Ce vendredi soir \u00e0 l\u2019occasion de la r\u00e9ception du Rouen M\u00e9tropole Basket, il \u00e9tait temps de changer de refrain pour l\u2019\u00c9lan B\u00e9arnais. Apr\u00e8s trois d\u00e9faites cons\u00e9cutives, les hommes de Micka\u00ebl Hay ont redonn\u00e9 le sourire au Palais des Sports.<\/p>\n<p>Pourtant, l\u2019entame de match aura \u00e9t\u00e9 bien compliqu\u00e9e pour les locaux. En manque cruel d\u2019adresse dans la raquette et derri\u00e8re l\u2019arc, les Palois ont subi l\u2019impact physique impos\u00e9 par les Normands. Sous l\u2019impulsion de son meneur am\u00e9ricain <strong>Tray<\/strong> <strong>Croft<\/strong> (10 points), le RMB a pris un meilleur d\u00e9part dans cette rencontre pour prendre les commandes \u00e0 l\u2019issue d\u2019un premier quart-temps ma\u00eetris\u00e9 (13-21).<\/p>\n<p><a class=\"image\" href=\"https:\/\/www.bebasket.fr\/joueur\/francois-wibaut\" target=\"_blank\" rel=\"noopener\"> <img decoding=\"async\" src=\"https:\/\/www.europesays.com\/fr\/wp-content\/uploads\/2025\/12\/photo-basketball-player-francois-wibaut-1ee7af18-ba73-6450-a62e-0f1d02937e2d.jpg\" alt=\"Fran\u00e7ois WIBAUT\"\/> <\/a><\/p>\n<p><a class=\"league-image\" href=\"https:\/\/www.bebasket.fr\/ligue\/pro-b\" target=\"_blank\" rel=\"noopener\"> <img decoding=\"async\" src=\"https:\/\/www.europesays.com\/fr\/wp-content\/uploads\/2025\/10\/elite-2-nouveau-logo-2025-1f04d200-2aed-677c-9f62-25d7a0c8ba35.png\" alt=\"Logo ELITE 2\"\/> <\/a><\/p>\n<p>Malgr\u00e9 une adresse en berne derri\u00e8re la ligne \u00e0 3-points, les hommes de Micka\u00ebl Hay se sont appuy\u00e9s sur l\u2019explosivit\u00e9 de <strong>Jonathan<\/strong> <strong>Mkamba<\/strong> (7 points et 6 rebonds) pour rester au contact de Rouen. Bouscul\u00e9s et malgr\u00e9 un \u00e9norme trou d\u2019air au c\u0153ur de ce deuxi\u00e8me quart-temps, les B\u00e9arnais ont su faire preuve de patience pour rester dans le match. Comme un symbole, c\u2019est l\u2019homme en forme du moment qui a sonn\u00e9 la r\u00e9volte paloise. Dans le sillage d\u2019un <strong>Drew<\/strong> <strong>Thelwell<\/strong> toujours aussi impactant (20 points et 5 interceptions), l\u2019\u00c9lan B\u00e9arnais Pau-Lacq-Orthez a refait son retard. Revenu sur les talons adverses apr\u00e8s avoir compt\u00e9 jusqu\u2019\u00e0 13 points de retard, l\u2019EBPLO a regagn\u00e9 les vestiaires avec un d\u00e9ficit d\u2019un petit point (34-35, 20\u2032).<\/p>\n<p><img decoding=\"async\" loading=\"lazy\" class=\"size-full wp-image-247816\" src=\"https:\/\/www.europesays.com\/fr\/wp-content\/uploads\/2025\/12\/IMG_20251219_213621.jpg\" alt=\"\" width=\"1197\" height=\"1600\"  \/>Drew Thelwell a port\u00e9 l\u2019\u00c9lan B\u00e9arnais \u2013 Photo : Bastien Lamarche<br \/>\n<strong>Avec un trio Wibaut-Nze- Milanese d\u00e9cisif, Pau retrouve le sourire<\/strong><\/p>\n<p>Revenus sur le parquet avec de meilleures intentions, les co\u00e9quipiers de <strong>Bryce<\/strong> <strong>Nze<\/strong> (11 points et 14 rebonds), d\u2019un <strong><a target=\"_blank\" rel=\"noopener\" href=\"https:\/\/www.bebasket.fr\/joueur\/francois-wibaut\">Fran\u00e7ois Wibaut<\/a><\/strong>\u00a0redoutable (17 points) et d\u2019un <strong>Fabio<\/strong> <strong>Milanese<\/strong> tr\u00e8s efficace (18 points) ont retrouv\u00e9 de l\u2019agressivit\u00e9 d\u00e9fensive et une adresse, qui, jusqu\u2019alors leur faisait d\u00e9faut. Plus adroits sous le cercle, les Palois ont su renverser la situation \u00e0 leur avantage. Repass\u00e9e devant \u00e0 dix minutes du terme (62-58, 30\u2032), la formation paloise a tenu le choc.<\/p>\n<p>Dans un dernier quart-temps extr\u00eamement tendu de part et d\u2019autre, l\u2019\u00c9lan B\u00e9arnais a eu des nerfs d\u2019acier pour creuser un \u00e9cart r\u00e9dhibitoire pour s\u2019offrir un bon bol d\u2019air avant un d\u00e9placement p\u00e9rilleux \u00e0 Antibes mardi prochain.<\/p>\n<blockquote class=\"normal\"><p>\n<strong>Les r\u00e9actions apr\u00e8s \u00c9lan b\u00e9arnais \u2013 Rouen :<\/strong><\/p>\n<p><strong>Sylvain Delorme (coach de Rouen)<\/strong> : \u00ab\u00a0Les rebonds offensifs (15) et les pertes de balles leur permettent de reprendre confiance. Je ne sais pas si c\u2019est la grinta qui nous a manqu\u00e9. Le but \u00e9tait de faire un match le plus coh\u00e9rent possible. Il nous a manqu\u00e9 beaucoup de lucidit\u00e9. Cela montre toutes les qualit\u00e9s de Pau \u00e0 renverser le match. C\u2019est un championnat tr\u00e8s relev\u00e9 et tout le monde peut battre tout le monde \u00e0 domicile comme \u00e0 l\u2019ext\u00e9rieur.\u00a0\u00bb<\/p>\n<p><strong>Niels<\/strong> <strong>Pharose<\/strong> : \u00ab\u00a0Au vu du premier quart-temps c\u2019est frustrant. J\u2019ai essay\u00e9 de tout donner pour aider au mieux mon \u00e9quipe mais cela n\u2019a pas suffit.\u00a0\u00bb<\/p>\n<p><strong>Jonathan<\/strong> <strong>Mkamba<\/strong> : \u00ab\u00a0Beaucoup d\u2019abn\u00e9gation. On s\u2019est soutenu, de la bagarre et du courage et c\u2019est pass\u00e9. Peu importe mon temps de jeu, je me dois d\u2019apporter cette \u00e9nergie et cette envie l\u00e0. Cette prolongation est la r\u00e9compense de mon travail et j\u2019en suis content. Cap sur Antibes avec la m\u00eame mentalit\u00e9.\u00a0\u00bb<\/p>\n<p><strong>Micka\u00ebl Hay (coach de l\u2019\u00c9lan B\u00e9arnais)<\/strong> : \u00ab\u00a0Je suis tr\u00e8s content de la victoire. Les 5 derni\u00e8res minutes nous ont fait beaucoup de bien pour revenir au score \u00e0 la mi-temps. Jonathan Mkamba nous maintient juste avant la mi-temps. Il fallait mettre du rythme et de l\u2019euphorie. On trouve de l\u2019alternance dans la raquette en deuxi\u00e8me mi-temps. Il \u00e9tait temps que cette s\u00e9rie de trois d\u00e9faites s\u2019arr\u00eate. Il fallait comptabiliser. On prend cette victoire avec plaisir. On a encore beaucoup d\u2019\u00e9nergie et de fra\u00eecheur pour les prochains matchs. C\u2019est maintenant \u00e0 nous d\u2019entamer une dynamique de victoires.\u00a0\u00bb<\/p>\n<\/blockquote>\n","protected":false},"excerpt":{"rendered":"Depuis le 17 octobre dernier, le Palais des Sports de Pau n\u2019est plus une forteresse imprenable. Deux mois&hellip;\n","protected":false},"author":2,"featured_media":610661,"comment_status":"","ping_status":"","sticky":false,"template":"","format":"standard","meta":{"footnotes":""},"categories":[9587],"tags":[1111,11,1777,674,1011,27,12,5161,25,9590],"class_list":{"0":"post-610660","1":"post","2":"type-post","3":"status-publish","4":"format-standard","5":"has-post-thumbnail","7":"category-rouen","8":"tag-actu","9":"tag-actualites","10":"tag-eu","11":"tag-europe","12":"tag-fr","13":"tag-france","14":"tag-news","15":"tag-normandie","16":"tag-republique-francaise","17":"tag-rouen"},"share_on_mastodon":{"url":"https:\/\/pubeurope.com\/@fr\/115749146814438378","error":""},"_links":{"self":[{"href":"https:\/\/www.europesays.com\/fr\/wp-json\/wp\/v2\/posts\/610660","targetHints":{"allow":["GET"]}}],"collection":[{"href":"https:\/\/www.europesays.com\/fr\/wp-json\/wp\/v2\/posts"}],"about":[{"href":"https:\/\/www.europesays.com\/fr\/wp-json\/wp\/v2\/types\/post"}],"author":[{"embeddable":true,"href":"https:\/\/www.europesays.com\/fr\/wp-json\/wp\/v2\/users\/2"}],"replies":[{"embeddable":true,"href":"https:\/\/www.europesays.com\/fr\/wp-json\/wp\/v2\/comments?post=610660"}],"version-history":[{"count":0,"href":"https:\/\/www.europesays.com\/fr\/wp-json\/wp\/v2\/posts\/610660\/revisions"}],"wp:featuredmedia":[{"embeddable":true,"href":"https:\/\/www.europesays.com\/fr\/wp-json\/wp\/v2\/media\/610661"}],"wp:attachment":[{"href":"https:\/\/www.europesays.com\/fr\/wp-json\/wp\/v2\/media?parent=610660"}],"wp:term":[{"taxonomy":"category","embeddable":true,"href":"https:\/\/www.europesays.com\/fr\/wp-json\/wp\/v2\/categories?post=610660"},{"taxonomy":"post_tag","embeddable":true,"href":"https:\/\/www.europesays.com\/fr\/wp-json\/wp\/v2\/tags?post=610660"}],"curies":[{"name":"wp","href":"https:\/\/api.w.org\/{rel}","templated":true}]}}