{"id":610662,"date":"2025-12-20T00:50:23","date_gmt":"2025-12-20T00:50:23","guid":{"rendered":"https:\/\/www.europesays.com\/fr\/610662\/"},"modified":"2025-12-20T00:50:23","modified_gmt":"2025-12-20T00:50:23","slug":"grenoble-alpes-metropole-renforce-son-plan-climat-avec-quatre-nouveaux-partenaires","status":"publish","type":"post","link":"https:\/\/www.europesays.com\/fr\/610662\/","title":{"rendered":"Grenoble Alpes M\u00e9tropole renforce son Plan Climat avec quatre nouveaux partenaires"},"content":{"rendered":"<p>\n\t\t\t\t\t\t\t\t\t\t\t\t\t19 D\u00e9cembre 2025\n\t\t\t\t\t\t\t\t\t\t\t\t<\/p>\n<p>\t\t\t\t\t\t\t\t\t\t\t<img decoding=\"async\" src=\"https:\/\/www.europesays.com\/fr\/wp-content\/uploads\/2025\/12\/1280x720_694554cd821da-img-20251218-140232.jpg\" alt=\"Grenoble Alpes M\u00e9tropole renforce son Plan Climat avec quatre nouveaux partenaires\" title=\"Grenoble Alpes M\u00e9tropole renforce son Plan Climat avec quatre nouveaux partenaires\" width=\"1280\" height=\"720\" class=\"img-fluid  mb-3\" loading=\"lazy\"\/>\t\t\t\t\t\t\t\t\t\t\t<\/p>\n<p itemprop=\"description\"><strong>Grenoble Alpes M\u00e9tropole a organis\u00e9, ce jeudi, son Forum annuel du Plan Climat, rendez-vous f\u00e9d\u00e9rateur d\u00e9di\u00e9 \u00e0 la transition \u00e9cologique du territoire.<\/strong><\/p>\n<p>\t\t\t\t\tL\u2019\u00e9dition 2025, qui a r\u00e9uni pr\u00e8s de 150 acteurs locaux (\u00e9lus, agents des 49 communes, associations, entreprises et \u00e9tablissements d\u2019enseignement\u2026\t\t\t\t\t\t\t\t\t\t\t\t\t\t\t\t\t\t\t\t\t\t<\/p>\n<p><a class=\"trans-button\" href=\"https:\/\/www.grenoblemag.com\/article\/2427\/grenoble-alpes-metropole-renforce-son-plan-climat-avec-quatre-nouveaux-partenaires\" title=\"Grenoble Alpes M\u00e9tropole renforce son Plan Climat avec quatre nouveaux partenaires\" target=\"_blank\" rel=\"noopener\"><br \/>\n\t\t\t\t\t\t\t\tLire la suite de l&rsquo;article sur Grenoblemag \u00bb<br \/>\n\t\t\t\t\t\t\t<\/a>\n\t\t\t\t\t\t\t\t\t<\/p>\n","protected":false},"excerpt":{"rendered":"19 D\u00e9cembre 2025 Grenoble Alpes M\u00e9tropole a organis\u00e9, ce jeudi, son Forum annuel du Plan Climat, rendez-vous f\u00e9d\u00e9rateur&hellip;\n","protected":false},"author":2,"featured_media":610663,"comment_status":"","ping_status":"","sticky":false,"template":"","format":"standard","meta":{"footnotes":""},"categories":[9566],"tags":[1111,66200,11,7733,66196,66213,66211,8279,2430,650,7734,66204,1777,674,66207,1011,27,66206,2731,66203,66201,4662,66212,66209,66202,12,1825,66205,66197,66198,66199,25,66208,66210],"class_list":{"0":"post-610662","1":"post","2":"type-post","3":"status-publish","4":"format-standard","5":"has-post-thumbnail","7":"category-grenoble","8":"tag-actu","9":"tag-actualite-grenoble","10":"tag-actualites","11":"tag-alpes","12":"tag-alpes-1-grenoble","13":"tag-alpes-de-hautes-provence-et-hautes-alpes","14":"tag-alpes-de-huez","15":"tag-alpes1","16":"tag-auvergne-rhone-alpes","17":"tag-cinema","18":"tag-ecoute","19":"tag-ecouter-alpes-1-grenoble","20":"tag-eu","21":"tag-europe","22":"tag-evenements-grenoble","23":"tag-fr","24":"tag-france","25":"tag-frequence-alpes-1-grenoble","26":"tag-grenoble","27":"tag-hits-grenoble","28":"tag-info-grenoble","29":"tag-journal","30":"tag-les-2-alpes","31":"tag-meteo-grenoble","32":"tag-musique-grenoble","33":"tag-news","34":"tag-radio","35":"tag-radio-en-ligne-grenoble","36":"tag-radio-grenoble","37":"tag-radio-isere","38":"tag-radio-locale-grenoble","39":"tag-republique-francaise","40":"tag-sorties-grenoble","41":"tag-trafic-grenoble"},"share_on_mastodon":{"url":"","error":"Validation failed: Text character limit of 500 exceeded"},"_links":{"self":[{"href":"https:\/\/www.europesays.com\/fr\/wp-json\/wp\/v2\/posts\/610662","targetHints":{"allow":["GET"]}}],"collection":[{"href":"https:\/\/www.europesays.com\/fr\/wp-json\/wp\/v2\/posts"}],"about":[{"href":"https:\/\/www.europesays.com\/fr\/wp-json\/wp\/v2\/types\/post"}],"author":[{"embeddable":true,"href":"https:\/\/www.europesays.com\/fr\/wp-json\/wp\/v2\/users\/2"}],"replies":[{"embeddable":true,"href":"https:\/\/www.europesays.com\/fr\/wp-json\/wp\/v2\/comments?post=610662"}],"version-history":[{"count":0,"href":"https:\/\/www.europesays.com\/fr\/wp-json\/wp\/v2\/posts\/610662\/revisions"}],"wp:featuredmedia":[{"embeddable":true,"href":"https:\/\/www.europesays.com\/fr\/wp-json\/wp\/v2\/media\/610663"}],"wp:attachment":[{"href":"https:\/\/www.europesays.com\/fr\/wp-json\/wp\/v2\/media?parent=610662"}],"wp:term":[{"taxonomy":"category","embeddable":true,"href":"https:\/\/www.europesays.com\/fr\/wp-json\/wp\/v2\/categories?post=610662"},{"taxonomy":"post_tag","embeddable":true,"href":"https:\/\/www.europesays.com\/fr\/wp-json\/wp\/v2\/tags?post=610662"}],"curies":[{"name":"wp","href":"https:\/\/api.w.org\/{rel}","templated":true}]}}