{"id":610665,"date":"2025-12-20T00:52:16","date_gmt":"2025-12-20T00:52:16","guid":{"rendered":"https:\/\/www.europesays.com\/fr\/610665\/"},"modified":"2025-12-20T00:52:16","modified_gmt":"2025-12-20T00:52:16","slug":"que-faire-a-rennes-en-ce-dernier-week-end-avant-noel-voici-nos-9-idees-sorties-a-ne-pas-manquer","status":"publish","type":"post","link":"https:\/\/www.europesays.com\/fr\/610665\/","title":{"rendered":"Que faire \u00e0 Rennes en ce dernier week-end avant No\u00ebl ? Voici nos 9 id\u00e9es sorties \u00e0 ne pas manquer"},"content":{"rendered":"<p>                    Par<br \/>\n        <strong><br \/>\n            <a href=\"https:\/\/actu.fr\/auteur\/brian-legoff\" title=\"Consulter tous les articles de Brian Le Goff\" target=\"_blank\" rel=\"noopener\">Brian Le Goff<\/a><br \/>\n                    <\/strong><\/p>\n<p>        Publi\u00e9 le<\/p>\n<p>            19 d\u00e9c. 2025 \u00e0 18h07        <\/p>\n<p>D\u00e9but des <strong>projections<\/strong> monumentales sur l\u2019H\u00f4tel de Ville, march\u00e9s de No\u00ebl,<strong> ouverture du clo\u00eetre<\/strong> du Couvent des Jacobins avec ses d\u00e9cors de f\u00eates, <strong>course<\/strong> pour tous\u2026 Une nouvelle fois, et malgr\u00e9 l\u2019approche des f\u00eates de fin d\u2019ann\u00e9e, <a href=\"https:\/\/actu.fr\/rennes\/\" target=\"_blank\" rel=\"noopener\">Rennes<\/a> sera anim\u00e9e ces samedi\u00a020 et dimanche 21\u00a0d\u00e9cembre 2025. Voici quelques id\u00e9es que nous avons d\u00e9nich\u00e9es pour vous dans la capitale bretonne.<\/p>\n<p>Les rockeurs ont du c\u0153ur ce soir<\/p>\n<p class=\" wall-content\">Pour assister \u00e0 la soir\u00e9e ce <strong>vendredi 19\u00a0d\u00e9cembre, de 19h \u00e0 minuit, \u00e0 la salle de l\u2019Etage,<\/strong> rien de plus simple\u2009: venez avec un jouet neuf ou en tr\u00e8s bon \u00e9tat d\u2019une valeur de 10\u00a0euros minimum (jeux de soci\u00e9t\u00e9, peluches, d\u00e9guisements, ou tout ce qui pourra \u00e9gayer le No\u00ebl des enfants).<\/p>\n<p>D\u00e9but des projections sur l\u2019H\u00f4tel de Ville<\/p>\n<p class=\" wall-content\">D\u00e8s ce vendredi 19\u00a0d\u00e9cembre, les projections illumineront la fa\u00e7ade de l\u2019H\u00f4tel de Ville tous les soirs jusqu\u2019au 4\u00a0janvier 2026, <strong>de 18h \u00e0 21h40,<\/strong> avec une diffusion<strong> toutes les 20\u00a0minutes.<\/strong><\/p>\n<p class=\" wall-content\">Ce spectacle son et lumi\u00e8re a une nouvelle fois \u00e9t\u00e9 imagin\u00e9 par la soci\u00e9t\u00e9 bretillienne Spectaculaires \u2013 qui r\u00e9alise aussi <a href=\"https:\/\/actu.fr\/bretagne\/rennes_35238\/c-est-une-creation-inedite-les-coulisses-des-projections-sur-le-parlement-de-bretagne-cet-ete-a-rennes_62931817.html\" target=\"_blank\" rel=\"noopener\">les projections sur le Parlement de Bretagne chaque \u00e9t\u00e9<\/a> \u2013 avec pour <strong>th\u00e8me \u00ab\u2009R\u00eave de lumi\u00e8re\u2009\u00bb<\/strong>\u2009: au fil de sept tableaux, une poule Coucou de l\u2019\u00e9comus\u00e9e de la Bintinais parcourra la ville illumin\u00e9e.<\/p>\n<p>Place de la Mairie<\/p>\n<p>Ouverture du Clo\u00eetre au Couvent des Jacobins<\/p>\n<p class=\" wall-content\">No\u00ebl arrive \u00e0 grands pas\u2009: pourquoi ne pas le vivre dans le clo\u00eetre du <strong>Couvent des Jacobins\u2009? Pl\u00e9thore d\u2019activit\u00e9s<\/strong> sont organis\u00e9es jusqu\u2019au 4\u00a0janvier 2026, et notamment ce week-end.<\/p>\n<p>Votre r\u00e9gion, votre actu !<\/p>\n<p>Recevez chaque jour les infos qui comptent pour vous.<\/p>\n<p>\t<a href=\"https:\/\/actu.fr\/newsletter\" class=\"ac-btn ac-btn--corner ac-btn--medium ac-btn--blue800\" target=\"_blank\" rel=\"noopener\">S&rsquo;incrire<\/a><br \/>\nMarch\u00e9 de No\u00ebl<\/p>\n<p class=\" wall-content\">Pr\u00e8s de la place Sainte-Anne,<strong> rue Saint-Louis,<\/strong> le<strong> Bistrot de la Cit\u00e9<\/strong> fait son march\u00e9 de No\u00ebl pour ceux qui n\u2019auraient pas fait leurs cadeaux. L\u2019\u00e9v\u00e9nement a lieu<strong> samedi\u00a020 et dimanche 21\u00a0d\u00e9cembre, de 12h \u00e0 18h30<\/strong>.<\/p>\n<p>    <a href=\"https:\/\/www.facebook.com\/plugins\/post.php?href=https%3A%2F%2Fwww.facebook.com%2Flebistrodelacite%2Fposts%2Fpfbid0J76SaAfsd476BbkQoZZw1BQxZpaiSktw4X8uJFqwDb4cnwSXRGdvea6f5b7tDsHLl&amp;show_text=true&amp;width=350\" title=\"Ouvrie le lien\" target=\"_blank\" rel=\"noopener\">Cliquez ici pour visualiser le contenu<\/a><\/p>\n<p>Pop-up de No\u00ebl<\/p>\n<p class=\" wall-content\">C\u2019est le moment de trouver les derniers cadeaux \u00e0 offrir avant No\u00ebl. <strong>Samedi, de 14h \u00e0 21h,<\/strong> Atelier Distrait organise au sein de l\u2019atelier Les \u00c9tincelantes, face au stade Commandant-Bougouin, au <strong>10, rue Alphonse-Gu\u00e9rin, \u00e0 Rennes,<\/strong> un pop-up sp\u00e9cial No\u00ebl.<\/p>\n<p class=\" wall-content\"><strong>10 cr\u00e9atrices et cr\u00e9ateurs artisans rennais<\/strong> sont \u00e0 d\u00e9couvrir avec des accessoires de couture, des bi\u00e8res, des cr\u00e9ations textiles, de la poterie, des accessoires pour chiens, de la d\u00e9coration, des p\u00e2tisseries, des illustrations, du vitrail et des bijoux.<\/p>\n<p>F\u00eate foraine<\/p>\n<p class=\" wall-content\">L\u2019odeur des chichis, les lumi\u00e8res \u00e9tincelantes, les rires ou les cris des jeunes\u2026 \u00e0\u00a0Rennes, la Foire d\u2019hiver avec sa\u00a0<a href=\"https:\/\/actu.fr\/tag\/fete-foraine\" target=\"_blank\" rel=\"noopener\">f\u00eate foraine<\/a>\u00a0fait son\u00a0<strong>grand retour<\/strong>\u00a0comme chaque fin d\u2019ann\u00e9e sur l\u2019<strong>esplanade Charles-de-Gaulle<\/strong>. Voici tout ce que vous devez savoir sur\u00a0l\u2019\u00e9v\u00e9nement\u2009:<\/p>\n<p>March\u00e9 de No\u00ebl et soir\u00e9e ann\u00e9es 1980 au Morex<\/p>\n<p class=\" wall-content\">Le Morex Custom House, dans la <strong>zone route de Lorient,<\/strong> \u00e0 l\u2019ouest de Rennes, organise son march\u00e9 de No\u00ebl, <strong>samedi 20\u00a0d\u00e9cembre apr\u00e8s-midi,<\/strong> avec des exposants qui proposeront leurs cr\u00e9ations artisanales, leurs id\u00e9es cadeaux et douceurs de saison.<\/p>\n<p class=\" wall-content\"><a href=\"https:\/\/www.instagram.com\/p\/DSCujbRj8PV\/embed\" title=\"Ouvrir le lien sur Instagram\" target=\"_blank\" rel=\"noopener\">Visualiser le contenu sur Instagram<\/a><\/p>\n<p class=\" wall-content\"><strong>Le soir, \u00e0 partir de 20h,<\/strong> le lieu organise une soir\u00e9e sp\u00e9ciale ann\u00e9es 1980. L\u2019occasion de danser, s\u2019amuser et profiter des musiques qui traversent les g\u00e9n\u00e9rations depuis des d\u00e9cennies avec DJ VAB aux platines.<\/p>\n<p>Pr\u00e9ventes gratuites \u00e0 r\u00e9server. Morex Custom house, 11, rue du lieutenant Colonel Dubois, zone route de Lorient, Rennes.<\/p>\n<p>Films de No\u00ebl toute la journ\u00e9e, pour tous les \u00e2ges, \u00e0 l\u2019Arvor<\/p>\n<p class=\" wall-content\">Dimanche 21\u00a0d\u00e9cembre, le cin\u00e9ma Arvor propose une journ\u00e9e sp\u00e9ciale films de No\u00ebl pour tous les \u00e2ges. Au programme\u2009:<\/p>\n<ul class=\" wall-content\">\n<li>10h30, L\u2019Enfant au grelot de Jacques-R\u00e9my Girerd\u2009;<\/li>\n<li>11h, Happy feet de George Miller\u2009;<\/li>\n<li>13h45, Les 4 filles du Docteur March de Greta Gerwig\u2009;<\/li>\n<li>15h30, Ernest et C\u00e9lestine en hiver\u2009;<\/li>\n<li>17h45, Carol de Todd Haynes\u2009;<\/li>\n<li>20h30, Fargo des Fr\u00e8res Coen\u2009;<\/li>\n<\/ul>\n<p>    <a href=\"https:\/\/www.facebook.com\/plugins\/post.php?href=https%3A%2F%2Fwww.facebook.com%2FCinemaArvor%2Fposts%2Fpfbid0UFr3GkStTsFDEVUFFLEUDKjhzhiFMK1k9hzz7FFCmUi8WK115vryYJ1xzXXd4CXFl&amp;show_text=true&amp;width=350\" title=\"Ouvrie le lien\" target=\"_blank\" rel=\"noopener\">Cliquez ici pour visualiser le contenu<\/a><\/p>\n<p>Cin\u00e9ma Arvor, dimanche 21\u00a0d\u00e9cembre. <a href=\"https:\/\/www.cinema-arvor.fr\/evenement\/2194599-noel-a-l-arvor-sous-la-neige?fbclid=IwY2xjawOyQ8ZleHRuA2FlbQIxMABicmlkETE3Z1ROT2lSUzNTZ0FXUjF2c3J0YwZhcHBfaWQQMjIyMDM5MTc4ODIwMDg5MgABHo8ZqSHqob7Kjci4y41YqioAGVTIFVIpUb15wsi9ELkew62VVRFmqFvrG7V9_aem_0U6hFIubnR8JmMPcM_YweA\" target=\"_blank\" rel=\"noopener\">R\u00e9servation en ligne<\/a>.Christmast Running \u00e0 l\u2019Intersport de Pac\u00e9<\/p>\n<p class=\" wall-content\">Comme chaque ann\u00e9e, le<strong> magasin Intersport de Pac\u00e9<\/strong> organise sa Christmast Runnning, <strong>dimanche 21\u00a0d\u00e9cembre, \u00e0 10h<\/strong>.<\/p>\n<p class=\" wall-content\">Pour \u00eatre consid\u00e9r\u00e9 comme inscrit \u00e0 l\u2019\u00e9v\u00e9nement, rien de plus simple\u2009: indiquez-le sur la <a href=\"https:\/\/www.facebook.com\/events\/886147627282175\/?acontext=%7B%22ref%22%3A%2252%22%2C%22action_history%22%3A%22%5B%7B%5C%22surface%5C%22%3A%5C%22share_link%5C%22%2C%5C%22mechanism%5C%22%3A%5C%22share_link%5C%22%2C%5C%22extra_data%5C%22%3A%7B%5C%22invite_link_id%5C%22%3A868964899151309%7D%7D%5D%22%7D\" target=\"_blank\" rel=\"noopener\">page Facebook <\/a><a href=\"https:\/\/www.facebook.com\/events\/886147627282175\/?acontext=%7B%22ref%22%3A%2252%22%2C%22action_history%22%3A%22%5B%7B%5C%22surface%5C%22%3A%5C%22share_link%5C%22%2C%5C%22mechanism%5C%22%3A%5C%22share_link%5C%22%2C%5C%22extra_data%5C%22%3A%7B%5C%22invite_link_id%5C%22%3A868964899151309%7D%7D%5D%22%7D\" target=\"_blank\" rel=\"noopener\">de l\u2019\u00e9v\u00e9nement<\/a> en cliquant sur le bouton \u00ab\u2009Je participe\u2009\u00bb. L\u2019organisation se basera sur le nombre de participants pour bien organiser la course.<\/p>\n<p>    <a href=\"https:\/\/www.facebook.com\/plugins\/post.php?href=https%3A%2F%2Fwww.facebook.com%2FINTERSPORTPace35%2Fposts%2Fpfbid02WG9uvbyoazWCh2T8BBRZde3atjgP8wnsfSLZtAmsNTmNh593e82hDYJeqwXzra3Cl&amp;show_text=true&amp;width=350\" title=\"Ouvrie le lien\" target=\"_blank\" rel=\"noopener\">Cliquez ici pour visualiser le contenu<\/a><\/p>\n<p class=\" wall-content\">Cette derni\u00e8re, d\u2019une distance de<strong> 7\u00a0km accessible<\/strong> \u00e0 toutes et tous, sera suivie d\u2019une <strong>collation offerte<\/strong> et d\u2019un testing d\u2019Overstim. s et BV Sport pour d\u00e9couvrir le meilleur du running.<\/p>\n<p class=\" wall-content\">Personnalisez votre actualit\u00e9 en ajoutant vos villes et m\u00e9dias en favori avec <a href=\"https:\/\/moncompte.actu.fr\" title=\"D\u00e9couvez Mon Actu\" rel=\"nofollow noopener\" data-trk=\"{&quot;cta&quot;:{&quot;action&quot;:&quot;https:\\\/\\\/moncompte.actu.fr&quot;,&quot;category&quot;:&quot;mon compte&quot;,&quot;from&quot;:&quot;article footer&quot;,&quot;name&quot;:&quot;Mon actu&quot;,&quot;type&quot;:&quot;cta&quot;}}\" target=\"_blank\">Mon Actu<\/a>.<\/p>\n<p>                    <script async src=\"\/\/www.instagram.com\/embed.js\"><\/script><\/p>\n","protected":false},"excerpt":{"rendered":"Par Brian Le Goff Publi\u00e9 le 19 d\u00e9c. 2025 \u00e0 18h07 D\u00e9but des projections monumentales sur l\u2019H\u00f4tel de&hellip;\n","protected":false},"author":2,"featured_media":610666,"comment_status":"","ping_status":"","sticky":false,"template":"","format":"standard","meta":{"footnotes":""},"categories":[2821],"tags":[1111,11,829,650,1697,1777,674,1011,27,1652,12,584,25],"class_list":{"0":"post-610665","1":"post","2":"type-post","3":"status-publish","4":"format-standard","5":"has-post-thumbnail","7":"category-rennes","8":"tag-actu","9":"tag-actualites","10":"tag-bretagne","11":"tag-cinema","12":"tag-concert","13":"tag-eu","14":"tag-europe","15":"tag-fr","16":"tag-france","17":"tag-loisirs-culture","18":"tag-news","19":"tag-rennes","20":"tag-republique-francaise"},"share_on_mastodon":{"url":"https:\/\/pubeurope.com\/@fr\/115749162035515096","error":""},"_links":{"self":[{"href":"https:\/\/www.europesays.com\/fr\/wp-json\/wp\/v2\/posts\/610665","targetHints":{"allow":["GET"]}}],"collection":[{"href":"https:\/\/www.europesays.com\/fr\/wp-json\/wp\/v2\/posts"}],"about":[{"href":"https:\/\/www.europesays.com\/fr\/wp-json\/wp\/v2\/types\/post"}],"author":[{"embeddable":true,"href":"https:\/\/www.europesays.com\/fr\/wp-json\/wp\/v2\/users\/2"}],"replies":[{"embeddable":true,"href":"https:\/\/www.europesays.com\/fr\/wp-json\/wp\/v2\/comments?post=610665"}],"version-history":[{"count":0,"href":"https:\/\/www.europesays.com\/fr\/wp-json\/wp\/v2\/posts\/610665\/revisions"}],"wp:featuredmedia":[{"embeddable":true,"href":"https:\/\/www.europesays.com\/fr\/wp-json\/wp\/v2\/media\/610666"}],"wp:attachment":[{"href":"https:\/\/www.europesays.com\/fr\/wp-json\/wp\/v2\/media?parent=610665"}],"wp:term":[{"taxonomy":"category","embeddable":true,"href":"https:\/\/www.europesays.com\/fr\/wp-json\/wp\/v2\/categories?post=610665"},{"taxonomy":"post_tag","embeddable":true,"href":"https:\/\/www.europesays.com\/fr\/wp-json\/wp\/v2\/tags?post=610665"}],"curies":[{"name":"wp","href":"https:\/\/api.w.org\/{rel}","templated":true}]}}