{"id":610671,"date":"2025-12-20T00:55:21","date_gmt":"2025-12-20T00:55:21","guid":{"rendered":"https:\/\/www.europesays.com\/fr\/610671\/"},"modified":"2025-12-20T00:55:21","modified_gmt":"2025-12-20T00:55:21","slug":"communique-officiel-marcus-keene-et-gabe-brown","status":"publish","type":"post","link":"https:\/\/www.europesays.com\/fr\/610671\/","title":{"rendered":"Communiqu\u00e9 officiel : Marcus Keene et Gabe Brown"},"content":{"rendered":"<p class=\"text-align-justify chapo\">La Commission Juridique, de Discipline et des R\u00e8glements a rendu son verdict et suspend <strong>Marcus Keene <\/strong>pour deux (2) rencontres\u00a0et <strong>Gabe Brown<\/strong> de deux (2) rencontres de suspension ferme assorties de deux (2) rencontres avec sursis.<\/p>\n<p>\u00c0 la suite des incidents qui se sont d\u00e9roul\u00e9s lors de la neuvi\u00e8me journ\u00e9e de Betclic ELITE (ELAN Chalon vs SIG Strasbourg) et \u00e0 la suite de la saisine du Pr\u00e9sident de la Commission sportive de la LNB, une proc\u00e9dure disciplinaire a \u00e9t\u00e9 ouverte \u00e0 l\u2019encontre de Monsieur <strong>Marcus KEENE<\/strong>, joueur de l\u2019\u00e9quipe de STRASBOURG,\u00a0conform\u00e9ment \u00e0 l\u2019article 381 des r\u00e8glements de la LNB.<br \/>\nPar ces motifs, vu le R\u00e8glement disciplinaire de la Ligue Nationale de Basket, la Commission Juridique, de Discipline et des R\u00e8glements d\u00e9cide de prononcer \u00e0 l&rsquo;encontre de Marcus KEENE deux (2) matchs de suspension ferme.<br \/>\nLes deux matchs de suspension ferme sont fix\u00e9s lors des rencontres suivantes :<br \/>\n&#8211; J15 de Betclic ELITE \u2013 JL BOURG \/ SIG STRASBOURG (10\/01\/2026)<br \/>\n&#8211; J13 de Betclic ELITE \u2013 PARIS BASKETBALL \/ SIG STRASBOURG (13\/01\/2026)<br \/>\nLe club de la SIG Strasbourg ne formera pas appel devant la Chambre d&rsquo;Appel de la F\u00e9d\u00e9ration Fran\u00e7aise de Basket. Marcus Keene a tenu \u00e0 s&rsquo;exprimer \u00e0 ce sujet :<br \/>\nMK : \u00ab\u00a0Je tiens \u00e0 m\u2019excuser sinc\u00e8rement pour mon geste. En tant que joueur, je dois \u00eatre exemplaire, sur et en dehors du terrain, et je n\u2019ai pas \u00e9t\u00e9 \u00e0 la hauteur. J\u2019esp\u00e8re que vous, les fans, continuerez \u00e0 nous soutenir et \u00e0 croire en cette \u00e9quipe. Merci pour votre soutien.\u00a0\u00bb<\/p>\n<p>\u00a0<\/p>\n<p>A la suite des incidents qui se sont d\u00e9roul\u00e9s lors de la rencontre de Betclic ELITE susvis\u00e9e, \u00e0 la suite de la faute disqualifiante avec rapport prononc\u00e9e \u00e0 l\u2019encontre de M. <strong>Gabriel BROWN<\/strong>, joueur de l\u2019\u00e9quipe de STRASBOURG, et \u00e0 la suite des rapports des officiels du match, une proc\u00e9dure disciplinaire a \u00e9t\u00e9 ouverte \u00e0 l\u2019encontre du Joueur, conform\u00e9ment \u00e0 l\u2019article 381 du R\u00e8glement disciplinaire de la Ligue Nationale de Basket.<br \/>\nPar ces motifs, vu le R\u00e8glement disciplinaire de la Ligue Nationale de Basket, et plus particuli\u00e8rement son article 372.1, vu l\u2019annexe 2 relative au bar\u00e8me disciplinaire, la Commission d\u00e9cide de prononcer \u00e0 l&rsquo;encontre de Monsieur Gabriel BROWN une suspension de deux (2) matchs fermes et une suspension de deux (2) matchs assortis de sursis.<br \/>\nLes deux matchs de suspension fermes sont fix\u00e9s lors des rencontres suivantes :<br \/>\n&#8211;\u00a0J12 de Betclic ELITE \u2013 SIG STRASBOURG \/ SAINT-QUENTIN BASKETBALL (21\/12\/2025)<br \/>\n&#8211;\u00a0J14 de Betclic ELITE \u2013 SIG STRASBOURG \/ LIMOGES CSP (26\/12\/2025)<br \/>\nNous vous informons que le club de la SIG Strasbourg avait interjet\u00e9 appel devant la Chambre d&rsquo;Appel de la F\u00e9d\u00e9ration Fran\u00e7aise de Basket. Dans le cadre de ce recours, la SIG Strasbourg avait sollicit\u00e9 l\u2019effet suspensif de l\u2019appel, lequel a \u00e9t\u00e9 accord\u00e9. Gabe Brown pourra ainsi disputer les prochaines rencontres de Betclic ELITE jusqu\u2019\u00e0 la notification de la d\u00e9cision de la Chambre d\u2019appel, laquelle devrait se r\u00e9unir mi-janvier (date \u00e0 confirmer).<\/p>\n","protected":false},"excerpt":{"rendered":"La Commission Juridique, de Discipline et des R\u00e8glements a rendu son verdict et suspend Marcus Keene pour deux&hellip;\n","protected":false},"author":2,"featured_media":610672,"comment_status":"","ping_status":"","sticky":false,"template":"","format":"standard","meta":{"footnotes":""},"categories":[2820],"tags":[1111,11,3146,1777,674,1011,27,775,3145,12,25,3144,640],"class_list":{"0":"post-610671","1":"post","2":"type-post","3":"status-publish","4":"format-standard","5":"has-post-thumbnail","7":"category-strasbourg","8":"tag-actu","9":"tag-actualites","10":"tag-betclic-elite","11":"tag-eu","12":"tag-europe","13":"tag-fr","14":"tag-france","15":"tag-grand-est","16":"tag-lnb","17":"tag-news","18":"tag-republique-francaise","19":"tag-sig","20":"tag-strasbourg"},"share_on_mastodon":{"url":"https:\/\/pubeurope.com\/@fr\/115749173884141013","error":""},"_links":{"self":[{"href":"https:\/\/www.europesays.com\/fr\/wp-json\/wp\/v2\/posts\/610671","targetHints":{"allow":["GET"]}}],"collection":[{"href":"https:\/\/www.europesays.com\/fr\/wp-json\/wp\/v2\/posts"}],"about":[{"href":"https:\/\/www.europesays.com\/fr\/wp-json\/wp\/v2\/types\/post"}],"author":[{"embeddable":true,"href":"https:\/\/www.europesays.com\/fr\/wp-json\/wp\/v2\/users\/2"}],"replies":[{"embeddable":true,"href":"https:\/\/www.europesays.com\/fr\/wp-json\/wp\/v2\/comments?post=610671"}],"version-history":[{"count":0,"href":"https:\/\/www.europesays.com\/fr\/wp-json\/wp\/v2\/posts\/610671\/revisions"}],"wp:featuredmedia":[{"embeddable":true,"href":"https:\/\/www.europesays.com\/fr\/wp-json\/wp\/v2\/media\/610672"}],"wp:attachment":[{"href":"https:\/\/www.europesays.com\/fr\/wp-json\/wp\/v2\/media?parent=610671"}],"wp:term":[{"taxonomy":"category","embeddable":true,"href":"https:\/\/www.europesays.com\/fr\/wp-json\/wp\/v2\/categories?post=610671"},{"taxonomy":"post_tag","embeddable":true,"href":"https:\/\/www.europesays.com\/fr\/wp-json\/wp\/v2\/tags?post=610671"}],"curies":[{"name":"wp","href":"https:\/\/api.w.org\/{rel}","templated":true}]}}