{"id":610673,"date":"2025-12-20T00:56:13","date_gmt":"2025-12-20T00:56:13","guid":{"rendered":"https:\/\/www.europesays.com\/fr\/610673\/"},"modified":"2025-12-20T00:56:13","modified_gmt":"2025-12-20T00:56:13","slug":"le-plus-grand-centre-nautique-de-la-cote-dazur-pourrait-fermer-definitivement-ses-portes-des-ce-lundi-22-decembre-2025-on-vous-explique-pourquoi","status":"publish","type":"post","link":"https:\/\/www.europesays.com\/fr\/610673\/","title":{"rendered":"Le plus grand centre nautique de la C\u00f4te d\u2019Azur pourrait fermer d\u00e9finitivement ses portes d\u00e8s ce lundi 22 d\u00e9cembre 2025, on vous explique pourquoi"},"content":{"rendered":"<p class=\"fs-5 \">Coup de tonnerre sur la baie des anges. Le Club Var Mer, plus grand centre nautique de la C\u00f4te d\u2019Azur situ\u00e9 \u00e0 Saint-Laurent-du-Var, et qui compte quelque 300 adh\u00e9rents, va-t-il dispara\u00eetre ?<\/p>\n<p class=\"fs-5 \">Ferm\u00e9 administrativement en avril 2025 par la mairie pour des probl\u00e8mes de s\u00e9curit\u00e9, apr\u00e8s un avis d\u00e9favorable d\u2019une sous-commission pr\u00e9fectorale, le club \u2013 dont l\u2019histoire remonte \u00e0 1930 \u2013 <a href=\"https:\/\/www.nicematin.com\/societe\/vie-locale\/ferme-administrativement-pour-des-problemes-de-securite-le-club-var-mer-n-a-en-fait-jamais-ferme-a-saint-laurent-du-var-10649812\" target=\"_blank\" rel=\"noopener\">avait continu\u00e9 \u00e0 fonctionner,<\/a> tout en engageant des travaux pour se mettre aux normes. En vain semble-t-il, puisque ladite commission a de nouveau \u00e9mis un avis d\u00e9favorable \u00e0 sa r\u00e9ouverture le 9 d\u00e9cembre.<\/p>\n<p class=\"fs-5 \"><a href=\"https:\/\/www.nicematin.com\/societe\/vie-locale\/je-veux-bien-qu-il-y-ait-un-principe-de-precaution-mais-il-faut-savoir-rester-raisonnable-le-club-var-mer-a-saint-laurent-du-var-encore-une-fois-menace-de-fermeture-10661506\" target=\"_blank\" rel=\"noopener\">La commune avait initialement pr\u00e9vu de prendre un nouvel arr\u00eat\u00e9 municipal de fermeture ce mercredi 17 d\u00e9cembre, mais l\u2019\u00e9ch\u00e9ance a \u00e9t\u00e9 report\u00e9e sans explication.<\/a> Une r\u00e9union a eu lieu en mairie avec le secr\u00e9taire g\u00e9n\u00e9ral du club ce vendredi 19 d\u00e9cembre matin pour, semble-t-il, tenter d\u2019arrondir les angles, mais \u00e7a ne s\u2019est pas tr\u00e8s bien pass\u00e9, de l\u2019avis du pr\u00e9sident du club R\u00e9gis Peurey.<\/p>\n<p class=\"fs-5 \">\u00ab C\u2019est pire qu\u2019avant, ils ont tout mis sur le dos de la DDTM(1), qui dit qu\u2019on n\u2019a pas le droit d\u2019\u00eatre l\u00e0 parce que c\u2019est class\u00e9 en zone rouge submersion, et donc la pr\u00e9fecture nous demande de ne plus exploiter le club \u00bb, se d\u00e9sole-t-il, un peu sous le choc. \u00ab La police municipale doit venir ce lundi 22 d\u00e9cembre au matin avec l\u2019arr\u00eat\u00e9 municipal de fermeture d\u00e9finitive et de la rubalise, mais on ne va pas se laisser faire, on va appeler un huissier, ajoute-t-il. On a d\u00e9pens\u00e9 plus de 15 000 euros pour faire des travaux sur la s\u00e9curit\u00e9, et maintenant on nous dit que le probl\u00e8me, c\u2019est le classement en zone rouge. C\u2019est incompr\u00e9hensible. \u00bb<\/p>\n<p>                                                                                Zone rouge submersion<\/p>\n<p class=\"fs-5 \">Les environs de l\u2019embouchure du Var sont en effet pass\u00e9 en zone rouge submersion en 2024, apr\u00e8s une mise \u00e0 jour de la cartographie des risques naturels dans les Alpes-Maritimes. En clair, la l\u00e9gislation s\u2019est durcie, et les structures vieillissantes du club sont devenues obsol\u00e8tes.<\/p>\n<p class=\"fs-5 \">De plus, pour ne rien arranger \u00e0 la chose, la sous-commission avait point\u00e9 du doigt dans son rapport du 1er avril \u00ab un flou sur le statut administratif du terrain, des locaux, ainsi que sur la responsabilit\u00e9 des travaux d\u2019entretien \u00e0 effectuer \u00bb. Et demandait \u00ab \u00e0 l\u2019exploitant d\u2019apporter des preuves factuelles concernant les actes de propri\u00e9t\u00e9. \u00bb<\/p>\n<p class=\"fs-5 \"><a href=\"https:\/\/www.nicematin.com\/societe\/urbanisme\/des-reparations-illegales-un-opposant-depose-plainte-contre-la-mairie-de-saint-laurent-du-var-pour-des-travaux-au-club-nautique-987543\" target=\"_blank\" rel=\"noopener\">L\u2019opposant Patrick Villardry avait d\u2019ailleurs port\u00e9 plainte au titre de l\u2019article 40 apr\u00e8s que la municipalit\u00e9 avait engag\u00e9 des travaux dans le club \u2013 entre 15 000 et 30 000 euros selon les versions \u2013, \u00e0 la suite du conseil municipal du 28 avril 2025.<\/a> Arguant que la Ville n\u2019\u00e9tait pas gestionnaire des terrains, et que cela pouvait \u00eatre assimil\u00e9 \u00e0 un \u00ab d\u00e9tournement de fonds publics pour une entreprise priv\u00e9e, avec abus de pouvoir et prise ill\u00e9gale d\u2019int\u00e9r\u00eats \u00bb.<\/p>\n<p class=\"fs-5 \">Avec en filigrane une question essentielle : \u00e0 qui appartient le terrain sur lequel se trouve le centre nautique ? D\u00e9but de r\u00e9ponse sur l\u2019arr\u00eat\u00e9 municipal de fermeture en date du 23 avril 2025, o\u00f9 il est marqu\u00e9 que le Club Var Mer est \u00ab sis au 260 promenade du Commandant Jacques-Yves Cousteau \u00e0 Saint-Laurent-du-Var (parcelle non cadastr\u00e9e &#8211; domaine maritime) \u00bb. Laissant ainsi entendre que le club est install\u00e9 sur le domaine public maritime, ce qui n\u00e9cessite une autorisation d\u2019occupation temporaire d\u00e9livr\u00e9e par l\u2019\u00c9tat&#8230;<\/p>\n<p>                                                                                \u00ab La p\u00e9rennit\u00e9 \u00e9conomique du club est menac\u00e9e \u00bb<\/p>\n<p class=\"fs-5 \">\u00ab Suite \u00e0 l\u2019avis d\u00e9favorable de la sous-commission de s\u00e9curit\u00e9, la Commune n\u2019a pas d\u2019autre choix que de prendre un arr\u00eat\u00e9 de maintien de la fermeture du site, fermeture qui n\u2019est pas d\u00e9finitive puisqu\u2019elle est conditionn\u00e9e \u00e0 la lev\u00e9e des prescriptions \u00e9nonc\u00e9es dans l\u2019avis, r\u00e9pond \u00e0 Nice-Matin la commune de Saint-Laurent-du-Var ce vendredi 19 d\u00e9cembre. Cependant le club Var Mer ne peut pas continuer \u00e0 l\u2019exploiter et sa p\u00e9rennit\u00e9 \u00e9conomique est menac\u00e9e, car la principale de ces prescriptions ne peut pas \u00eatre lev\u00e9e avant plusieurs mois voire une ann\u00e9e ou plus. \u00bb<\/p>\n<p>        <img src=\"https:\/\/www.europesays.com\/fr\/wp-content\/uploads\/2025\/12\/1a51cee_upload-from-url-1-92aohodt8j13-data-art-16571672.jpg\"   loading=\"lazy\" decoding=\"async\" alt=\"Des p\u00eacheurs \u00e9taient pr\u00e9sents dans la zone interdite le 20\u00a0ao\u00fbt 2025.\" class=\"img-fluid position-absolute w-100 object-fit-cover rounded-2\" width=\"600\" height=\"400\"\/><\/p>\n<p class=\"fs-5 \">Une nouvelle fermeture qui concernera cette fois l\u2019int\u00e9gralit\u00e9 du club. \u00ab L\u2019arr\u00eat\u00e9 confirmant le maintien de la fermeture de l\u2019ensemble du site (et non pas seulement des locaux) [&#8230;] va \u00eatre notifi\u00e9 dans les prochains jours au club. \u00bb La Ville de Saint-Laurent-du-Var d\u00e9veloppe : \u00ab Les motifs [de la sous-commission] sont cumulatifs, et d\u00e9passent d\u00e9sormais la seule question des travaux. Le contexte de risque (zone de submersion \/ zonage) p\u00e8se dans l\u2019analyse globale de s\u00e9curit\u00e9 [&#8230;] ; ainsi que l\u2019absence d\u2019autorisation d\u2019occupation r\u00e9guli\u00e8re du site (domaine public maritime) : les services de l\u2019\u00c9tat ont refus\u00e9 cette autorisation, puisqu\u2019elle doit faire l\u2019objet au pr\u00e9alable d\u2019une proc\u00e9dure de publicit\u00e9 et de s\u00e9lection, s\u2019agissant d\u2019une activit\u00e9 \u00e9conomique. \u00bb<\/p>\n<p>                                                                                \u00ab Une fusion avec l\u2019Agasc n\u2019est plus d\u2019actualit\u00e9 \u00bb<\/p>\n<p class=\"fs-5 \">Quid du serpent de mer de la fusion avec le centre nautique de l\u2019Agasc, association historiquement tr\u00e8s proche de la municipalit\u00e9 ? \u00ab Dans l\u2019imm\u00e9diat, ce sc\u00e9nario n\u2019est plus d\u2019actualit\u00e9, r\u00e9pond la Ville. L\u2019Agasc s\u2019est organis\u00e9e autrement et, surtout, le contexte r\u00e9glementaire impose d\u00e9sormais un cadre tr\u00e8s strict : \u00e0 supposer qu\u2019une activit\u00e9 puisse \u00eatre relanc\u00e9e un jour sur ce site, cela passerait par des proc\u00e9dures encadr\u00e9es. La Ville reste ouverte \u00e0 toute solution p\u00e9renne et conforme, mais ne peut ni \u2018\u2018d\u00e9cr\u00e9ter\u2019\u2019 une fusion ni une reprise par une autre association, ni contourner le cadre l\u00e9gal. \u00bb<\/p>\n<p class=\"fs-5 \">Quant aux travaux r\u00e9alis\u00e9s d\u00e9but 2024 par la mairie, \u00ab ils l\u2019ont \u00e9t\u00e9 pour r\u00e9pondre \u00e0 une urgence sanitaire et de s\u00e9curit\u00e9 et prot\u00e9ger les usagers : c\u2019\u00e9tait une d\u00e9marche responsable, attendue, et n\u00e9cessaire \u00e0 ce moment-l\u00e0. Elle a conduit la commune \u00e0 informer le club de la v\u00e9tust\u00e9 des b\u00e2timents et \u00e0 lui proposer un partenariat avec l\u2019Agasc. Le club a cependant d\u00e9clin\u00e9 cette proposition, convaincu du bon \u00e9tat de ses installations et de l\u2019absence de difficult\u00e9s d\u2019ordre juridique pour l\u2019occupation des lieux. Il a pr\u00e9f\u00e9r\u00e9 solliciter le passage de la sous-commission de s\u00e9curit\u00e9 pour confirmer cette opinion. \u00bb<\/p>\n<p class=\"fs-5 \">1. La direction d\u00e9partementale des territoires et de la mer.<\/p>\n","protected":false},"excerpt":{"rendered":"Coup de tonnerre sur la baie des anges. Le Club Var Mer, plus grand centre nautique de la&hellip;\n","protected":false},"author":2,"featured_media":610674,"comment_status":"","ping_status":"","sticky":false,"template":"","format":"standard","meta":{"footnotes":""},"categories":[2819],"tags":[1111,11,1777,674,1011,27,12,2401,882,25],"class_list":{"0":"post-610673","1":"post","2":"type-post","3":"status-publish","4":"format-standard","5":"has-post-thumbnail","7":"category-nice","8":"tag-actu","9":"tag-actualites","10":"tag-eu","11":"tag-europe","12":"tag-fr","13":"tag-france","14":"tag-news","15":"tag-nice","16":"tag-provence-alpes-cote-dazur","17":"tag-republique-francaise"},"share_on_mastodon":{"url":"https:\/\/pubeurope.com\/@fr\/115749177913076464","error":""},"_links":{"self":[{"href":"https:\/\/www.europesays.com\/fr\/wp-json\/wp\/v2\/posts\/610673","targetHints":{"allow":["GET"]}}],"collection":[{"href":"https:\/\/www.europesays.com\/fr\/wp-json\/wp\/v2\/posts"}],"about":[{"href":"https:\/\/www.europesays.com\/fr\/wp-json\/wp\/v2\/types\/post"}],"author":[{"embeddable":true,"href":"https:\/\/www.europesays.com\/fr\/wp-json\/wp\/v2\/users\/2"}],"replies":[{"embeddable":true,"href":"https:\/\/www.europesays.com\/fr\/wp-json\/wp\/v2\/comments?post=610673"}],"version-history":[{"count":0,"href":"https:\/\/www.europesays.com\/fr\/wp-json\/wp\/v2\/posts\/610673\/revisions"}],"wp:featuredmedia":[{"embeddable":true,"href":"https:\/\/www.europesays.com\/fr\/wp-json\/wp\/v2\/media\/610674"}],"wp:attachment":[{"href":"https:\/\/www.europesays.com\/fr\/wp-json\/wp\/v2\/media?parent=610673"}],"wp:term":[{"taxonomy":"category","embeddable":true,"href":"https:\/\/www.europesays.com\/fr\/wp-json\/wp\/v2\/categories?post=610673"},{"taxonomy":"post_tag","embeddable":true,"href":"https:\/\/www.europesays.com\/fr\/wp-json\/wp\/v2\/tags?post=610673"}],"curies":[{"name":"wp","href":"https:\/\/api.w.org\/{rel}","templated":true}]}}