{"id":610675,"date":"2025-12-20T00:57:16","date_gmt":"2025-12-20T00:57:16","guid":{"rendered":"https:\/\/www.europesays.com\/fr\/610675\/"},"modified":"2025-12-20T00:57:16","modified_gmt":"2025-12-20T00:57:16","slug":"le-traquenard-de-rivere-denonce-sur-lequipe","status":"publish","type":"post","link":"https:\/\/www.europesays.com\/fr\/610675\/","title":{"rendered":"Le traquenard de Riv\u00e8re d\u00e9nonc\u00e9 sur L&rsquo;Equipe"},"content":{"rendered":"<p><b>Dans un OGC Nice en pleine crise, Fabrice Bocquet a quitt\u00e9 le poste de pr\u00e9sident du club ce vendredi. En duo avec Maurice Cohen, Jean-Pierre Riv\u00e8re est revenu aux affaires pour la troisi\u00e8me fois. Un retour surprise qui serait bien pr\u00e9m\u00e9dit\u00e9 selon Lo\u00efc Tanzi.<\/b><\/p>\n<p>Apr\u00e8s 9 d\u00e9faites de suite toutes comp\u00e9titions confondues, le fusible ni\u00e7ois a saut\u00e9. La personne sacrifi\u00e9e n&rsquo;\u00e9tait pas l&rsquo;entra\u00eeneur Franck Haise mais plut\u00f4t son pr\u00e9sident Fabrice Bocquet. Nomm\u00e9 l&rsquo;\u00e9t\u00e9 dernier, il quitte l&rsquo;<a href=\"https:\/\/www.foot01.com\/nice\" target=\"_self\" rel=\"noopener\">OGC Nice<\/a> d&rsquo;un commun accord avec l&rsquo;actionnaire britannique Ineos. Pour le remplacer, le club azur\u00e9en n&rsquo;a pas \u00e9t\u00e9 tr\u00e8s original. Deux anciens pr\u00e9sidents se sont unis pour diriger le Gym. Patron du club de 2002 \u00e0 2009, Maurice Cohen sera vice-pr\u00e9sident d\u00e9l\u00e9gu\u00e9. Jean-Pierre Riv\u00e8re redevient pr\u00e9sident pour un troisi\u00e8me mandat alors que le deuxi\u00e8me s&rsquo;\u00e9tait achev\u00e9 en ao\u00fbt dernier.L&rsquo;OGCN et la mairie, le plan de Riv\u00e8re d\u00e9voil\u00e9En conf\u00e9rence de presse, Riv\u00e8re a donn\u00e9 les raisons de son retour. D\u00e9sesp\u00e9r\u00e9 de voir Nice peiner cette saison, il a confi\u00e9 vouloir \u00ab faire quelque chose pour le club\u00a0\u00bb actuellement 13e<br \/>\nde <a href=\"https:\/\/www.foot01.com\/ligue1\" title=\"Ligue 1\" target=\"_blank\" rel=\"noopener\">Ligue 1<\/a>. Il se dit\u00a0\u00ab en mission jusqu\u2019\u00e0 la fin du championnat<br \/>\nactuel \u00bb, assurant cette t\u00e2che \u00e0 titre b\u00e9n\u00e9vole. Un retour en bon<br \/>\nsamaritain qui ne dupe pas Lo\u00efc Tanzi. Suiveur averti des Aiglons, le journaliste de L&rsquo;Equipe a attaqu\u00e9 le nouveau pr\u00e9sident du Gym. Il indique que Riv\u00e8re avait pr\u00e9par\u00e9 son coup, suivant un double objectif : racheter le club dans le futur et prendre la mairie de Nice aux c\u00f4t\u00e9s d&rsquo;Eric Ciotti.<\/p>\n<p>\u00ab Tout ce qu\u2019il a fait c\u2019est savonner la planche de Fabrice<br \/>\nBocquet, d\u2019Ineos depuis le d\u00e9but.<br \/>\nAujourd\u2019hui, Jean-Pierre Riv\u00e8re c\u2019est juste un homme qui veut<br \/>\nexister via l\u2019OGC Nice, qui veut essayer de racheter Nice via des<br \/>\nentrepreneurs et \u00e7a il ne le dit pas. [\u2026] Il revient dans un club<br \/>\no\u00f9 il a \u00e9t\u00e9 voir les supporters il y a 2 semaines pour dire que<br \/>\nl\u2019actionnaire faisait n\u2019importe quoi. Aujourd\u2019hui, il a<br \/>\ndit\u00a0\u00ab\u00a0J\u2019ai appel\u00e9 Jim Ratcliffe pour dire est-ce que<br \/>\nvous avez besoin de moi\u00a0\u00bb. En fait, il fait tout en coulisses<br \/>\ndepuis des semaines, il n\u2019est jamais parti du club. Et surtout, il n\u2019a pas d\u2019ambitions politiques&#8230; Il ne revient pas<br \/>\npour se remettre sur le devant de la sc\u00e8ne et pour gagner derri\u00e8re<br \/>\nles municipales&#8230; Tout est calcul\u00e9\u00a0\u00bb, a t-il l\u00e2ch\u00e9 sur La Cha\u00eene L&rsquo;Equipe.<\/p>\n<p>De quoi semer le trouble sur la r\u00e9elle strat\u00e9gie de Jean-Pierre Riv\u00e8re \u00e0 l&rsquo;OGC Nice. N\u00e9anmoins, le sportif va vite d\u00e9terminer la pertinence de ce retour. Si les Aiglons renouent avec la victoire, notamment contre Saint-Etienne en coupe de France dimanche, le pr\u00e9sident ni\u00e7ois aura acquis la l\u00e9gitimit\u00e9 n\u00e9cessaire pour son court int\u00e9rim.<\/p>\n","protected":false},"excerpt":{"rendered":"Dans un OGC Nice en pleine crise, Fabrice Bocquet a quitt\u00e9 le poste de pr\u00e9sident du club ce&hellip;\n","protected":false},"author":2,"featured_media":610676,"comment_status":"","ping_status":"","sticky":false,"template":"","format":"standard","meta":{"footnotes":""},"categories":[2819],"tags":[1111,11,1777,674,1011,27,66,12,2401,2268,882,25],"class_list":{"0":"post-610675","1":"post","2":"type-post","3":"status-publish","4":"format-standard","5":"has-post-thumbnail","7":"category-nice","8":"tag-actu","9":"tag-actualites","10":"tag-eu","11":"tag-europe","12":"tag-fr","13":"tag-france","14":"tag-ligue-1","15":"tag-news","16":"tag-nice","17":"tag-ogc-nice","18":"tag-provence-alpes-cote-dazur","19":"tag-republique-francaise"},"share_on_mastodon":{"url":"https:\/\/pubeurope.com\/@fr\/115749181596037377","error":""},"_links":{"self":[{"href":"https:\/\/www.europesays.com\/fr\/wp-json\/wp\/v2\/posts\/610675","targetHints":{"allow":["GET"]}}],"collection":[{"href":"https:\/\/www.europesays.com\/fr\/wp-json\/wp\/v2\/posts"}],"about":[{"href":"https:\/\/www.europesays.com\/fr\/wp-json\/wp\/v2\/types\/post"}],"author":[{"embeddable":true,"href":"https:\/\/www.europesays.com\/fr\/wp-json\/wp\/v2\/users\/2"}],"replies":[{"embeddable":true,"href":"https:\/\/www.europesays.com\/fr\/wp-json\/wp\/v2\/comments?post=610675"}],"version-history":[{"count":0,"href":"https:\/\/www.europesays.com\/fr\/wp-json\/wp\/v2\/posts\/610675\/revisions"}],"wp:featuredmedia":[{"embeddable":true,"href":"https:\/\/www.europesays.com\/fr\/wp-json\/wp\/v2\/media\/610676"}],"wp:attachment":[{"href":"https:\/\/www.europesays.com\/fr\/wp-json\/wp\/v2\/media?parent=610675"}],"wp:term":[{"taxonomy":"category","embeddable":true,"href":"https:\/\/www.europesays.com\/fr\/wp-json\/wp\/v2\/categories?post=610675"},{"taxonomy":"post_tag","embeddable":true,"href":"https:\/\/www.europesays.com\/fr\/wp-json\/wp\/v2\/tags?post=610675"}],"curies":[{"name":"wp","href":"https:\/\/api.w.org\/{rel}","templated":true}]}}