{"id":610682,"date":"2025-12-20T01:02:17","date_gmt":"2025-12-20T01:02:17","guid":{"rendered":"https:\/\/www.europesays.com\/fr\/610682\/"},"modified":"2025-12-20T01:02:17","modified_gmt":"2025-12-20T01:02:17","slug":"previsions-du-samedi-20-decembre-2025","status":"publish","type":"post","link":"https:\/\/www.europesays.com\/fr\/610682\/","title":{"rendered":"pr\u00e9visions du samedi 20 d\u00e9cembre 2025"},"content":{"rendered":"<p>Aujourd&rsquo;hui, Bordeaux devra encore attendre avant que les nuages ne se dissipent. Le temps sera ponctu\u00e9 par des pluies \u00e9parses. On anticipe des valeurs avoisinant 12\u00b0C. Les temp\u00e9ratures s&rsquo;\u00e9chelonneront entre 10 et 12\u00b0C le matin. Une petite brise de sud-est sera ressentie par les habitants. Les nuages en pr\u00e9vision l&rsquo;apr\u00e8s-midi, et un ciel encore gris. Les maximales atteindront les 14\u00b0C alors que les minimales seront de 11\u00b0C. On notera la pr\u00e9sence persistante de nuages le soir. Des pluies \u00e9parses vont tomber. Les temp\u00e9ratures avoisineront les 10\u00b0C. C&rsquo;est un ciel pluvieux que conna\u00eetra la nuit de samedi \u00e0 dimanche.<\/p>\n<p>Le soleil se fera d\u00e9sirer demain sur Bordeaux, o\u00f9 des nuages sont bien install\u00e9s. Une chute des temp\u00e9ratures est pr\u00e9vue. Les valeurs seront comprises entre 8 et 10\u00b0C. Mauvais temps : on pr\u00e9voit de la bruine pour le matin. Il va faire 9\u00b0C en moyenne. Un vent de sud-est soufflera doucement. Demain apr\u00e8s-midi, des nuages se montreront. Il va pleuvoir. Les temp\u00e9ratures afficheront entre 9\u00b0C et 10\u00b0C. Toujours de la grisaille demain soir. Les nuages vont stationner. De la pluie est pr\u00e9vue. Le thermom\u00e8tre affichera 8\u00b0C en moyenne. Un vent d&rsquo;ouest soufflera l\u00e9g\u00e8rement, avec 14 km\/h.<\/p>\n<p>La m\u00e9t\u00e9o des jours qui suivent va \u00e9voluer progressivement. Le temps se maintiendra lundi mais une am\u00e9lioration s&rsquo;ensuivra mardi.<\/p>\n<p><\/p>\n","protected":false},"excerpt":{"rendered":"Aujourd&rsquo;hui, Bordeaux devra encore attendre avant que les nuages ne se dissipent. Le temps sera ponctu\u00e9 par des&hellip;\n","protected":false},"author":2,"featured_media":610683,"comment_status":"","ping_status":"","sticky":false,"template":"","format":"standard","meta":{"footnotes":""},"categories":[2817],"tags":[1111,11,1997,1777,674,1011,27,12,2219,2119,25],"class_list":{"0":"post-610682","1":"post","2":"type-post","3":"status-publish","4":"format-standard","5":"has-post-thumbnail","7":"category-bordeaux","8":"tag-actu","9":"tag-actualites","10":"tag-bordeaux","11":"tag-eu","12":"tag-europe","13":"tag-fr","14":"tag-france","15":"tag-news","16":"tag-nouvelle-aquitaine","17":"tag-previsions-meteo","18":"tag-republique-francaise"},"share_on_mastodon":{"url":"https:\/\/pubeurope.com\/@fr\/115749201224371932","error":""},"_links":{"self":[{"href":"https:\/\/www.europesays.com\/fr\/wp-json\/wp\/v2\/posts\/610682","targetHints":{"allow":["GET"]}}],"collection":[{"href":"https:\/\/www.europesays.com\/fr\/wp-json\/wp\/v2\/posts"}],"about":[{"href":"https:\/\/www.europesays.com\/fr\/wp-json\/wp\/v2\/types\/post"}],"author":[{"embeddable":true,"href":"https:\/\/www.europesays.com\/fr\/wp-json\/wp\/v2\/users\/2"}],"replies":[{"embeddable":true,"href":"https:\/\/www.europesays.com\/fr\/wp-json\/wp\/v2\/comments?post=610682"}],"version-history":[{"count":0,"href":"https:\/\/www.europesays.com\/fr\/wp-json\/wp\/v2\/posts\/610682\/revisions"}],"wp:featuredmedia":[{"embeddable":true,"href":"https:\/\/www.europesays.com\/fr\/wp-json\/wp\/v2\/media\/610683"}],"wp:attachment":[{"href":"https:\/\/www.europesays.com\/fr\/wp-json\/wp\/v2\/media?parent=610682"}],"wp:term":[{"taxonomy":"category","embeddable":true,"href":"https:\/\/www.europesays.com\/fr\/wp-json\/wp\/v2\/categories?post=610682"},{"taxonomy":"post_tag","embeddable":true,"href":"https:\/\/www.europesays.com\/fr\/wp-json\/wp\/v2\/tags?post=610682"}],"curies":[{"name":"wp","href":"https:\/\/api.w.org\/{rel}","templated":true}]}}