{"id":610684,"date":"2025-12-20T01:03:30","date_gmt":"2025-12-20T01:03:30","guid":{"rendered":"https:\/\/www.europesays.com\/fr\/610684\/"},"modified":"2025-12-20T01:03:30","modified_gmt":"2025-12-20T01:03:30","slug":"toulouse-au-zenith-au-bikini-au-bijou-notre-selection-de-spectacles-a-offrir-ou-a-soffrir","status":"publish","type":"post","link":"https:\/\/www.europesays.com\/fr\/610684\/","title":{"rendered":"Toulouse. Au Z\u00e9nith, au Bikini, au Bijou\u2026 notre s\u00e9lection de spectacles \u00e0 offrir (ou \u00e0 s&rsquo;offrir !)"},"content":{"rendered":"<p>                    Par<br \/>\n        <strong><br \/>\n            <a href=\"https:\/\/actu.fr\/auteur\/redaction-toulouse\" title=\"Consulter tous les articles de R\u00e9daction de Toulouse\" target=\"_blank\" rel=\"noopener\">R\u00e9daction de Toulouse<\/a><br \/>\n                    <\/strong><\/p>\n<p>        Publi\u00e9 le<\/p>\n<p>            19 d\u00e9c. 2025 \u00e0 18h40        <\/p>\n<p>Et si vous offriez <strong>des spectacles \u00e0 No\u00ebl<\/strong> ? Toulouse n\u2019a jamais vraiment beaucoup dormi, mais 2026 s\u2019annonce comme une ann\u00e9e sous caf\u00e9ine. Entre le <strong>Bikini<\/strong>, le <strong>Bijou<\/strong>, le <strong>Metronum<\/strong> et un Z\u00e9nith plus muscl\u00e9 que jamais, la Ville rose d\u00e9roule un agenda sonore qui ferait p\u00e2lir une playlist insomniaque. <a href=\"https:\/\/actu.fr\/toulouse\/loisirs-culture\" target=\"_blank\" rel=\"noopener\">Actu Toulouse<\/a> vous a concoct\u00e9 une s\u00e9lection de spectacles (pas encore complets !) \u00e0 offrir\u2026 ou \u00e0 s\u2019offrir !\u00a0<\/p>\n<p>Truffaz, Odezenne, Clara Luciani ou Orelsan\u2026<br \/>\n    <img   decoding=\"async\" loading=\"lazy\" src=\"https:\/\/www.europesays.com\/fr\/wp-content\/uploads\/2025\/12\/08d10aa3cf3967cd10aa3cf3940e10v-960x640.jpg\" alt=\"Erik Truffaz sera le 7 f\u00e9vrier au Metronum pour un hommage \u00e0 Miles Davis avec Antonio Lizan : vous avez dit immanquable ?\" width=\"960\" height=\"640\"\/><br \/>\n    Erik Truffaz sera le 7 f\u00e9vrier au Metronum pour un hommage \u00e0 Miles Davis avec Antonio Lizan : vous avez dit immanquable ? (\u00a9Antonio Barce)<\/p>\n<p class=\" wall-content\">D\u00e8s janvier, le Metronum ouvrira le bal avec <strong>Nanowar of Steel <\/strong>(23 janvier 2026) et leur m\u00e9tal d\u00e9jant\u00e9, tandis qu\u2019au Z\u00e9nith, <strong>Clara Luciani<\/strong> (22 janvier) sera sur sc\u00e8ne avant qu\u2019<strong>Orelsan (4, 5 f\u00e9vrier)<\/strong> ne vienne en f\u00e9vrier pour deux soir\u00e9es o\u00f9 il fera briller la langue fran\u00e7aise \u00e0 coup d\u2019irr\u00e9sistibles punchlines.<\/p>\n<p class=\" wall-content\">Le d\u00e9but d\u2019ann\u00e9e sera d\u00e9cid\u00e9ment charg\u00e9 : <strong>Erik Truffaz<\/strong> <strong>et Antonio Lizana (7 f\u00e9vrier)<\/strong> am\u00e8nent au Metronum une \u00e9l\u00e9gante fusion jazz-flamenco en revisitant les immenses \u00ab Sketches of Spain \u00bb de Miles Davis, <strong>Adam Green<\/strong> (8 f\u00e9vrier) y prom\u00e8nera sa folk bancale mais irr\u00e9sistible, celle des regrett\u00e9s Moldy Peaches, et le Bijou d\u00e9roulera ses p\u00e9pites maison \u2013 <strong>Marie Sigal<\/strong> (27 janvier),<strong> Alice B\u00e9nar<\/strong> (4 f\u00e9vrier), <strong>Addis Black Mamba <\/strong>(12 f\u00e9vrier) \u2013 avec ce go\u00fbt de d\u00e9couverte qui lui colle \u00e0 la peau.<\/p>\n<p class=\" wall-content\">Au Bikini, ce sera au tour de <strong>J9UEVE<\/strong> (13 f\u00e9vrier) d\u2019ouvrir la voie avant un printemps en acc\u00e9l\u00e9r\u00e9. Et \u00e0 Interference, ne manquez pas le concert de<strong> Jeanne Cherhal<\/strong> (12 f\u00e9vrier)<\/p>\n<p>Mars et \u00e7a repart !\u00a0<br \/>\n    <img   decoding=\"async\" loading=\"lazy\" src=\"https:\/\/www.europesays.com\/fr\/wp-content\/uploads\/2025\/12\/theodora-concert-lyon-960x640.jpeg\" alt=\"Th\u00e9odora est annonc\u00e9e en concert au Printemps de P\u00e9rouges, pr\u00e8s de Lyon, en 2026\" width=\"960\" height=\"640\"\/><br \/>\n    Th\u00e9odora est annonc\u00e9e au Z\u00e9nith de Toulouse en 2026 (\u00a9L\u00e9a Esmaili)<\/p>\n<p>Votre r\u00e9gion, votre actu !<\/p>\n<p>Recevez chaque jour les infos qui comptent pour vous.<\/p>\n<p>\t<a href=\"https:\/\/actu.fr\/newsletter\" class=\"ac-btn ac-btn--corner ac-btn--medium ac-btn--blue800\" target=\"_blank\" rel=\"noopener\">S&rsquo;incrire<\/a><\/p>\n<p class=\" wall-content\">Mars, et \u00e7a repart : <strong>MPL<\/strong> (5 mars), <strong>Odezenne<\/strong> (6 mars) et <strong>Royal Republic<\/strong> (7 mars) s\u2019encha\u00eenent au Bikini, <strong>Acid Arab<\/strong> (8 mars) transforme la salle en piste de danse mondiale, et le Metronum re\u00e7oit <strong>Arma Jackson<\/strong> (11 mars) pour un d\u00e9tour par les nouvelles \u00e9critures urbaines. Le Z\u00e9nith, fid\u00e8le \u00e0 son statut de paquebot, ajoute <strong>The World of Queen<\/strong> (11 mars) \u00e0 grand renfort de d\u00e9cibels, la queen <strong>Theodora<\/strong> (21 mars), puis <strong>Lara Fabian<\/strong> (22 mars) qui suspend tout ce vacarme d\u2019un vibrato bien plac\u00e9. \u00c0 Interference, place \u00e0 <strong>Biga Ranx<\/strong> (12 mars) et <strong>L.E.J.<\/strong> (13 mars).\u00a0<\/p>\n<p>Avril, place \u00e0 Bigflo et Oli !\u00a0<br \/>\n    <img   decoding=\"async\" loading=\"lazy\" src=\"https:\/\/www.europesays.com\/fr\/wp-content\/uploads\/2025\/12\/beb71f54c657692c71f54c65786c71v-842x640.jpg\" alt=\"Bigflo et Oli seront pr\u00e9sents au V and B Fest' 2025.\" width=\"842\" height=\"640\"\/><br \/>\n    Bigflo et Oli vont faire 5 Z\u00e9niths en avril et en mai 2026 (\u00a9Boby \u2013 BOBY)<\/p>\n<p class=\" wall-content\">En avril, place aux secousses :<strong> Antes &amp; Madzes<\/strong> (10 avril) dynamitent le Metronum avant que <strong>Lord of the Lost<\/strong>, <strong>Dogma<\/strong> et<strong> League of Distortion<\/strong> (12 avril) ne r\u00e9veillent tout Borderouge.<\/p>\n<p class=\" wall-content\">Le Bijou d\u00e9roule<strong> Rose Movie<\/strong> (4 avril), <strong>Mike &amp; Rike<\/strong>(16 et 17 avril) puis <strong>Debout sur le Zinc <\/strong>(23 avril), histoire de rappeler que la chanson aime autant le murmure que le sourire.<\/p>\n<p class=\" wall-content\">Au Bikini, <strong>Trinix<\/strong> (4 avril) pulse fort, <strong>La Mano 1.9 <\/strong>(24 avril) envoie son hip-hop nerveux, et <strong>Altin G\u00fcn<\/strong> (17 avril) vient ajouter de rock psych\u00e9d\u00e9lique. Pendant ce temps, le Z\u00e9nith passe \u00e0 la taille XXL avec <strong>Florent Pagny<\/strong> (5 au 7 avril),\u00a0puis <strong>Damso (8-9 avril)<\/strong>, deux temporalit\u00e9s pour un m\u00eame coup de poing sonore. Les rappeurs toulousains Bigflo et Oli (17 au 19 avril et 14-15 mai), eux, rempliront 5 fois le Z\u00e9nith en 2026\u2026 rien que \u00e7a !\u00a0<\/p>\n<p class=\" wall-content\">\u00c0 ne pas manquer non plus, le spectacle de l\u2019humoriste <strong>Laura Calu<\/strong>, n\u00e9o-toulousaine, qui sera \u00e0 la Halle aux Grains le 17 avril ou encore <strong>Les N\u00e9gresses Vertes<\/strong> (9 avril) \u00e0 Interference.\u00a0<\/p>\n<p>Tinariwen et son blues saharien\u00a0<br \/>\n    <img   decoding=\"async\" loading=\"lazy\" src=\"https:\/\/www.europesays.com\/fr\/wp-content\/uploads\/2025\/12\/25432-170314134558870-01-960x640.jpg\" alt=\"Le groupe Tinariwen pr\u00e9sentera son nouvel album, . - \" width=\"960\" height=\"640\"\/><br \/>\n    Le groupe Tinariwen sera au Bikini en mai !<\/p>\n<p class=\" wall-content\">Mai continue sur sa lanc\u00e9e : <strong>Tinariwen<\/strong> (12 mai) apporte au Bikini son blues saharien hypnotique, tandis que <strong>Madball &amp; Ignite<\/strong> (6 mai) allument un hardcore sans pr\u00e9avis au Metronum. Le Z\u00e9nith, lui, choisit la douceur calibr\u00e9e avec <strong>Amel Bent (6 mai)<\/strong>, bient\u00f4t rejointe en juin par une salve pop avec des tourn\u00e9es attendues \u2013 <strong>Lara Fabian<\/strong> revient, et d\u2019autres noms de la vari\u00e9t\u00e9 hexagonale s\u2019annoncent en embuscade : Lorie (3 mai), <strong>Vanessa Paradis<\/strong> (9 mai), la<strong> Star Academy<\/strong> (22 mai). En juin,<strong> Laurent Voulzy<\/strong> sera quant \u00e0 lui a Casino Barri\u00e8re (4 juin).\u00a0<\/p>\n<p>Rio Loco en juin, le Rose Festival en ao\u00fbt !<br \/>\n    <img   decoding=\"async\" loading=\"lazy\" src=\"https:\/\/www.europesays.com\/fr\/wp-content\/uploads\/2025\/12\/abf8a428fb7669ff8a428fb766309av-960x640.jpg\" alt=\"La derni\u00e8re soir\u00e9e du festival Rio Loco est annul\u00e9e \u00e0 cause des risques d'orages \u00e0 Toulouse.\" width=\"960\" height=\"640\"\/><br \/>\n    Rio Loco sera de retour du 10 au 14 juin 2026. (\u00a9M\u00e9lina Le Corre \/ Actu Toulouse)<\/p>\n<p class=\" wall-content\">Et l\u2019ann\u00e9e n\u2019a pas dit son dernier mot : en septembre, la <strong>Women Metronum Academy<\/strong> remettra en lumi\u00e8re la cr\u00e9ation f\u00e9minine, pendant qu\u2019ailleurs en ville les festivals d\u2019\u00e9t\u00e9 \u2013 <strong>Rio Loco <\/strong>(10 au 14 juin) ou encore un <strong>Rose Festival<\/strong> (27 au 29 ao\u00fbt) qui vient d\u2019annoncer quelques poids lourds ( DJ Snake, Aya Nakamura, Macklemore, Charlotte Cardin, Josman\u2026) \u2013 donneront \u00e0 2026 ce parfum de d\u00e9bordement joyeux.<\/p>\n<p class=\" wall-content\">Une ann\u00e9e multiple, dense, parfois \u00e9puisante, mais toujours musicale : un long morceau qu\u2019on \u00e9coute d\u2019une traite, sans appuyer sur \u00ab\u00a0pause\u00a0\u00bb.<\/p>\n<p class=\" wall-content\"><b>Yves GABAY (avec Gabriel Kenedi)<\/b><\/p>\n<p class=\" wall-content\">Personnalisez votre actualit\u00e9 en ajoutant vos villes et m\u00e9dias en favori avec <a href=\"https:\/\/moncompte.actu.fr\" title=\"D\u00e9couvez Mon Actu\" rel=\"nofollow noopener\" data-trk=\"{&quot;cta&quot;:{&quot;action&quot;:&quot;https:\\\/\\\/moncompte.actu.fr&quot;,&quot;category&quot;:&quot;mon compte&quot;,&quot;from&quot;:&quot;article footer&quot;,&quot;name&quot;:&quot;Mon actu&quot;,&quot;type&quot;:&quot;cta&quot;}}\" target=\"_blank\">Mon Actu<\/a>.<\/p>\n","protected":false},"excerpt":{"rendered":"Par R\u00e9daction de Toulouse Publi\u00e9 le 19 d\u00e9c. 2025 \u00e0 18h40 Et si vous offriez des spectacles \u00e0&hellip;\n","protected":false},"author":2,"featured_media":610685,"comment_status":"","ping_status":"","sticky":false,"template":"","format":"standard","meta":{"footnotes":""},"categories":[2816],"tags":[62676,1111,11,1777,674,1011,27,1652,12,2680,25,1341,853,2312],"class_list":{"0":"post-610684","1":"post","2":"type-post","3":"status-publish","4":"format-standard","5":"has-post-thumbnail","7":"category-toulouse","8":"tag-academie-de-versailles","9":"tag-actu","10":"tag-actualites","11":"tag-eu","12":"tag-europe","13":"tag-fr","14":"tag-france","15":"tag-loisirs-culture","16":"tag-news","17":"tag-occitanie","18":"tag-republique-francaise","19":"tag-sortir-a-toulouse","20":"tag-spectacles","21":"tag-toulouse"},"share_on_mastodon":{"url":"https:\/\/pubeurope.com\/@fr\/115749206510478947","error":""},"_links":{"self":[{"href":"https:\/\/www.europesays.com\/fr\/wp-json\/wp\/v2\/posts\/610684","targetHints":{"allow":["GET"]}}],"collection":[{"href":"https:\/\/www.europesays.com\/fr\/wp-json\/wp\/v2\/posts"}],"about":[{"href":"https:\/\/www.europesays.com\/fr\/wp-json\/wp\/v2\/types\/post"}],"author":[{"embeddable":true,"href":"https:\/\/www.europesays.com\/fr\/wp-json\/wp\/v2\/users\/2"}],"replies":[{"embeddable":true,"href":"https:\/\/www.europesays.com\/fr\/wp-json\/wp\/v2\/comments?post=610684"}],"version-history":[{"count":0,"href":"https:\/\/www.europesays.com\/fr\/wp-json\/wp\/v2\/posts\/610684\/revisions"}],"wp:featuredmedia":[{"embeddable":true,"href":"https:\/\/www.europesays.com\/fr\/wp-json\/wp\/v2\/media\/610685"}],"wp:attachment":[{"href":"https:\/\/www.europesays.com\/fr\/wp-json\/wp\/v2\/media?parent=610684"}],"wp:term":[{"taxonomy":"category","embeddable":true,"href":"https:\/\/www.europesays.com\/fr\/wp-json\/wp\/v2\/categories?post=610684"},{"taxonomy":"post_tag","embeddable":true,"href":"https:\/\/www.europesays.com\/fr\/wp-json\/wp\/v2\/tags?post=610684"}],"curies":[{"name":"wp","href":"https:\/\/api.w.org\/{rel}","templated":true}]}}