{"id":61069,"date":"2025-04-29T05:54:08","date_gmt":"2025-04-29T05:54:08","guid":{"rendered":"https:\/\/www.europesays.com\/fr\/61069\/"},"modified":"2025-04-29T05:54:08","modified_gmt":"2025-04-29T05:54:08","slug":"dans-cette-ville-de-seine-maritime-les-livres-sont-apportes-a-domicile","status":"publish","type":"post","link":"https:\/\/www.europesays.com\/fr\/61069\/","title":{"rendered":"Dans cette ville de Seine-Maritime, les livres sont apport\u00e9s \u00e0 domicile"},"content":{"rendered":"<p>            Par<br \/>\n        <strong><br \/>\n            <a href=\"https:\/\/actu.fr\/auteur\/mateo-lhernault-actu-fr\" title=\"Consulter tous les articles de Mat\u00e9o Lhernault\" rel=\"nofollow noopener\" target=\"_blank\">Mat\u00e9o Lhernault<\/a><br \/>\n        <\/strong><\/p>\n<p>        Publi\u00e9 le<\/p>\n<p>            29 avr. 2025 \u00e0 7h32        <\/p>\n<p>Depuis le mois de mars, la biblioth\u00e8que municipale d\u2019Aumale a mis en place le service de <b>portage de livre<\/b> \u00e0 destination des abonn\u00e9s de ladite biblioth\u00e8que.<\/p>\n<p>Pallier les probl\u00e8mes de mobilit\u00e9<\/p>\n<p class=\" wall-content\">C\u2019est dans un esprit de concertation avec le maire qu\u2019est n\u00e9e l\u2019id\u00e9e de ce nouveau service : \u00ab\u00a0On porte bien les repas, apr\u00e8s tout, on peut aussi apporter de la nourriture intellectuelle\u00a0\u00bb, s\u2019amuse Sylvie Belli\u00e8re, biblioth\u00e9caire \u00e0 Aumale. Et de nous expliquer vouloir cr\u00e9er <b>une biblioth\u00e8que \u00ab\u00a0hors les murs\u00a0\u00bb<\/b>, et d\u2019\u00e9tendre les services biblioth\u00e9caires.<\/p>\n<p class=\" wall-content\">Le portage de livre a aussi \u00e9t\u00e9 pens\u00e9 pour <b>pallier les probl\u00e8mes de mobilit\u00e9<\/b> : \u00ab\u00a0Quand j\u2019explique l\u2019utilit\u00e9 du service, on pense souvent aux personnes \u00e2g\u00e9es en perte d\u2019autonomie. Dans une certaine mesure, c\u2019est \u00e0 eux que notre service s\u2019adresse, mais on a aussi pens\u00e9 aux probl\u00e8mes de mobilit\u00e9 plus temporaires. Un jeune avec une jambe cass\u00e9e ou une femme enceinte peuvent avoir besoin de nos services\u00a0\u00bb.<\/p>\n<blockquote class=\"ac-article-quote wall-content\">\n<p>On apporte bien les repas, pourquoi ne pas apporter la nourriture intellectuelle ?<\/p>\n<p>Sylvie Belli\u00e8re<\/p><\/blockquote>\n<p>\u00ab\u00a0On vous livre\u00a0\u00bb<\/p>\n<p class=\" wall-content\">Pour se faire porter son livre, Sylvie Belli\u00e8re d\u00e9taille la d\u00e9marche : \u00ab\u00a0On a <b>un catalogue en ligne<\/b> o\u00f9 toute notre collection est r\u00e9f\u00e9renc\u00e9e. <b>Il suffit de passer un coup de fil<\/b> au num\u00e9ro de la biblioth\u00e8que, de me renseigner le document souhait\u00e9, et j\u2019apporte le livre au domicile \u00e0 la fin du mois\u00a0\u00bb. Le mois suivant, le livre fait le chemin inverse quand la biblioth\u00e9caire vient le rechercher. Elle continue : \u00ab\u00a0Je prends g\u00e9n\u00e9ralement un ou deux livres suppl\u00e9mentaires que je propose au lecteur, pour lui donner conseil comme en biblioth\u00e8que. Je peux \u00e9changer avec eux sur leur lecture pour mieux comprendre leurs attentes\u00a0\u00bb.<\/p>\n<p>Vid\u00e9os : en ce moment sur Actu<\/p>\n<p class=\" wall-content\">Si les Aumalois ont la possibilit\u00e9 d\u2019emprunter des <b>livres<\/b>, les <b>DVD<\/b> et <b>jeux de soci\u00e9t\u00e9<\/b> sont \u00e9galement disponible au portage. Comme pour l\u2019abonnement traditionnel, <b>les lecteurs peuvent emprunter jusqu\u2019\u00e0 12 livres simultan\u00e9ment, avec un DVD et un jeu<\/b>. Par ailleurs, l\u2019abonnement \u00e0 la biblioth\u00e8que d\u2019Aumale ouvre aux ressources num\u00e9riques d\u00e9partementales.<\/p>\n<p class=\" wall-content\">Pour l\u2019heure, le service de portage de livre a attir\u00e9 <b>4<\/b> lecteurs. Deux conditions sont n\u00e9cessaires pour en b\u00e9n\u00e9ficier cependant : <b>habiter Aumale et \u00eatre abonn\u00e9<\/b> \u00e0 la biblioth\u00e8que. Ces conditions remplies, \u00ab\u00a0On vous livre !\u00a0\u00bb, promet le flyer de la Ville.<\/p>\n<p class=\" wall-content\">Suivez toute l\u2019actualit\u00e9 de vos villes et m\u00e9dias favoris en vous inscrivant \u00e0 <a href=\"https:\/\/moncompte.actu.fr\" title=\"D\u00e9couvez Mon Actu\" rel=\"nofollow noopener\" data-trk=\"{&quot;cta&quot;:{&quot;action&quot;:&quot;https:\\\/\\\/moncompte.actu.fr&quot;,&quot;category&quot;:&quot;mon compte&quot;,&quot;from&quot;:&quot;article footer&quot;,&quot;name&quot;:&quot;Mon actu&quot;,&quot;type&quot;:&quot;cta&quot;}}\" target=\"_blank\">Mon Actu<\/a>.<\/p>\n<ul class=\"ac-article-tag wall-content\">\n<li><a href=\"https:\/\/actu.fr\/tag\/livres\" data-trk=\"{&quot;cta&quot;:{&quot;action&quot;:&quot;Livres&quot;,&quot;category&quot;:&quot;tag&quot;,&quot;from&quot;:&quot;article footer&quot;,&quot;name&quot;:&quot;Livres&quot;,&quot;type&quot;:&quot;cta&quot;}}\" rel=\"nofollow noopener\" target=\"_blank\">#Livres<\/a><\/li>\n<li><a href=\"https:\/\/actu.fr\/tag\/vallee-de-la-bresle\" data-trk=\"{&quot;cta&quot;:{&quot;action&quot;:&quot;Vall\\u00e9e de la Bresle&quot;,&quot;category&quot;:&quot;tag&quot;,&quot;from&quot;:&quot;article footer&quot;,&quot;name&quot;:&quot;Vall\\u00e9e de la Bresle&quot;,&quot;type&quot;:&quot;cta&quot;}}\" rel=\"nofollow noopener\" target=\"_blank\">#Vall\u00e9e de la Bresle<\/a><\/li>\n<\/ul>\n","protected":false},"excerpt":{"rendered":"Par Mat\u00e9o Lhernault Publi\u00e9 le 29 avr. 2025 \u00e0 7h32 Depuis le mois de mars, la biblioth\u00e8que municipale&hellip;\n","protected":false},"author":2,"featured_media":61070,"comment_status":"","ping_status":"","sticky":false,"template":"","format":"standard","meta":{"footnotes":""},"categories":[1357],"tags":[1379,58,59,1011,27,1380,104,15873],"class_list":{"0":"post-61069","1":"post","2":"type-post","3":"status-publish","4":"format-standard","5":"has-post-thumbnail","7":"category-livres","8":"tag-books","9":"tag-divertissement","10":"tag-entertainment","11":"tag-fr","12":"tag-france","13":"tag-livres","14":"tag-societe","15":"tag-vallee-de-la-bresle"},"share_on_mastodon":{"url":"https:\/\/pubeurope.com\/@fr\/114419706351989028","error":""},"_links":{"self":[{"href":"https:\/\/www.europesays.com\/fr\/wp-json\/wp\/v2\/posts\/61069","targetHints":{"allow":["GET"]}}],"collection":[{"href":"https:\/\/www.europesays.com\/fr\/wp-json\/wp\/v2\/posts"}],"about":[{"href":"https:\/\/www.europesays.com\/fr\/wp-json\/wp\/v2\/types\/post"}],"author":[{"embeddable":true,"href":"https:\/\/www.europesays.com\/fr\/wp-json\/wp\/v2\/users\/2"}],"replies":[{"embeddable":true,"href":"https:\/\/www.europesays.com\/fr\/wp-json\/wp\/v2\/comments?post=61069"}],"version-history":[{"count":0,"href":"https:\/\/www.europesays.com\/fr\/wp-json\/wp\/v2\/posts\/61069\/revisions"}],"wp:featuredmedia":[{"embeddable":true,"href":"https:\/\/www.europesays.com\/fr\/wp-json\/wp\/v2\/media\/61070"}],"wp:attachment":[{"href":"https:\/\/www.europesays.com\/fr\/wp-json\/wp\/v2\/media?parent=61069"}],"wp:term":[{"taxonomy":"category","embeddable":true,"href":"https:\/\/www.europesays.com\/fr\/wp-json\/wp\/v2\/categories?post=61069"},{"taxonomy":"post_tag","embeddable":true,"href":"https:\/\/www.europesays.com\/fr\/wp-json\/wp\/v2\/tags?post=61069"}],"curies":[{"name":"wp","href":"https:\/\/api.w.org\/{rel}","templated":true}]}}