{"id":610690,"date":"2025-12-20T01:06:14","date_gmt":"2025-12-20T01:06:14","guid":{"rendered":"https:\/\/www.europesays.com\/fr\/610690\/"},"modified":"2025-12-20T01:06:14","modified_gmt":"2025-12-20T01:06:14","slug":"previsions-du-samedi-20-decembre-2025-2","status":"publish","type":"post","link":"https:\/\/www.europesays.com\/fr\/610690\/","title":{"rendered":"pr\u00e9visions du samedi 20 d\u00e9cembre 2025"},"content":{"rendered":"<p>La grisaille ne se dissipe toujours pas, il y aura encore des nuages aujourd&rsquo;hui. \u00c0 Lille, les valeurs s&rsquo;\u00e9chelonneront entre 6\u00b0C et 8\u00b0C. Le matin, le soleil sera dissimul\u00e9 derri\u00e8re de l\u00e9gers nuages. Les temp\u00e9ratures seront comprises entre 6 et 8\u00b0C. Une brise de sud-est soufflera l\u00e9g\u00e8rement. L&rsquo;apr\u00e8s-midi, du mauvais temps est \u00e0 pr\u00e9voir. De la bruine l\u00e9g\u00e8re va tomber. Les valeurs seront de 7\u00b0C au plus bas et de 8\u00b0C au maximum. Les temp\u00e9ratures afficheront entre 7 et 8\u00b0C pendant la soir\u00e9e. Durant la nuit de samedi \u00e0 dimanche, le ciel sera brumeux.<\/p>\n<p>L&rsquo;air ambiant va se r\u00e9chauffer demain \u00e0 Lille avec une hausse de quelques degr\u00e9s. Les valeurs s&rsquo;\u00e9chelonneront entre 7 et 10\u00b0C. Un vent de sud-est rafra\u00eechira sensiblement l&rsquo;atmosph\u00e8re. Le matin, la m\u00e9t\u00e9o sera ponctu\u00e9e par de la bruine. Les temp\u00e9ratures s&rsquo;\u00e9chelonneront de 8 \u00e0 9\u00b0C. Le ciel sera couvert dans l&rsquo;apr\u00e8s-midi. Les nuages seront visibles. Demain soir, le vent va progressivement chasser les nuages. Les maximales atteindront les 10\u00b0C tandis que les minimales seront de 8\u00b0C.<\/p>\n<p>Peu de changements pour la suite. On pr\u00e9voit des journ\u00e9es ensoleill\u00e9es, accompagn\u00e9es par des temp\u00e9ratures dans les 5\u00b0C en moyenne.<\/p>\n<p><\/p>\n","protected":false},"excerpt":{"rendered":"La grisaille ne se dissipe toujours pas, il y aura encore des nuages aujourd&rsquo;hui. \u00c0 Lille, les valeurs&hellip;\n","protected":false},"author":2,"featured_media":610691,"comment_status":"","ping_status":"","sticky":false,"template":"","format":"standard","meta":{"footnotes":""},"categories":[2815],"tags":[1111,11,1777,674,1011,27,811,1307,12,2119,25],"class_list":{"0":"post-610690","1":"post","2":"type-post","3":"status-publish","4":"format-standard","5":"has-post-thumbnail","7":"category-lille","8":"tag-actu","9":"tag-actualites","10":"tag-eu","11":"tag-europe","12":"tag-fr","13":"tag-france","14":"tag-hauts-de-france","15":"tag-lille","16":"tag-news","17":"tag-previsions-meteo","18":"tag-republique-francaise"},"share_on_mastodon":{"url":"https:\/\/pubeurope.com\/@fr\/115749216955449956","error":""},"_links":{"self":[{"href":"https:\/\/www.europesays.com\/fr\/wp-json\/wp\/v2\/posts\/610690","targetHints":{"allow":["GET"]}}],"collection":[{"href":"https:\/\/www.europesays.com\/fr\/wp-json\/wp\/v2\/posts"}],"about":[{"href":"https:\/\/www.europesays.com\/fr\/wp-json\/wp\/v2\/types\/post"}],"author":[{"embeddable":true,"href":"https:\/\/www.europesays.com\/fr\/wp-json\/wp\/v2\/users\/2"}],"replies":[{"embeddable":true,"href":"https:\/\/www.europesays.com\/fr\/wp-json\/wp\/v2\/comments?post=610690"}],"version-history":[{"count":0,"href":"https:\/\/www.europesays.com\/fr\/wp-json\/wp\/v2\/posts\/610690\/revisions"}],"wp:featuredmedia":[{"embeddable":true,"href":"https:\/\/www.europesays.com\/fr\/wp-json\/wp\/v2\/media\/610691"}],"wp:attachment":[{"href":"https:\/\/www.europesays.com\/fr\/wp-json\/wp\/v2\/media?parent=610690"}],"wp:term":[{"taxonomy":"category","embeddable":true,"href":"https:\/\/www.europesays.com\/fr\/wp-json\/wp\/v2\/categories?post=610690"},{"taxonomy":"post_tag","embeddable":true,"href":"https:\/\/www.europesays.com\/fr\/wp-json\/wp\/v2\/tags?post=610690"}],"curies":[{"name":"wp","href":"https:\/\/api.w.org\/{rel}","templated":true}]}}