{"id":610698,"date":"2025-12-20T01:10:23","date_gmt":"2025-12-20T01:10:23","guid":{"rendered":"https:\/\/www.europesays.com\/fr\/610698\/"},"modified":"2025-12-20T01:10:23","modified_gmt":"2025-12-20T01:10:23","slug":"un-garcon-de-12-ans-tue-a-lyon-sa-mere-interpellee","status":"publish","type":"post","link":"https:\/\/www.europesays.com\/fr\/610698\/","title":{"rendered":"Un gar\u00e7on de 12 ans tu\u00e9 \u00e0 Lyon, sa m\u00e8re interpell\u00e9e"},"content":{"rendered":"<p class=\"article-p mdl\">Un enfant \u00e2g\u00e9 de 12 ans a \u00e9t\u00e9 tu\u00e9 par arme blanche dans le 8e arrondissement de Lyon, et sa m\u00e8re a \u00e9t\u00e9 interpell\u00e9e apr\u00e8s s&rsquo;\u00eatre d\u00e9nonc\u00e9e, a indiqu\u00e9 vendredi 19 d\u00e9cembre une source polici\u00e8re \u00e0 l&rsquo;Agence France-Presse (AFP).\u00a0<\/p>\n<p class=\"article-p mdl\">La m\u00e8re, \u00e2g\u00e9e de 35 ans, bipolaire, qui vivait seule avec son enfant, a d\u00e9clar\u00e9 d&rsquo;elle-m\u00eame peu apr\u00e8s 6 heures avoir tu\u00e9 son fils \u00e0 son domicile, selon cette source. Un couteau a \u00e9t\u00e9 retrouv\u00e9 sur les lieux.\u00a0<\/p>\n<p class=\"article-p mdl\">La trentenaire, de nationalit\u00e9 s\u00e9n\u00e9galaise, a \u00e9t\u00e9 interpell\u00e9e dans le calme. D&rsquo;apr\u00e8s le quotidien\u00a0<a class=\"link\" href=\"https:\/\/www.leprogres.fr\/faits-divers-justice\/2025\/12\/19\/un-enfant-de-11-ans-tue-par-sa-mere-dans-la-nuit-a-lyon\" target=\"_blank\" rel=\"noopener\">Le Progr\u00e8s<\/a>, c&rsquo;est elle qui a appel\u00e9 les secours.\u00a0<\/p>\n<p class=\"article-p mdl\">Mi-novembre,\u00a0<a class=\"link\" href=\"https:\/\/www.rtl.fr\/actu\/justice-faits-divers\/rhone-une-fillette-de-4-ans-retrouvee-morte-victime-d-un-infanticide-7900567839\" title=\"Rh\u00f4ne : une fillette de 4 ans retrouv\u00e9e morte, victime d&#039;un &quot;infanticide&quot;\" target=\"_blank\" rel=\"noopener\">une fillette de quatre ans avait \u00e9t\u00e9 retrouv\u00e9e morte<\/a>\u00a0\u00e0 son domicile de Montrottier dans le Rh\u00f4ne, et sa m\u00e8re interpell\u00e9e avant d&rsquo;\u00eatre hospitalis\u00e9e en \u00e9tablissement psychiatrique.\u00a0<\/p>\n<p>    La r\u00e9daction vous recommande<\/p>\n<p class=\"s-newsletter__title\">\n                L\u2019actualit\u00e9 par la r\u00e9daction de RTL dans votre bo\u00eete mail.\n            <\/p>\n<p class=\"s-newsletter__subtitle\">\n                Gr\u00e2ce \u00e0 votre compte RTL abonnez-vous \u00e0 la newsletter RTL info pour suivre toute l&rsquo;actualit\u00e9 au quotidien\n            <\/p>\n<p>\n                                    Lire la suite\n                                <\/p>\n","protected":false},"excerpt":{"rendered":"Un enfant \u00e2g\u00e9 de 12 ans a \u00e9t\u00e9 tu\u00e9 par arme blanche dans le 8e arrondissement de Lyon,&hellip;\n","protected":false},"author":2,"featured_media":478415,"comment_status":"","ping_status":"","sticky":false,"template":"","format":"standard","meta":{"footnotes":""},"categories":[1889],"tags":[1111,11,898,2430,1777,674,118,107,1011,27,3492,2428,12,1072,25],"class_list":{"0":"post-610698","1":"post","2":"type-post","3":"status-publish","4":"format-standard","5":"has-post-thumbnail","7":"category-lyon","8":"tag-actu","9":"tag-actualites","10":"tag-alerte","11":"tag-auvergne-rhone-alpes","12":"tag-eu","13":"tag-europe","14":"tag-faits-divers","15":"tag-fil-info","16":"tag-fr","17":"tag-france","18":"tag-infanticide","19":"tag-lyon","20":"tag-news","21":"tag-police","22":"tag-republique-francaise"},"share_on_mastodon":{"url":"https:\/\/pubeurope.com\/@fr\/115749232532157556","error":""},"_links":{"self":[{"href":"https:\/\/www.europesays.com\/fr\/wp-json\/wp\/v2\/posts\/610698","targetHints":{"allow":["GET"]}}],"collection":[{"href":"https:\/\/www.europesays.com\/fr\/wp-json\/wp\/v2\/posts"}],"about":[{"href":"https:\/\/www.europesays.com\/fr\/wp-json\/wp\/v2\/types\/post"}],"author":[{"embeddable":true,"href":"https:\/\/www.europesays.com\/fr\/wp-json\/wp\/v2\/users\/2"}],"replies":[{"embeddable":true,"href":"https:\/\/www.europesays.com\/fr\/wp-json\/wp\/v2\/comments?post=610698"}],"version-history":[{"count":0,"href":"https:\/\/www.europesays.com\/fr\/wp-json\/wp\/v2\/posts\/610698\/revisions"}],"wp:featuredmedia":[{"embeddable":true,"href":"https:\/\/www.europesays.com\/fr\/wp-json\/wp\/v2\/media\/478415"}],"wp:attachment":[{"href":"https:\/\/www.europesays.com\/fr\/wp-json\/wp\/v2\/media?parent=610698"}],"wp:term":[{"taxonomy":"category","embeddable":true,"href":"https:\/\/www.europesays.com\/fr\/wp-json\/wp\/v2\/categories?post=610698"},{"taxonomy":"post_tag","embeddable":true,"href":"https:\/\/www.europesays.com\/fr\/wp-json\/wp\/v2\/tags?post=610698"}],"curies":[{"name":"wp","href":"https:\/\/api.w.org\/{rel}","templated":true}]}}