{"id":610707,"date":"2025-12-20T01:22:16","date_gmt":"2025-12-20T01:22:16","guid":{"rendered":"https:\/\/www.europesays.com\/fr\/610707\/"},"modified":"2025-12-20T01:22:16","modified_gmt":"2025-12-20T01:22:16","slug":"cigarettes-saisies-commerces-fermes-le-bilan-dune-large-operation-policiere-dans-la-rue-marx-dormoy-a-paris","status":"publish","type":"post","link":"https:\/\/www.europesays.com\/fr\/610707\/","title":{"rendered":"Cigarettes saisies, commerces ferm\u00e9s\u2026 le bilan d\u2019une large op\u00e9ration polici\u00e8re dans la rue Marx-Dormoy \u00e0 Paris"},"content":{"rendered":"<p class=\"paragraph text_align_left lp-f-body-02\">Entre la gare du Nord et de l\u2019Est, ils ont men\u00e9 une op\u00e9ration polici\u00e8re \u00ab\u00a0d\u2019ampleur\u00a0\u00bb. C\u2019\u00e9tait ce jeudi, dans un endroit o\u00f9 \u00ab\u00a0\u00e7a peut d\u00e9g\u00e9n\u00e9rer \u00e0 tout moment\u00a0\u00bb, <a href=\"https:\/\/www.leparisien.fr\/faits-divers\/ca-peut-degenerer-a-tout-moment-a-marx-dormoy-la-rue-de-tous-les-trafics-a-paris-la-situation-saggrave-18-12-2025-I5JRM4K2EBD5BKZAHYLCHXW22U.php\" target=\"_blank\" rel=\"noreferrer noopener\">comme nous l\u2019avions racont\u00e9<\/a>\u00a0: la rue Marx-Dormoy, dans le XVIIIe\u00a0arrondissement de Paris. Le but \u00e9tait de lutter contre les fraudes sociales et fiscales, le travail dissimul\u00e9 ou encore les contrefa\u00e7ons.<\/p>\n<p class=\"\">R\u00e9sultat\u00a0? Les autorit\u00e9s ont saisi 76 paquets de tabac \u00e0 chiquer et 28 paquets de cigarette, d\u2019apr\u00e8s le parquet de Paris et la pr\u00e9fecture de police ce vendredi. Ils ont \u00e9galement interpell\u00e9 une personne pour port d\u2019arme et blanchiment d\u2019argent, 13 autres pour situation administrative irr\u00e9guli\u00e8re et deux derni\u00e8res pour usages de stup\u00e9fiants.<\/p>\n<p class=\"\">Surtout, trois commerces contr\u00f4l\u00e9s <a href=\"https:\/\/www.leparisien.fr\/faits-divers\/deux-morts-en-un-mois-la-rue-marx-dormoy-a-paris-a-nouveau-endeuillee-apres-le-meurtre-au-couteau-dun-afghan-30-08-2025-MQTICWOGF5H5RJVEOBNSOC4LLM.php\" target=\"_blank\" rel=\"noreferrer noopener\">rue Marx-Dormoy<\/a> ont fait l\u2019objet d\u2019une fermeture pour raisons d\u2019hygi\u00e8ne suite \u00e0 l\u2019op\u00e9ration de ce jeudi, en l\u2019esp\u00e8ce avec des d\u00e9fauts de \u00ab\u00a0s\u00e9curit\u00e9 incendie\u00a0\u00bb et de \u00ab\u00a0d\u00e9claration de syst\u00e8mes de vid\u00e9osurveillance\u00a0\u00bb, selon le communiqu\u00e9. Ces commerces \u00e9taient d\u2019ailleurs l\u2019objectif de l\u2019op\u00e9ration, men\u00e9e par 150 agents.<\/p>\n<p>\u00ab\u00a0Place nette\u00a0\u00bb<\/p>\n<p class=\"\">Dans cette rue du nord de la capitale, depuis plusieurs ann\u00e9es, les ventes \u00e0 la sauvette <a href=\"https:\/\/www.leparisien.fr\/faits-divers\/trafic-de-cigarettes-de-contrebande-a-paris-comment-des-vendeurs-afghans-se-sont-imposes-dans-le-xviiie-05-03-2024-M4U6OMO5YFG4XLZOU5HTFLWOLU.php\" rel=\"noopener\" target=\"_blank\">de cigarettes de contrebande<\/a>, de drogue mais aussi de smartphones, casques audios ou chaussettes persistent. Les autorit\u00e9s avaient pourtant promis de faire \u00ab\u00a0place nette\u00a0\u00bb avant le d\u00e9but des Jeux olympiques de Paris en 2024, c\u2019est-\u00e0-dire il y a un an et demi.<\/p>\n<p class=\"\">Selon nos informations d\u00e9j\u00e0 publi\u00e9es, chaque mois, 3 000 paquets de cigarettes sont saisis, et chaque jour, 10\u00a0kg de \u00ab\u00a0chemma\u00a0\u00bb, le tabac \u00e0 m\u00e2cher. Par ailleurs, la pr\u00e9fecture de police de Paris affirme avoir d\u00e9truit 5,6\u00a0tonnes de marchandises frauduleuses entre le 1er\u00a0janvier et le 30\u00a0novembre de cette ann\u00e9e.<\/p>\n<p class=\"\">Mais, comme nous le racontions, en fin d\u2019apr\u00e8s-midi ce jeudi, une fois que l\u2019op\u00e9ration polici\u00e8re a \u00e9t\u00e9 termin\u00e9e, <a href=\"https:\/\/www.leparisien.fr\/faits-divers\/safe-place-pour-les-mecs-unsafe-place-pour-les-meufs-rue-marx-dormoy-a-paris-comment-les-femmes-sadaptent-18-12-2025-KFHFPIZVC5DC3FL7DJH77VEXDY.php\" target=\"_blank\" rel=\"noreferrer noopener\">les vendeurs \u00e0 la sauvette \u00e9taient d\u00e9j\u00e0 de retour<\/a>. Reste \u00e0 savoir si \u00ab\u00a0l\u2019augmentation continue de l\u2019activit\u00e9 de police\u00a0\u00bb, selon la pr\u00e9fecture de police de Paris, va permettre de contrecarrer le trafic et l\u2019ins\u00e9curit\u00e9 du quartier. En tout cas, elle se \u00ab\u00a0poursuit\u00a0\u00bb.<\/p>\n","protected":false},"excerpt":{"rendered":"Entre la gare du Nord et de l\u2019Est, ils ont men\u00e9 une op\u00e9ration polici\u00e8re \u00ab\u00a0d\u2019ampleur\u00a0\u00bb. C\u2019\u00e9tait ce jeudi,&hellip;\n","protected":false},"author":2,"featured_media":610708,"comment_status":"","ping_status":"","sticky":false,"template":"","format":"standard","meta":{"footnotes":""},"categories":[1888],"tags":[11,1777,674,1011,27,1944,12,626,72175,25],"class_list":{"0":"post-610707","1":"post","2":"type-post","3":"status-publish","4":"format-standard","5":"has-post-thumbnail","7":"category-paris","8":"tag-actualites","9":"tag-eu","10":"tag-europe","11":"tag-fr","12":"tag-france","13":"tag-ma-ville","14":"tag-news","15":"tag-paris","16":"tag-paris-75018","17":"tag-republique-francaise"},"share_on_mastodon":{"url":"https:\/\/pubeurope.com\/@fr\/115749279863190455","error":""},"_links":{"self":[{"href":"https:\/\/www.europesays.com\/fr\/wp-json\/wp\/v2\/posts\/610707","targetHints":{"allow":["GET"]}}],"collection":[{"href":"https:\/\/www.europesays.com\/fr\/wp-json\/wp\/v2\/posts"}],"about":[{"href":"https:\/\/www.europesays.com\/fr\/wp-json\/wp\/v2\/types\/post"}],"author":[{"embeddable":true,"href":"https:\/\/www.europesays.com\/fr\/wp-json\/wp\/v2\/users\/2"}],"replies":[{"embeddable":true,"href":"https:\/\/www.europesays.com\/fr\/wp-json\/wp\/v2\/comments?post=610707"}],"version-history":[{"count":0,"href":"https:\/\/www.europesays.com\/fr\/wp-json\/wp\/v2\/posts\/610707\/revisions"}],"wp:featuredmedia":[{"embeddable":true,"href":"https:\/\/www.europesays.com\/fr\/wp-json\/wp\/v2\/media\/610708"}],"wp:attachment":[{"href":"https:\/\/www.europesays.com\/fr\/wp-json\/wp\/v2\/media?parent=610707"}],"wp:term":[{"taxonomy":"category","embeddable":true,"href":"https:\/\/www.europesays.com\/fr\/wp-json\/wp\/v2\/categories?post=610707"},{"taxonomy":"post_tag","embeddable":true,"href":"https:\/\/www.europesays.com\/fr\/wp-json\/wp\/v2\/tags?post=610707"}],"curies":[{"name":"wp","href":"https:\/\/api.w.org\/{rel}","templated":true}]}}