{"id":610709,"date":"2025-12-20T01:23:14","date_gmt":"2025-12-20T01:23:14","guid":{"rendered":"https:\/\/www.europesays.com\/fr\/610709\/"},"modified":"2025-12-20T01:23:14","modified_gmt":"2025-12-20T01:23:14","slug":"les-parents-de-laurent-vinatier-detenu-en-russie-esperent-que-vladimir-poutine-se-renseignera-tres-vite-sur-le-sort-de-leur-fils","status":"publish","type":"post","link":"https:\/\/www.europesays.com\/fr\/610709\/","title":{"rendered":"les parents de Laurent Vinatier, d\u00e9tenu en Russie, \u00ab\u00a0esp\u00e8rent\u00a0\u00bb que Vladimir Poutine se renseignera \u00ab\u00a0tr\u00e8s vite\u00a0\u00bb sur le sort de leur fils"},"content":{"rendered":"<p>Vladimir Poutine a promis ce vendredi qu&rsquo;il allait \u00ab\u00a0se renseigner\u00a0\u00bb sur la situation de Laurent Vinatier, un chercheur fran\u00e7ais d\u00e9tenu en Russie depuis plus d&rsquo;un an et condamn\u00e9 \u00e0 trois de prison en octobre 2024.<\/p>\n<p>C&rsquo;est un \u00ab\u00a0espoir\u00a0\u00bb pour Brigitte et Alain Vinatier. <a href=\"https:\/\/www.bfmtv.com\/international\/asie\/russie\/vladimir-poutine-affirme-qu-il-va-se-pencher-sur-l-affaire-du-francais-laurent-vinatier-emprisonne-en-russie_AD-202512190618.html\" title=\"&quot;C&#039;est la premi\u00e8re fois que j&#039;en entends parler&quot;: Vladimir Poutine &quot;va se renseigner&quot; sur l&#039;affaire du Fran\u00e7ais Laurent Vinatier, emprisonn\u00e9 en Russie\" class=\"internal_link\" target=\"_blank\" rel=\"noopener\">Ce vendredi 19 d\u00e9cembre, Vladimir Poutine<\/a> a indiqu\u00e9 qu&rsquo;il allait \u00ab\u00a0se renseigner\u00a0\u00bb sur le sort de leur fils, Laurent. <a href=\"https:\/\/www.bfmtv.com\/international\/russie-le-francais-laurent-vinatier-condamne-a-trois-ans-de-prison-l-executif-demande-sa-liberation-immediate_AD-202410140880.html\" title=\"Russie: le Fran\u00e7ais Laurent Vinatier condamn\u00e9 \u00e0 trois ans de prison, l&#039;ex\u00e9cutif demande sa &quot;lib\u00e9ration imm\u00e9diate&quot;\" class=\"internal_link\" target=\"_blank\" rel=\"noopener\">Il a \u00e9t\u00e9 condamn\u00e9 \u00e0 trois de prison en octobre 2024<\/a> pour ne pas s&rsquo;\u00eatre enregistr\u00e9 en tant qu'\u00a0\u00bbagent de l&rsquo;\u00e9tranger\u00a0\u00bb, alors qu&rsquo;il collectait des \u00ab\u00a0informations militaires\u00a0\u00bb. S&rsquo;il a reconnu les faits, Laurent Vinatier, chercheur de profession, a plaid\u00e9 l&rsquo;ignorance lors de son proc\u00e8s.<\/p>\n<blockquote class=\"embed embed_quote\"><p>\u00ab\u00a0C&rsquo;est la premi\u00e8re fois que j&rsquo;en entends parler\u00a0\u00bb, a assur\u00e9 le pr\u00e9sident russe lors de sa grande conf\u00e9rence de presse annuelle \u00e0 Moscou ce vendredi.<\/p><\/blockquote>\n<p>\u00ab\u00a0Et s&rsquo;il y a la moindre chance de r\u00e9soudre cette question de mani\u00e8re positive, si la loi russe le permet, nous ferons tout notre possible\u00a0\u00bb, a promis le ma\u00eetre du Kremlin.<\/p>\n<p>Laurent Vinatier \u00ab\u00a0va bien\u00a0\u00bb, selon ses parents<\/p>\n<p>Les parents de Laurent Vinatier partagent ce vendredi soir sur BFMTV leur \u00ab\u00a0grande surprise\u00a0\u00bb face \u00e0 l&rsquo;ignorance de Vladimir Poutine concernant le cas de leur fils. \u00ab\u00a0On peut bien penser qu&rsquo;un chef d&rsquo;\u00c9tat doit savoir quel prisonnier doit se trouver dans ses prisons\u00a0\u00bb, argumente sa m\u00e8re, Brigitte.<\/p>\n<p><img width=\"1\" height=\"1\" class=\"lozad\"  alt=\"Tous les soirs dans Le Titre \u00e0 la Une, d\u00e9couvrez ce qui se cache derri\u00e8re les gros titres. C\u00e9line Kallmann vous raconte une histoire, un r\u00e9cit de vie, avec aussi le t\u00e9moignage intime de celles et ceux qui font l'actualit\u00e9.\"\/>Espion ou chercheur? Pourquoi la Russie garde en prison Laurent Vinatier<\/p>\n<p>D\u00e9sormais, cette derni\u00e8re \u00ab\u00a0esp\u00e8re\u00a0\u00bb que le pr\u00e9sident russe se renseignera \u00ab\u00a0tr\u00e8s vite\u00a0\u00bb, car \u00ab\u00a0il s&rsquo;est engag\u00e9 devant le monde entier\u00a0\u00bb. \u00ab\u00a0Nous avons de l&rsquo;espoir. Nous ne pouvons que lui faire confiance dans ses propos\u00a0\u00bb, explique-t-elle, m\u00eame s&rsquo;il ne s&rsquo;agit \u00ab\u00a0pas d&rsquo;une esp\u00e9rance qui se l\u00e8ve d&rsquo;un coup\u00a0\u00bb.<\/p>\n<p><a href=\"https:\/\/www.bfmtv.com\/international\/asie\/russie\/le-francais-laurent-vinatier-emprisonne-en-russie-fait-l-objet-d-une-nouvelle-enquete-pour-espionnage_AD-202508200601.html\" title=\"Le Fran\u00e7ais Laurent Vinatier emprisonn\u00e9 en Russie fait l&#039;objet d&#039;une nouvelle enqu\u00eate pour espionnage\" class=\"internal_link\" target=\"_blank\" rel=\"noopener\">En ao\u00fbt dernier, le chercheur fran\u00e7ais, sp\u00e9cialiste de l&rsquo;espace post-sovi\u00e9tique, a comparu devant un tribunal russe<\/a> pour des accusations d'\u00a0\u00bbespionnage\u00a0\u00bb, qui pourraient alourdir sa peine si celles-ci d\u00e9coulent sur une condamnation. Un nouveau proc\u00e8s pourrait se tenir le 28 f\u00e9vrier prochain.<\/p>\n<p>Malgr\u00e9 cette nouvelle \u00e9ch\u00e9ance judiciaire, Laurent Vinatier \u00ab\u00a0va bien\u00a0\u00bb, selon ses parents. \u00ab\u00a0Il est d\u00e9tenu dans une cellule avec un compagnon. Ils s&rsquo;entendent bien et partagent des activit\u00e9s\u00a0\u00bb, d\u00e9taille la m\u00e8re du Fran\u00e7ais. Elle pr\u00e9cise qu'\u00a0\u00bbil re\u00e7oit la visite du consul une fois par mois\u00a0\u00bb, ce qui lui permet d&rsquo;avoir \u00ab\u00a0des nouvelles directes qui ne passent pas par la censure\u00a0\u00bb.<\/p>\n","protected":false},"excerpt":{"rendered":"Vladimir Poutine a promis ce vendredi qu&rsquo;il allait \u00ab\u00a0se renseigner\u00a0\u00bb sur la situation de Laurent Vinatier, un chercheur&hellip;\n","protected":false},"author":2,"featured_media":610710,"comment_status":"","ping_status":"","sticky":false,"template":"","format":"standard","meta":{"footnotes":""},"categories":[1591],"tags":[11,1887,12,1885,1886,132],"class_list":{"0":"post-610709","1":"post","2":"type-post","3":"status-publish","4":"format-standard","5":"has-post-thumbnail","7":"category-russie","8":"tag-actualites","9":"tag-federation-de-russie","10":"tag-news","11":"tag-russia","12":"tag-russian-federation","13":"tag-russie"},"share_on_mastodon":{"url":"https:\/\/pubeurope.com\/@fr\/115749283887838248","error":""},"_links":{"self":[{"href":"https:\/\/www.europesays.com\/fr\/wp-json\/wp\/v2\/posts\/610709","targetHints":{"allow":["GET"]}}],"collection":[{"href":"https:\/\/www.europesays.com\/fr\/wp-json\/wp\/v2\/posts"}],"about":[{"href":"https:\/\/www.europesays.com\/fr\/wp-json\/wp\/v2\/types\/post"}],"author":[{"embeddable":true,"href":"https:\/\/www.europesays.com\/fr\/wp-json\/wp\/v2\/users\/2"}],"replies":[{"embeddable":true,"href":"https:\/\/www.europesays.com\/fr\/wp-json\/wp\/v2\/comments?post=610709"}],"version-history":[{"count":0,"href":"https:\/\/www.europesays.com\/fr\/wp-json\/wp\/v2\/posts\/610709\/revisions"}],"wp:featuredmedia":[{"embeddable":true,"href":"https:\/\/www.europesays.com\/fr\/wp-json\/wp\/v2\/media\/610710"}],"wp:attachment":[{"href":"https:\/\/www.europesays.com\/fr\/wp-json\/wp\/v2\/media?parent=610709"}],"wp:term":[{"taxonomy":"category","embeddable":true,"href":"https:\/\/www.europesays.com\/fr\/wp-json\/wp\/v2\/categories?post=610709"},{"taxonomy":"post_tag","embeddable":true,"href":"https:\/\/www.europesays.com\/fr\/wp-json\/wp\/v2\/tags?post=610709"}],"curies":[{"name":"wp","href":"https:\/\/api.w.org\/{rel}","templated":true}]}}