{"id":610713,"date":"2025-12-20T01:25:12","date_gmt":"2025-12-20T01:25:12","guid":{"rendered":"https:\/\/www.europesays.com\/fr\/610713\/"},"modified":"2025-12-20T01:25:12","modified_gmt":"2025-12-20T01:25:12","slug":"les-etats-unis-ont-lance-une-operation-militaire-de-tres-lourdes-represailles-contre-lei-en-syrie","status":"publish","type":"post","link":"https:\/\/www.europesays.com\/fr\/610713\/","title":{"rendered":"Les \u00c9tats-Unis ont lanc\u00e9 une op\u00e9ration militaire de \u00ab\u00a0tr\u00e8s lourdes repr\u00e9sailles\u00a0\u00bb contre l&rsquo;EI en Syrie"},"content":{"rendered":"<p class=\"mb-4 text-lg md:leading-8 break-words\">Repr\u00e9sailles des \u00c9tats-Unis en Syrie. L&rsquo;arm\u00e9e am\u00e9ricaine a lanc\u00e9, vendredi 19 d\u00e9cembre, une op\u00e9ration en Syrie pour \u00ab\u00a0\u00e9liminer des combattants du groupe \u00c9tat islamique, des infrastructures et des sites d&rsquo;armement\u00a0\u00bb, a annonc\u00e9 le chef du Pentagone Pete Hegseth sur X.<\/p>\n<p class=\"mb-4 text-lg md:leading-8 break-words\">Il s&rsquo;agit d&rsquo;une \u00ab\u00a0r\u00e9ponse directe\u00a0\u00bb et d&rsquo;une \u00ab\u00a0d\u00e9claration de vengeance\u00a0\u00bb apr\u00e8s<a href=\"https:\/\/fr.news.yahoo.com\/syrie-trois-am%C3%A9ricains-dont-deux-175828166.html\" data-ylk=\"slk:l&#039;attaque qui a co\u00fbt\u00e9 samedi la vie \u00e0 deux militaires am\u00e9ricains;elm:context_link;itc:0;sec:content-canvas;outcm:mb_qualified_link;_E:mb_qualified_link;ct:story;\" class=\"link  yahoo-link\" target=\"_blank\" rel=\"noopener\"> l&rsquo;attaque qui a co\u00fbt\u00e9 samedi la vie \u00e0 deux militaires am\u00e9ricains<\/a> et un traducteur en\u00a0<a class=\"link \" href=\"https:\/\/www.france24.com\/fr\/tag\/syrie\/\" rel=\"nofollow noopener\" target=\"_blank\" data-ylk=\"slk:Syrie;elm:context_link;itc:0;sec:content-canvas\">Syrie<\/a>, a-t-il ajout\u00e9, en affirmant : \u00ab\u00a0Aujourd&rsquo;hui, nous avons traqu\u00e9 et tu\u00e9 des ennemis. Beaucoup d&rsquo;ennemis. Et nous allons continuer.\u00a0\u00bb<\/p>\n<p class=\"mb-4 text-lg md:leading-8 break-words\">\u00ab\u00a0Nous frappons tr\u00e8s fort contre des bastions de l&rsquo;<a href=\"https:\/\/www.france24.com\/fr\/tag\/organisation-\u00e9tat-islamique\/\" rel=\"nofollow noopener\" target=\"_blank\" data-ylk=\"slk:EI;elm:context_link;itc:0;sec:content-canvas\" class=\"link \">EI<\/a>\u00ab\u00a0, a \u00e9crit le pr\u00e9sident am\u00e9ricain, <a class=\"link \" href=\"https:\/\/www.france24.com\/fr\/tag\/donald-trump\/\" rel=\"nofollow noopener\" target=\"_blank\" data-ylk=\"slk:Donald Trump;elm:context_link;itc:0;sec:content-canvas\">Donald Trump<\/a>, sur Truth Social, ajoutant qu&rsquo;il s&rsquo;agit de \u00ab\u00a0tr\u00e8s lourdes repr\u00e9sailles\u00a0\u00bb.<\/p>\n<p class=\"mb-4 text-lg md:leading-8 break-words\">Des avions de chasse, des h\u00e9licopt\u00e8res et de l&rsquo;artillerie ont frapp\u00e9 \u00ab\u00a0plus de 70 cibles \u00e0 de multiples endroits dans le centre de la Syrie\u00a0\u00bb, a pr\u00e9cis\u00e9 le commandement militaire am\u00e9ricain pour le <a class=\"link \" href=\"https:\/\/www.france24.com\/fr\/tag\/moyen-orient\/\" rel=\"nofollow noopener\" target=\"_blank\" data-ylk=\"slk:Moyen-Orient;elm:context_link;itc:0;sec:content-canvas\">Moyen-Orient<\/a>, le Centcom. Il a pr\u00e9cis\u00e9 que l&rsquo;op\u00e9ration avait d\u00e9but\u00e9 \u00e0 16 heures, heure de Washington (21 heures GMT), et que \u00ab\u00a0plus de 100 munitions de pr\u00e9cision\u00a0\u00bb avaient \u00e9t\u00e9 employ\u00e9es contre des positions du groupe \u00c9tat islamique.<\/p>\n<p class=\"mb-4 text-lg md:leading-8 break-words\">Des frappes ont \u00e9t\u00e9 men\u00e9es dans le d\u00e9sert pr\u00e8s de la ville de <a class=\"link \" href=\"https:\/\/www.france24.com\/fr\/tag\/homs\/\" rel=\"nofollow noopener\" target=\"_blank\" data-ylk=\"slk:Homs;elm:context_link;itc:0;sec:content-canvas\">Homs<\/a> et dans des zones rurales pr\u00e8s de Deir ez-Zor et <a class=\"link \" href=\"https:\/\/www.france24.com\/fr\/tag\/raqqa\/\" rel=\"nofollow noopener\" target=\"_blank\" data-ylk=\"slk:Raqqa;elm:context_link;itc:0;sec:content-canvas\">Raqqa<\/a>, a affirm\u00e9 \u00e0 l&rsquo;AFP une source s\u00e9curitaire syrienne.<\/p>\n<p class=\"mb-4 text-lg md:leading-8 break-words\">Aux explosions ont succ\u00e9d\u00e9 \u00ab\u00a0des \u00e9clats de tirs de calibre moyen dans le d\u00e9sert\u00a0\u00bb au sud-ouest de Raqqa, a d\u00e9clar\u00e9 un responsable de la province, ajoutant qu&rsquo;il s&rsquo;agit de zones sous le contr\u00f4le du gouvernement syrien.<\/p>\n<p class=\"mb-4 text-lg md:leading-8 break-words\">Ce dernier \u00ab\u00a0r\u00e9it\u00e8re son solide engagement \u00e0 combattre l&rsquo;EI et \u00e0 s&rsquo;assurer qu&rsquo;il ne b\u00e9n\u00e9ficie d&rsquo;aucun refuge sur le territoire syrien,\u00a0\u00bb a affirm\u00e9 le minist\u00e8re syrien des Affaires \u00e9trang\u00e8res dans une d\u00e9claration publi\u00e9e sur X peu apr\u00e8s les frappes am\u00e9ricaines, sans toutefois les mentionner directement.<\/p>\n<p class=\"mb-4 text-lg md:leading-8 break-words\">Le Centcom affirme que depuis l&rsquo;attaque de samedi contre ses troupes, \u00ab\u00a0les \u00c9tats-Unis et leurs forces alli\u00e9es ont men\u00e9 10 op\u00e9rations en Syrie et en Iraq, aboutissant \u00e0 la mort ou au placement en d\u00e9tention de 23 terroristes.\u00a0\u00bb<\/p>\n<p>Le maintien de la pr\u00e9sence militaire am\u00e9ricaine en Syrie questionn\u00e9<\/p>\n<p class=\"mb-4 text-lg md:leading-8 break-words\">L&rsquo;homme qui a tu\u00e9 trois Am\u00e9ricains dans la r\u00e9gion d\u00e9sertique de <a class=\"link \" href=\"https:\/\/www.france24.com\/fr\/tag\/palmyre\/\" rel=\"nofollow noopener\" target=\"_blank\" data-ylk=\"slk:Palmyre;elm:context_link;itc:0;sec:content-canvas\">Palmyre<\/a> a \u00e9t\u00e9 <a href=\"https:\/\/fr.news.yahoo.com\/syrie-trois-am%C3%A9ricains-dont-deux-091249749.html\" data-ylk=\"slk:identifi\u00e9 comme \u00e9tant un membre des forces de s\u00e9curit\u00e9 syriennes;elm:context_link;itc:0;sec:content-canvas;outcm:mb_qualified_link;_E:mb_qualified_link;ct:story;\" class=\"link  yahoo-link\" target=\"_blank\" rel=\"noopener\">identifi\u00e9 comme \u00e9tant un membre des forces de s\u00e9curit\u00e9 syriennes<\/a>. C&rsquo;est la premi\u00e8re fois qu&rsquo;un tel \u00e9v\u00e9nement est rapport\u00e9 en Syrie depuis la prise du pouvoir, il y a un an, d&rsquo;une coalition islamiste qui a effectu\u00e9 un rapprochement avec les <a class=\"link \" href=\"https:\/\/www.france24.com\/fr\/tag\/\u00e9tats-unis\/\" rel=\"nofollow noopener\" target=\"_blank\" data-ylk=\"slk:\u00c9tats-Unis;elm:context_link;itc:0;sec:content-canvas\">\u00c9tats-Unis<\/a>.<\/p>\n<p class=\"mb-4 text-lg md:leading-8 break-words\">Le groupe jihadiste \u00c9tat islamique avait contr\u00f4l\u00e9 la r\u00e9gion de Palmyre avant d&rsquo;\u00eatre d\u00e9fait en Syrie par une coalition internationale en 2019. Malgr\u00e9 sa d\u00e9faite, ses combattants repli\u00e9s dans le vaste d\u00e9sert syrien continuent \u00e9pisodiquement de mener des attaques.<\/p>\n<p class=\"mb-4 text-lg md:leading-8 break-words\"><a href=\"https:\/\/www.france24.com\/fr\/vid\u00e9o\/20251111-visite-historique-d-ahmed-al-charaa-\u00e0-washington\" rel=\"nofollow noopener\" target=\"_blank\" data-ylk=\"slk:Lors de la visite du pr\u00e9sident int\u00e9rimaire syrien, Ahmad al-Charaa, \u00e0 Washington le mois dernier;elm:context_link;itc:0;sec:content-canvas\" class=\"link \">Lors de la visite du pr\u00e9sident int\u00e9rimaire syrien, Ahmad al-Charaa, \u00e0 Washington le mois dernier<\/a>, Damas avait rejoint la coalition internationale antijihadiste men\u00e9e par les \u00c9tats-Unis.<\/p>\n<p class=\"mb-4 text-lg md:leading-8 break-words\">\u00c0 lire aussi<a class=\"link  yahoo-link\" href=\"https:\/\/fr.news.yahoo.com\/visite-charaa-%C3%A0-washington-trump-111232625.html\" data-ylk=\"slk:Visite de Charaa \u00e0 Washington\u00a0: &quot;Trump veut obtenir l&#039;adh\u00e9sion de la Syrie aux accords d&#039;Abraham&quot;;elm:context_link;itc:0;sec:content-canvas;outcm:mb_qualified_link;_E:mb_qualified_link;ct:story;\" target=\"_blank\" rel=\"noopener\">Visite de Charaa \u00e0 Washington\u00a0: \u00ab\u00a0Trump veut obtenir l&rsquo;adh\u00e9sion de la Syrie aux accords d&rsquo;Abraham\u00a0\u00bb<\/a><\/p>\n<p class=\"mb-4 text-lg md:leading-8 break-words\">Les forces am\u00e9ricaines en Syrie sont notamment d\u00e9ploy\u00e9es dans les zones sous contr\u00f4le kurde dans le nord, ainsi que dans la base d&rsquo;Al-Tanf, pr\u00e8s de la fronti\u00e8re jordanienne.<\/p>\n<p class=\"mb-4 text-lg md:leading-8 break-words\">Le retour au pouvoir de Donald Trump, sceptique de mani\u00e8re g\u00e9n\u00e9rale sur les d\u00e9ploiements de soldats am\u00e9ricains \u00e0 l&rsquo;\u00e9tranger, pose la question du maintien de cette pr\u00e9sence militaire.<\/p>\n<p class=\"mb-4 text-lg md:leading-8 break-words\">Le <a class=\"link \" href=\"https:\/\/www.france24.com\/fr\/tag\/pentagone\/\" rel=\"nofollow noopener\" target=\"_blank\" data-ylk=\"slk:Pentagone;elm:context_link;itc:0;sec:content-canvas\">Pentagone<\/a> avait annonc\u00e9 en avril que les \u00c9tats-Unis r\u00e9duiraient de moiti\u00e9 le nombre de soldats am\u00e9ricains en Syrie, dont l&rsquo;effectif total actuel n&rsquo;est pas officiellement connu.<\/p>\n<p class=\"mb-4 text-lg md:leading-8 break-words\">Avec AFP<\/p>\n","protected":false},"excerpt":{"rendered":"Repr\u00e9sailles des \u00c9tats-Unis en Syrie. L&rsquo;arm\u00e9e am\u00e9ricaine a lanc\u00e9, vendredi 19 d\u00e9cembre, une op\u00e9ration en Syrie pour \u00ab\u00a0\u00e9liminer&hellip;\n","protected":false},"author":2,"featured_media":610714,"comment_status":"","ping_status":"","sticky":false,"template":"","format":"standard","meta":{"footnotes":""},"categories":[1589],"tags":[11,63077,75,23398,73,1866,12,32,1864,1865,1863,308],"class_list":{"0":"post-610713","1":"post","2":"type-post","3":"status-publish","4":"format-standard","5":"has-post-thumbnail","7":"category-etats-unis","8":"tag-actualites","9":"tag-avions-de-chasse","10":"tag-donald-trump","11":"tag-etat-islamique","12":"tag-etats-unis","13":"tag-etats-unis-damerique","14":"tag-news","15":"tag-syrie","16":"tag-united-states","17":"tag-united-states-of-america","18":"tag-us","19":"tag-usa"},"share_on_mastodon":{"url":"https:\/\/pubeurope.com\/@fr\/115749291849315911","error":""},"_links":{"self":[{"href":"https:\/\/www.europesays.com\/fr\/wp-json\/wp\/v2\/posts\/610713","targetHints":{"allow":["GET"]}}],"collection":[{"href":"https:\/\/www.europesays.com\/fr\/wp-json\/wp\/v2\/posts"}],"about":[{"href":"https:\/\/www.europesays.com\/fr\/wp-json\/wp\/v2\/types\/post"}],"author":[{"embeddable":true,"href":"https:\/\/www.europesays.com\/fr\/wp-json\/wp\/v2\/users\/2"}],"replies":[{"embeddable":true,"href":"https:\/\/www.europesays.com\/fr\/wp-json\/wp\/v2\/comments?post=610713"}],"version-history":[{"count":0,"href":"https:\/\/www.europesays.com\/fr\/wp-json\/wp\/v2\/posts\/610713\/revisions"}],"wp:featuredmedia":[{"embeddable":true,"href":"https:\/\/www.europesays.com\/fr\/wp-json\/wp\/v2\/media\/610714"}],"wp:attachment":[{"href":"https:\/\/www.europesays.com\/fr\/wp-json\/wp\/v2\/media?parent=610713"}],"wp:term":[{"taxonomy":"category","embeddable":true,"href":"https:\/\/www.europesays.com\/fr\/wp-json\/wp\/v2\/categories?post=610713"},{"taxonomy":"post_tag","embeddable":true,"href":"https:\/\/www.europesays.com\/fr\/wp-json\/wp\/v2\/tags?post=610713"}],"curies":[{"name":"wp","href":"https:\/\/api.w.org\/{rel}","templated":true}]}}