{"id":610717,"date":"2025-12-20T01:27:26","date_gmt":"2025-12-20T01:27:26","guid":{"rendered":"https:\/\/www.europesays.com\/fr\/610717\/"},"modified":"2025-12-20T01:27:26","modified_gmt":"2025-12-20T01:27:26","slug":"lallemagne-exerce-des-options-pour-20-airbus-h145m-supplementaires-dans-le-cadre-des-besoins-en-helicopteres-de-combat-legers","status":"publish","type":"post","link":"https:\/\/www.europesays.com\/fr\/610717\/","title":{"rendered":"L&rsquo;Allemagne exerce des options pour 20 Airbus H145M suppl\u00e9mentaires dans le cadre des besoins en h\u00e9licopt\u00e8res de combat l\u00e9gers"},"content":{"rendered":"<p>L\u2019Allemagne a exerc\u00e9 des options sur 20 Airbus Helicopters H145M, s\u2019ajoutant aux 62 exemplaires du bimoteur l\u00e9ger qu\u2019elle avait command\u00e9 en d\u00e9cembre 2023.<\/p>\n<p>Acquises dans le cadre du projet berlinois Leichter Kampfhubschrauber (LKH), l\u2019arm\u00e9e allemande en recevra 62, tandis que les forces sp\u00e9ciales de la Luftwaffe en recevront 20.<\/p>\n<p>Les missions du H145M LKH comprennent la formation, la reconnaissance, les op\u00e9rations des forces sp\u00e9ciales et les attaques l\u00e9g\u00e8res.<\/p>\n<p>Les 82 H145M LKH sont tous \u00e9quip\u00e9s des provisions fixes et du syst\u00e8me de gestion d\u2019armes HForce pour leur permettre d\u2019\u00eatre arm\u00e9s si n\u00e9cessaire.<\/p>\n<p>L\u2019Allemagne n\u2019a pas pr\u00e9cis\u00e9 combien de kits d\u2019armes elle avait command\u00e9s, ni leur configuration. Le syst\u00e8me HForce d\u2019Airbus Helicopters propose des options comprenant des mitrailleuses podd\u00e9es, des roquettes guid\u00e9es et des missiles antichar.<\/p>\n<p>Un premier H145M LKH a \u00e9t\u00e9 livr\u00e9 \u00e0 l\u2019Allemagne en novembre 2024. Cependant, ni Berlin ni l\u2019avionneur n\u2019ont divulgu\u00e9 le calendrier de livraison des avions restants.<\/p>\n<p>L\u2019Allemagne exploite d\u00e9j\u00e0 deux autres flottes de type bimoteur : 16 H145M LUF SOF pour les forces sp\u00e9ciales et huit H145 LUH SAR \u00e0 vocation commerciale de recherche et de sauvetage.<\/p>\n<p>Airbus Helicopters construit le H145M dans son usine de Donauworth, dans le sud de l\u2019Allemagne.<\/p>\n","protected":false},"excerpt":{"rendered":"L\u2019Allemagne a exerc\u00e9 des options sur 20 Airbus Helicopters H145M, s\u2019ajoutant aux 62 exemplaires du bimoteur l\u00e9ger qu\u2019elle&hellip;\n","protected":false},"author":2,"featured_media":610718,"comment_status":"","ping_status":"","sticky":false,"template":"","format":"standard","meta":{"footnotes":""},"categories":[1587],"tags":[11,36,672,72176,1804,33781,5432,1446,1805,154,1803,1777,674,68148,1801,72177,72178,3442,12091,12,72179,471,1802,16567],"class_list":{"0":"post-610717","1":"post","2":"type-post","3":"status-publish","4":"format-standard","5":"has-post-thumbnail","7":"category-allemagne","8":"tag-actualites","9":"tag-airbus","10":"tag-allemagne","11":"tag-besoins","12":"tag-bundesrepublik-deutschland","13":"tag-cadre","14":"tag-combat","15":"tag-dans","16":"tag-de","17":"tag-des","18":"tag-deutschland","19":"tag-eu","20":"tag-europe","21":"tag-exerce","22":"tag-germany","23":"tag-h145m","24":"tag-helicopteres","25":"tag-lallemagne","26":"tag-legers","27":"tag-news","28":"tag-options","29":"tag-pour","30":"tag-republique-federale-dallemagne","31":"tag-supplementaires"},"share_on_mastodon":{"url":"https:\/\/pubeurope.com\/@fr\/115749299390024915","error":""},"_links":{"self":[{"href":"https:\/\/www.europesays.com\/fr\/wp-json\/wp\/v2\/posts\/610717","targetHints":{"allow":["GET"]}}],"collection":[{"href":"https:\/\/www.europesays.com\/fr\/wp-json\/wp\/v2\/posts"}],"about":[{"href":"https:\/\/www.europesays.com\/fr\/wp-json\/wp\/v2\/types\/post"}],"author":[{"embeddable":true,"href":"https:\/\/www.europesays.com\/fr\/wp-json\/wp\/v2\/users\/2"}],"replies":[{"embeddable":true,"href":"https:\/\/www.europesays.com\/fr\/wp-json\/wp\/v2\/comments?post=610717"}],"version-history":[{"count":0,"href":"https:\/\/www.europesays.com\/fr\/wp-json\/wp\/v2\/posts\/610717\/revisions"}],"wp:featuredmedia":[{"embeddable":true,"href":"https:\/\/www.europesays.com\/fr\/wp-json\/wp\/v2\/media\/610718"}],"wp:attachment":[{"href":"https:\/\/www.europesays.com\/fr\/wp-json\/wp\/v2\/media?parent=610717"}],"wp:term":[{"taxonomy":"category","embeddable":true,"href":"https:\/\/www.europesays.com\/fr\/wp-json\/wp\/v2\/categories?post=610717"},{"taxonomy":"post_tag","embeddable":true,"href":"https:\/\/www.europesays.com\/fr\/wp-json\/wp\/v2\/tags?post=610717"}],"curies":[{"name":"wp","href":"https:\/\/api.w.org\/{rel}","templated":true}]}}