{"id":610721,"date":"2025-12-20T01:29:12","date_gmt":"2025-12-20T01:29:12","guid":{"rendered":"https:\/\/www.europesays.com\/fr\/610721\/"},"modified":"2025-12-20T01:29:12","modified_gmt":"2025-12-20T01:29:12","slug":"pro-d2-on-na-pas-eu-ce-coup-de-rein-habituel-dans-le-money-time-analyse-adrien-roux-valence-romans-apres-la-defaite-a-colomiers","status":"publish","type":"post","link":"https:\/\/www.europesays.com\/fr\/610721\/","title":{"rendered":"Pro D2 &#8211; \u00ab\u00a0On n\u2019a pas eu ce coup de rein habituel dans le money-time\u00a0\u00bb, analyse Adrien Roux (Valence-Romans), apr\u00e8s la d\u00e9faite \u00e0 Colomiers"},"content":{"rendered":"<p>\n                Adrien Roux, troisi\u00e8me ligne de Valence-Romans, est revenu sur la d\u00e9faite des siens \u00e0 Colomiers (24-10). D\u00e9faite qui ne g\u00e2che pas le bilan \u00ab\u00a0exceptionnel\u00a0\u00bb du VRDR sur la phase aller et plus largement en 2025.\n            <\/p>\n<p><strong>Avez-vous le sentiment qu\u2019il y avait la place pour faire un r\u00e9sultat ce soir ?<\/strong><\/p>\n<p>Bien s\u00fbr qu\u2019il y avait la place. On avait bien analys\u00e9 cette \u00e9quipe de Colomiers pour trouver les espaces. Ce soir, on est tomb\u00e9 sur une tr\u00e8s belle \u00e9quipe, solide d\u00e9fensivement. Mais je pense surtout qu\u2019on n\u2019a pas assez cru en nous, en ce qu\u2019on avait travaill\u00e9 cette semaine, ni en les consignes des coachs. \u00c0 partir de ce moment-l\u00e0, on ne peut pas esp\u00e9rer mieux que ce qu\u2019on a fait ce soir.<\/p>\n<p><strong>La frustration vient des munitions que vous avez eues sans les concr\u00e9tiser ?<\/strong><\/p>\n<p>Oui, il y a de la frustration. On sortait de plusieurs matchs sans d\u00e9faite, donc la premi\u00e8re fait toujours redescendre sur terre, m\u00eame si on restait lucides. Ce soir, il y a eu un manque de pr\u00e9cision, un manque de lucidit\u00e9, et surtout, comme je l\u2019ai dit, un manque de confiance en ce qu\u2019on faisait. C\u2019est le principal probl\u00e8me de la soir\u00e9e.<\/p>\n<p><strong>A quoi l&rsquo;expliquez-vous ?<\/strong><\/p>\n<p>On n\u2019a pas eu ce coup de rein qui nous avait permis, lors des matchs pr\u00e9c\u00e9dents, de remporter les victoires dans le \u00ab money time \u00bb. On a attendu l\u2019heure de jeu pour faire le premier maul, alors que c\u2019est une de nos forces depuis le d\u00e9but de la saison. Il y a eu des cartons jaunes (Bellemand, 63e, et Ad\u00e9la\u00efde, 68e), on repart en maul, mais on n\u2019arrive pas \u00e0 concr\u00e9tiser, on perd plusieurs ballons. \u00c0 partir de ce moment-l\u00e0, m\u00eame sur les fondamentaux, on n\u2019y est pas, donc on ne peut pas esp\u00e9rer mieux. Le premier ballon port\u00e9 \u00e0 15 contre 13, \u00e0 la 70e, c\u2019est un petit tournant du match. On a la sensation qu\u2019\u00e0 ce moment-l\u00e0, on manque une vraie occasion de relancer la machine. Depuis le d\u00e9but de la saison, on g\u00e9rait plut\u00f4t bien ces situations, elles nous souriaient \u00e0 chaque fois. Ce soir, on a but\u00e9 sur une belle \u00e9quipe de Colomiers, il ne faut pas l\u2019oublier. On a manqu\u00e9 de pr\u00e9cision, et c\u2019est le principal d\u00e9faut de la soir\u00e9e.<\/p>\n<p><strong>La d\u00e9ception pass\u00e9e, allez-vous quand m\u00eame passer de belles f\u00eates de fin d\u2019ann\u00e9e ?<\/strong><\/p>\n<p>Bien entendu ! On est comp\u00e9titeurs, donc on regrette toujours de perdre. D&rsquo;autant plus contre Colomiers ; on en avait parl\u00e9 en d\u00e9but de semaine, on voulait prendre notre revanche (apr\u00e8s la seule d\u00e9faite du VRDR \u00e0 Pompidou en 2025, contre Colomiers le 10 janvier). Malheureusement, ce n&rsquo;est pas fait. Mais on les recevra comme il faut en 2026 (il sourit). Et on va passer de bonnes f\u00eates. On a fait un d\u00e9but de saison exceptionnel, une ann\u00e9e 2025 exceptionnelle. On va garder le positif et repartir de l\u2019avant pour que l&rsquo;ann\u00e9e 2026 soit encore plus belle, si possible.<\/p>\n","protected":false},"excerpt":{"rendered":"Adrien Roux, troisi\u00e8me ligne de Valence-Romans, est revenu sur la d\u00e9faite des siens \u00e0 Colomiers (24-10). D\u00e9faite qui&hellip;\n","protected":false},"author":2,"featured_media":610722,"comment_status":"","ping_status":"","sticky":false,"template":"","format":"standard","meta":{"footnotes":""},"categories":[1586],"tags":[11,1777,674,1779,1011,27,12,2308,25,68796,1778,364],"class_list":{"0":"post-610721","1":"post","2":"type-post","3":"status-publish","4":"format-standard","5":"has-post-thumbnail","7":"category-europe","8":"tag-actualites","9":"tag-eu","10":"tag-europe","11":"tag-european-union","12":"tag-fr","13":"tag-france","14":"tag-news","15":"tag-pro-d2","16":"tag-republique-francaise","17":"tag-rugby-u00e0-xv","18":"tag-ue","19":"tag-union-europeenne"},"share_on_mastodon":{"url":"https:\/\/pubeurope.com\/@fr\/115749307327611863","error":""},"_links":{"self":[{"href":"https:\/\/www.europesays.com\/fr\/wp-json\/wp\/v2\/posts\/610721","targetHints":{"allow":["GET"]}}],"collection":[{"href":"https:\/\/www.europesays.com\/fr\/wp-json\/wp\/v2\/posts"}],"about":[{"href":"https:\/\/www.europesays.com\/fr\/wp-json\/wp\/v2\/types\/post"}],"author":[{"embeddable":true,"href":"https:\/\/www.europesays.com\/fr\/wp-json\/wp\/v2\/users\/2"}],"replies":[{"embeddable":true,"href":"https:\/\/www.europesays.com\/fr\/wp-json\/wp\/v2\/comments?post=610721"}],"version-history":[{"count":0,"href":"https:\/\/www.europesays.com\/fr\/wp-json\/wp\/v2\/posts\/610721\/revisions"}],"wp:featuredmedia":[{"embeddable":true,"href":"https:\/\/www.europesays.com\/fr\/wp-json\/wp\/v2\/media\/610722"}],"wp:attachment":[{"href":"https:\/\/www.europesays.com\/fr\/wp-json\/wp\/v2\/media?parent=610721"}],"wp:term":[{"taxonomy":"category","embeddable":true,"href":"https:\/\/www.europesays.com\/fr\/wp-json\/wp\/v2\/categories?post=610721"},{"taxonomy":"post_tag","embeddable":true,"href":"https:\/\/www.europesays.com\/fr\/wp-json\/wp\/v2\/tags?post=610721"}],"curies":[{"name":"wp","href":"https:\/\/api.w.org\/{rel}","templated":true}]}}