{"id":610729,"date":"2025-12-20T01:36:24","date_gmt":"2025-12-20T01:36:24","guid":{"rendered":"https:\/\/www.europesays.com\/fr\/610729\/"},"modified":"2025-12-20T01:36:24","modified_gmt":"2025-12-20T01:36:24","slug":"top-14-pour-son-retour-a-aime-giral-lusap-veut-lancer-sa-remontee-contre-clermont","status":"publish","type":"post","link":"https:\/\/www.europesays.com\/fr\/610729\/","title":{"rendered":"Top 14\u00a0: pour son retour \u00e0 Aim\u00e9-Giral, l\u2019USAP veut lancer sa remont\u00e9e contre Clermont"},"content":{"rendered":"<p>\n                                                                Deux mois apr\u00e8s sa derni\u00e8re apparition \u00e0 Aim\u00e9-Giral en Top 14, l\u2019USAP retrouve enfin le chemin de la cath\u00e9drale avec un rendez-vous capital face \u00e0 Clermont (ce samedi\u00a016 h 35). Entre changement de staff, regain de confiance et signaux encourageants en coupe d\u2019Europe, les Catalans esp\u00e8rent transformer les promesses en victoire.\n                            <\/p>\n<p>Deux mois sans Top 14 \u00e0 Aim\u00e9-Giral, c\u2019est long. Extr\u00eamement long. Parce qu\u2019il s\u2019en est pass\u00e9 des choses depuis ce 18\u00a0octobre et cette derni\u00e8re r\u00e9ception de Bordeaux (12-27)\u2026 Le staff a \u00e9t\u00e9 chang\u00e9, de nouveaux joueurs sont arriv\u00e9s, il y a eu cette claque \u00e0 B\u00e9ziers contre Montpellier (0-28), un contenu int\u00e9ressant \u00e0 Castres (d\u00e9faite 23-7) puis, enfin, cette premi\u00e8re victoire contre les Dragons de Newport en coupe d\u2019Europe (41-17). Mais surtout, 72 points inscrits en deux matches en incluant la rencontre disput\u00e9e \u00e0 Tr\u00e9vise (d\u00e9faite 44-31). De quoi se donner de la confiance avant le retour du Top 14 ce samedi (16\u00a0h\u00a035) contre Clermont. \u00ab\u00a0Les joueurs travaillent plut\u00f4t tr\u00e8s bien depuis un mois, avec un bon \u00e9tat d\u2019esprit et une bonne intensit\u00e9, relate le manager Laurent Labit. C\u2019est important pour les joueurs de se payer. Ce rendez-vous est d\u00e9terminant pour eux. Si on fait ce qu\u2019il faut sur le terrain, on\u00a0jouera \u00e0 16 contre 15\u2026\u00a0\u00bb<\/p>\n<p class=\"std-elt__inline\">\n        <strong>\u00c0 lire aussi :<\/strong><br \/>\n        <a href=\"https:\/\/www.lindependant.fr\/2025\/12\/19\/top-14-theo-forner-a-larriere-eneriko-buliruarua-premier-centre-sama-malolo-et-james-hall-titulaires-la-composition-de-lusap-pour-la-reception-de-13118299.php\" target=\"_blank\" rel=\"noopener\">Top 14\u00a0: Th\u00e9o Forner \u00e0 l\u2019arri\u00e8re, Eneriko Buliruarua premier centre, Sama Malolo et James Hall titulaires\u2026 La composition de l\u2019USAP pour la r\u00e9ception de Clermont<\/a>\n    <\/p>\n<p>Valider le travail mis en place<\/p>\n<p>Pour ce rendez-vous d\u00e9terminant, Laurent Labit a activ\u00e9 un levier suppl\u00e9mentaire pour tenter d\u2019enfin faire basculer les choses du c\u00f4t\u00e9 de l\u2019USAP. Le manager a souhait\u00e9 partir pendant trois jours avec ses joueurs en stage \u00e0 Olot, pour resserrer les liens et s\u2019offrir un confort de travail sportivement, mais pas que. \u00ab\u00a0C\u2019est toujours quelque chose de bien de se retrouver vraiment tous ensemble, de passer du temps en groupe, de bien communiquer, de rester tous ensemble serr\u00e9s et sans le monde autour\u00a0\u00bb, confirme l\u2019arri\u00e8re Th\u00e9o Forner, qui va faire son retour \u00e0 la comp\u00e9tition ce samedi apr\u00e8s deux mois d\u2019absence (blessure au pied).<\/p>\n<p>Ce groupe a envie de bousculer les choses. Il n\u2019y a qu\u2019\u00e0 se souvenir des visages illumin\u00e9s apr\u00e8s la victoire europ\u00e9enne contre Newport il y a deux semaines pour comprendre \u00e0 quel point une victoire ferait du bien ce week-end. \u00c9videmment, d\u2019un point de vue comptable c\u2019est primordial. Mais c\u2019est aussi mentalement que le d\u00e9clic est recherch\u00e9. Car il\u00a0y a eu un changement de mentalit\u00e9 dans le vestiaire, c\u2019est une r\u00e9alit\u00e9. \u00ab\u00a0On sent plus de professionnalisme\u00a0\u00bb, clame Labit. L\u2019apport des leaders de retour \u00e0 100\u00a0% aide forc\u00e9ment. Jamie Ritchie est devenu un capitaine \u00e0 part enti\u00e8re et\u00a0l\u2019\u00e2me du vestiaire. Et avec d\u2019autres relais comme\u00a0Benjam\u00edn Urdapilleta, Tom Ecochard, Jacobus van Tonder, Mathieu Tanguy, Peceli Yato, Max Hicks, James Hall ou encore Matt\u00e9o Le Corvec, l\u2019USAP peut s\u2019avancer avec un peu plus de s\u00e9r\u00e9nit\u00e9. L\u2019\u00e9quipe align\u00e9e ce samedi par Laurent Labit n\u2019a strictement rien \u00e0 voir avec celle qui a affront\u00e9 Montpellier il y a un mois, par exemple. L\u00e0, les excuses\u00a0du manque de rep\u00e8res, de cadres et de densit\u00e9 ne passeront pas.<\/p>\n<p class=\"std-elt__inline\">\n        <strong>\u00c0 lire aussi :<\/strong><br \/>\n        <a href=\"https:\/\/www.lindependant.fr\/2025\/12\/18\/top-14-les-semaines-dentrainement-sont-plus-riches-et-plus-intenses-pour-la-reception-de-clermont-lusap-peut-enfin-sappuyer-sur-un-effectif-largement-13117375.php\" target=\"_blank\" rel=\"noopener\">Top 14 : \u00ab\u00a0Les semaines d\u2019entra\u00eenement sont plus riches et plus intenses\u00a0\u00bb, pour la r\u00e9ception de Clermont, l&rsquo;USAP peut enfin s&rsquo;appuyer sur un effectif largement renforc\u00e9<\/a>\n    <\/p>\n<p>Tout cela doit permettre \u00e0 Perpignan d\u2019enfin s\u2019imposer en Top 14. Avant d\u2019affronter Toulon et Toulouse, et apr\u00e8s toutes les choses mises en place par le nouveau staff, perdre contre l\u2019ASM et encha\u00eener une sixi\u00e8me d\u00e9faite \u00e0 domicile\u00a0pourraient donner un nouveau gros coup de massue aux sang et or. \u00ab\u00a0J\u2019esp\u00e8re qu\u2019on a retrouv\u00e9 de la confiance avec ces deux matches de coupe d\u2019Europe et que \u00e7a va se voir samedi\u00a0\u00bb, mart\u00e8le Jacobus van Tonder, qui va d\u00e9marrer dans une troisi\u00e8me ligne XXL avec Jamie Ritchie et\u00a0Joaqu\u00edn Oviedo. En esp\u00e9rant que, cette fois, les actes suivent les paroles et les promesses.<\/p>\n","protected":false},"excerpt":{"rendered":"Deux mois apr\u00e8s sa derni\u00e8re apparition \u00e0 Aim\u00e9-Giral en Top 14, l\u2019USAP retrouve enfin le chemin de la&hellip;\n","protected":false},"author":2,"featured_media":610730,"comment_status":"","ping_status":"","sticky":false,"template":"","format":"standard","meta":{"footnotes":""},"categories":[1416],"tags":[1011,27,3464,11548,479,1468,68796,517,60,478],"class_list":{"0":"post-610729","1":"post","2":"type-post","3":"status-publish","4":"format-standard","5":"has-post-thumbnail","7":"category-rugby","8":"tag-fr","9":"tag-france","10":"tag-perpignan","11":"tag-pyrenees-orientales","12":"tag-rugby","13":"tag-rugby-football","14":"tag-rugby-u00e0-xv","15":"tag-sport","16":"tag-sports","17":"tag-top-14"},"share_on_mastodon":{"url":"https:\/\/pubeurope.com\/@fr\/115749334872305629","error":""},"_links":{"self":[{"href":"https:\/\/www.europesays.com\/fr\/wp-json\/wp\/v2\/posts\/610729","targetHints":{"allow":["GET"]}}],"collection":[{"href":"https:\/\/www.europesays.com\/fr\/wp-json\/wp\/v2\/posts"}],"about":[{"href":"https:\/\/www.europesays.com\/fr\/wp-json\/wp\/v2\/types\/post"}],"author":[{"embeddable":true,"href":"https:\/\/www.europesays.com\/fr\/wp-json\/wp\/v2\/users\/2"}],"replies":[{"embeddable":true,"href":"https:\/\/www.europesays.com\/fr\/wp-json\/wp\/v2\/comments?post=610729"}],"version-history":[{"count":0,"href":"https:\/\/www.europesays.com\/fr\/wp-json\/wp\/v2\/posts\/610729\/revisions"}],"wp:featuredmedia":[{"embeddable":true,"href":"https:\/\/www.europesays.com\/fr\/wp-json\/wp\/v2\/media\/610730"}],"wp:attachment":[{"href":"https:\/\/www.europesays.com\/fr\/wp-json\/wp\/v2\/media?parent=610729"}],"wp:term":[{"taxonomy":"category","embeddable":true,"href":"https:\/\/www.europesays.com\/fr\/wp-json\/wp\/v2\/categories?post=610729"},{"taxonomy":"post_tag","embeddable":true,"href":"https:\/\/www.europesays.com\/fr\/wp-json\/wp\/v2\/tags?post=610729"}],"curies":[{"name":"wp","href":"https:\/\/api.w.org\/{rel}","templated":true}]}}