{"id":610733,"date":"2025-12-20T01:41:15","date_gmt":"2025-12-20T01:41:15","guid":{"rendered":"https:\/\/www.europesays.com\/fr\/610733\/"},"modified":"2025-12-20T01:41:15","modified_gmt":"2025-12-20T01:41:15","slug":"cyclisme-route-tadej-pogacar-explose-son-propre-record-dans-le-coll-de-rates","status":"publish","type":"post","link":"https:\/\/www.europesays.com\/fr\/610733\/","title":{"rendered":"Cyclisme. Route &#8211; Tadej Pogacar explose son propre record dans le Coll de Rates"},"content":{"rendered":"<p>Ce vendredi, <strong>Tadej Pogacar<\/strong> a encore repouss\u00e9 ses propres limites en am\u00e9liorant son record sur le Coll de Rates. Le Slov\u00e8ne d&rsquo;<strong>UAE Team Emirates XRG<\/strong> a boucl\u00e9 l\u2019ascension en 11 minutes et 57 secondes, soit 24 secondes de mieux que son temps r\u00e9alis\u00e9 un an plus t\u00f4t. Situ\u00e9 pr\u00e8s de Calpe, le Coll de Rates est sans doute l\u2019une des mont\u00e9es d\u2019entra\u00eenement les plus fr\u00e9quent\u00e9es au monde. Chaque hiver, de nombreuses \u00e9quipes professionnelles y \u00e9tablissent leur camp de pr\u00e9paration. Longue de 6,4 kilom\u00e8tres, la mont\u00e9e affiche une pente moyenne de 5,5 %.<\/p>\n<p>Vid\u00e9o &#8211; Cyclism&rsquo;Actu s&rsquo;est essay\u00e9 sur le Coll de Rates Lire la suite de l&rsquo;article&#13;<\/p>\n<p>\u00a0<\/p>\n<p>&#13;<br \/>\n32km\/h de moyenne !&#13;<\/p>\n<p>D\u00e9j\u00e0 l\u2019an dernier, <strong>Pogacar <\/strong>avait marqu\u00e9 les esprits en s\u2019emparant du KOM\u00a0(record du temps d&rsquo;ascension enregistr\u00e9 par Strava)\u00a0d\u00e9tenu par <strong>Peter \u00d8xenberg<\/strong>\u00a0(INEOS Grenadiers), qui avait gravi la mont\u00e9e en 12 minutes et 38 secondes, am\u00e9liorant alors la r\u00e9f\u00e9rence de plus de 17 secondes. Cette fois, le champion slov\u00e8ne est all\u00e9 encore plus loin : il devient le premier coureur \u00e0 franchir le sommet en moins de douze minutes, \u00e0 une vitesse moyenne sup\u00e9rieure \u00e0 32 km\/h.<\/p>\n<p>&#13;<\/p>\n<p>Malgr\u00e9 cette nouvelle performance impressionnante, <strong>Pogacar <\/strong>est rest\u00e9 tr\u00e8s discret sur ses r\u00e9seaux. Sur Strava, o\u00f9 il a enregistr\u00e9 une sortie de 226 kilom\u00e8tres, il s\u2019est content\u00e9 d\u2019un message laconique : \u00ab\u00a0Joyeux No\u00ebl et bonne ann\u00e9e\u00a0\u00bb.<\/p>\n","protected":false},"excerpt":{"rendered":"Ce vendredi, Tadej Pogacar a encore repouss\u00e9 ses propres limites en am\u00e9liorant son record sur le Coll de&hellip;\n","protected":false},"author":2,"featured_media":610734,"comment_status":"","ping_status":"","sticky":false,"template":"","format":"standard","meta":{"footnotes":""},"categories":[1411],"tags":[1154,207,211,1011,27,209,60,210,212,208,213],"class_list":{"0":"post-610733","1":"post","2":"type-post","3":"status-publish","4":"format-standard","5":"has-post-thumbnail","7":"category-cyclisme","8":"tag-cycling","9":"tag-cyclisme","10":"tag-ffc","11":"tag-fr","12":"tag-france","13":"tag-route","14":"tag-sports","15":"tag-tour-de-france","16":"tag-uci","17":"tag-velo","18":"tag-world-tour"},"share_on_mastodon":{"url":"https:\/\/pubeurope.com\/@fr\/115749354409002783","error":""},"_links":{"self":[{"href":"https:\/\/www.europesays.com\/fr\/wp-json\/wp\/v2\/posts\/610733","targetHints":{"allow":["GET"]}}],"collection":[{"href":"https:\/\/www.europesays.com\/fr\/wp-json\/wp\/v2\/posts"}],"about":[{"href":"https:\/\/www.europesays.com\/fr\/wp-json\/wp\/v2\/types\/post"}],"author":[{"embeddable":true,"href":"https:\/\/www.europesays.com\/fr\/wp-json\/wp\/v2\/users\/2"}],"replies":[{"embeddable":true,"href":"https:\/\/www.europesays.com\/fr\/wp-json\/wp\/v2\/comments?post=610733"}],"version-history":[{"count":0,"href":"https:\/\/www.europesays.com\/fr\/wp-json\/wp\/v2\/posts\/610733\/revisions"}],"wp:featuredmedia":[{"embeddable":true,"href":"https:\/\/www.europesays.com\/fr\/wp-json\/wp\/v2\/media\/610734"}],"wp:attachment":[{"href":"https:\/\/www.europesays.com\/fr\/wp-json\/wp\/v2\/media?parent=610733"}],"wp:term":[{"taxonomy":"category","embeddable":true,"href":"https:\/\/www.europesays.com\/fr\/wp-json\/wp\/v2\/categories?post=610733"},{"taxonomy":"post_tag","embeddable":true,"href":"https:\/\/www.europesays.com\/fr\/wp-json\/wp\/v2\/tags?post=610733"}],"curies":[{"name":"wp","href":"https:\/\/api.w.org\/{rel}","templated":true}]}}