{"id":610739,"date":"2025-12-20T01:44:23","date_gmt":"2025-12-20T01:44:23","guid":{"rendered":"https:\/\/www.europesays.com\/fr\/610739\/"},"modified":"2025-12-20T01:44:23","modified_gmt":"2025-12-20T01:44:23","slug":"picasso-et-frida-kahlo-aux-carrieres-des-lumieres-des-baux-de-provence-en-2026","status":"publish","type":"post","link":"https:\/\/www.europesays.com\/fr\/610739\/","title":{"rendered":"Picasso et Frida Kahlo aux Carri\u00e8res des lumi\u00e8res des Baux-de-Provence en 2026"},"content":{"rendered":"<p>\n                                                                Apr\u00e8s Claude Monet et Le Petit Prince, les Carri\u00e8res des lumi\u00e8res des Baux-de-Provence vont pr\u00e9senter des expositions num\u00e9riques consacr\u00e9es \u00e0 Pablo Picasso et Frida Kahlo \u00e0 partir du 13\u00a0f\u00e9vrier.\n                            <\/p>\n<p>Les\u00a0prochaines expositions num\u00e9riques des Carri\u00e8res des lumi\u00e8res des Baux-de-Provence vont ravir les habitu\u00e9s. \u00c0 partir du 13\u00a0f\u00e9vrier 2026, ils pourront d\u00e9couvrir des programmes consacr\u00e9s au peintre Pablo Picasso et \u00e0 l\u2019artiste mexicaine Frida Kahlo.<\/p>\n<p>Toutes les facettes de Picasso<\/p>\n<p>Pablo Picasso connaissait bien les lieux, il appara\u00eet dans la s\u00e9quence\u00a0finale du Testament d\u2019Orph\u00e9e tourn\u00e9e par Jean Cocteau dans les carri\u00e8res des Baux-de-Provence. Il avait d\u00e9j\u00e0 \u00e9t\u00e9 \u00e0 l\u2019honneur en 2018, dans un dialogue avec les ma\u00eetres espagnols.\u00a0Outre la peinture et les dessins, cette r\u00e9trospective <a href=\"https:\/\/www.carrieres-lumieres.com\/fr\/picasso\" target=\"_self\" rel=\"noopener\">\u00ab\u00a0Picasso, l\u2019art en mouvement\u00a0\u00bb<\/a>\u00a0projet\u00e9e sur les murs des Carri\u00e8res invite \u00e0 d\u00e9couvrir les diverses techniques que l\u2019artiste a explor\u00e9es\u00a0: la gravure, la sculpture, les papiers-coll\u00e9s, les assemblages, les pliages ou la c\u00e9ramique.<\/p>\n<p>Le programme court sera consacr\u00e9 \u00e0 Frida Kahlo.\u00a0Plonger dans l\u2019univers de l\u2019artiste mexicaine, c\u2019est entrer au c\u0153ur d\u2019une vie ardente, vibrante, fa\u00e7onn\u00e9e par la passion, la libert\u00e9 et la douleur. L\u2019exp\u00e9rience immersive <a href=\"https:\/\/www.carrieres-lumieres.com\/fr\/frida-kahlo\" target=\"_self\" rel=\"noopener\">\u00ab\u00a0Frida Kahlo, en plein c\u0153ur\u00a0\u00bb<\/a> invite \u00e0 traverser l\u2019intimit\u00e9 et la force cr\u00e9atrice de la peintre, dans une explosion de couleurs, de symboles et d\u2019\u00e9motions.<\/p>\n<p>Les expositions actuelles de Claude Monet et du Douanier Rousseau se poursuivent jusqu\u2019au 1er\u00a0f\u00e9vrier. \u00c0 d\u00e9couvrir \u00e9galement, le programme \u00e9v\u00e9nementiel consacr\u00e9 au Petit Prince de Saint-Exup\u00e9ry.<\/p>\n<p>\u00a0<\/p>\n","protected":false},"excerpt":{"rendered":"Apr\u00e8s Claude Monet et Le Petit Prince, les Carri\u00e8res des lumi\u00e8res des Baux-de-Provence vont pr\u00e9senter des expositions num\u00e9riques&hellip;\n","protected":false},"author":2,"featured_media":610740,"comment_status":"","ping_status":"","sticky":false,"template":"","format":"standard","meta":{"footnotes":""},"categories":[1358],"tags":[1348,1384,1385,872,1386,58,59,1349,1011,27,2679,2682],"class_list":{"0":"post-610739","1":"post","2":"type-post","3":"status-publish","4":"format-standard","5":"has-post-thumbnail","7":"category-arts-et-design","8":"tag-arts","9":"tag-arts-and-design","10":"tag-arts-et-design","11":"tag-culture-et-loisirs","12":"tag-design","13":"tag-divertissement","14":"tag-entertainment","15":"tag-expositions","16":"tag-fr","17":"tag-france","18":"tag-gard","19":"tag-nimes"},"share_on_mastodon":{"url":"https:\/\/pubeurope.com\/@fr\/115749366215672204","error":""},"_links":{"self":[{"href":"https:\/\/www.europesays.com\/fr\/wp-json\/wp\/v2\/posts\/610739","targetHints":{"allow":["GET"]}}],"collection":[{"href":"https:\/\/www.europesays.com\/fr\/wp-json\/wp\/v2\/posts"}],"about":[{"href":"https:\/\/www.europesays.com\/fr\/wp-json\/wp\/v2\/types\/post"}],"author":[{"embeddable":true,"href":"https:\/\/www.europesays.com\/fr\/wp-json\/wp\/v2\/users\/2"}],"replies":[{"embeddable":true,"href":"https:\/\/www.europesays.com\/fr\/wp-json\/wp\/v2\/comments?post=610739"}],"version-history":[{"count":0,"href":"https:\/\/www.europesays.com\/fr\/wp-json\/wp\/v2\/posts\/610739\/revisions"}],"wp:featuredmedia":[{"embeddable":true,"href":"https:\/\/www.europesays.com\/fr\/wp-json\/wp\/v2\/media\/610740"}],"wp:attachment":[{"href":"https:\/\/www.europesays.com\/fr\/wp-json\/wp\/v2\/media?parent=610739"}],"wp:term":[{"taxonomy":"category","embeddable":true,"href":"https:\/\/www.europesays.com\/fr\/wp-json\/wp\/v2\/categories?post=610739"},{"taxonomy":"post_tag","embeddable":true,"href":"https:\/\/www.europesays.com\/fr\/wp-json\/wp\/v2\/tags?post=610739"}],"curies":[{"name":"wp","href":"https:\/\/api.w.org\/{rel}","templated":true}]}}