{"id":610741,"date":"2025-12-20T01:46:22","date_gmt":"2025-12-20T01:46:22","guid":{"rendered":"https:\/\/www.europesays.com\/fr\/610741\/"},"modified":"2025-12-20T01:46:22","modified_gmt":"2025-12-20T01:46:22","slug":"la-meilleure-chorale-de-france-2025-en-replay-le-grand-concours-des-regions","status":"publish","type":"post","link":"https:\/\/www.europesays.com\/fr\/610741\/","title":{"rendered":"La meilleure chorale de France 2025 en replay &#8211; Le grand concours des r\u00e9gions"},"content":{"rendered":"<p>Diffus\u00e9 le 19\/12\/2025 \u00e0 21h10 &#8211; Disponible jusqu&rsquo;au 16\/09\/2026<\/p>\n<p>Cette soir\u00e9e festive promet une grande c\u00e9l\u00e9bration musicale, avec les plus belles chansons du r\u00e9pertoire fran\u00e7ais et international. Cette ann\u00e9e, quatorze chorales de quatorze styles diff\u00e9rents, venues de toute la France, chantent en direct sur la sc\u00e8ne du Royal Palace de Kirrwiller, en Alsace, pour repr\u00e9senter au mieux leur univers musical et leur r\u00e9gion. Elles tentent de se qualifier pour la finale et esp\u00e9rer soulever le troph\u00e9e. Ces passionn\u00e9s viennent de Bretagne, de Corse, d&rsquo;\u00cele-de-France, de Guyane ou encore du Grand Est, pour tenter d&rsquo;impressionner le jury compos\u00e9 de Vincent Niclo, Adeline Toniutti. Nicoletta et Chim\u00e8ne Badi.<\/p>\n","protected":false},"excerpt":{"rendered":"Diffus\u00e9 le 19\/12\/2025 \u00e0 21h10 &#8211; Disponible jusqu&rsquo;au 16\/09\/2026 Cette soir\u00e9e festive promet une grande c\u00e9l\u00e9bration musicale, avec&hellip;\n","protected":false},"author":2,"featured_media":610742,"comment_status":"","ping_status":"","sticky":false,"template":"","format":"standard","meta":{"footnotes":""},"categories":[1356],"tags":[58,59,1011,27,252,1364],"class_list":{"0":"post-610741","1":"post","2":"type-post","3":"status-publish","4":"format-standard","5":"has-post-thumbnail","7":"category-television","8":"tag-divertissement","9":"tag-entertainment","10":"tag-fr","11":"tag-france","12":"tag-television","13":"tag-tv"},"share_on_mastodon":{"url":"https:\/\/pubeurope.com\/@fr\/115749374242775037","error":""},"_links":{"self":[{"href":"https:\/\/www.europesays.com\/fr\/wp-json\/wp\/v2\/posts\/610741","targetHints":{"allow":["GET"]}}],"collection":[{"href":"https:\/\/www.europesays.com\/fr\/wp-json\/wp\/v2\/posts"}],"about":[{"href":"https:\/\/www.europesays.com\/fr\/wp-json\/wp\/v2\/types\/post"}],"author":[{"embeddable":true,"href":"https:\/\/www.europesays.com\/fr\/wp-json\/wp\/v2\/users\/2"}],"replies":[{"embeddable":true,"href":"https:\/\/www.europesays.com\/fr\/wp-json\/wp\/v2\/comments?post=610741"}],"version-history":[{"count":0,"href":"https:\/\/www.europesays.com\/fr\/wp-json\/wp\/v2\/posts\/610741\/revisions"}],"wp:featuredmedia":[{"embeddable":true,"href":"https:\/\/www.europesays.com\/fr\/wp-json\/wp\/v2\/media\/610742"}],"wp:attachment":[{"href":"https:\/\/www.europesays.com\/fr\/wp-json\/wp\/v2\/media?parent=610741"}],"wp:term":[{"taxonomy":"category","embeddable":true,"href":"https:\/\/www.europesays.com\/fr\/wp-json\/wp\/v2\/categories?post=610741"},{"taxonomy":"post_tag","embeddable":true,"href":"https:\/\/www.europesays.com\/fr\/wp-json\/wp\/v2\/tags?post=610741"}],"curies":[{"name":"wp","href":"https:\/\/api.w.org\/{rel}","templated":true}]}}