{"id":610743,"date":"2025-12-20T01:47:17","date_gmt":"2025-12-20T01:47:17","guid":{"rendered":"https:\/\/www.europesays.com\/fr\/610743\/"},"modified":"2025-12-20T01:47:17","modified_gmt":"2025-12-20T01:47:17","slug":"pierre-garnier-va-mettre-sa-carriere-en-pause-pendant-plusieurs-mois","status":"publish","type":"post","link":"https:\/\/www.europesays.com\/fr\/610743\/","title":{"rendered":"Pierre Garnier va mettre sa carri\u00e8re en pause pendant plusieurs mois"},"content":{"rendered":"<p>\n        Pierre Garnier a mis un point final \u00e0 sa tourn\u00e9e des Z\u00e9nith chez lui \u00e0 Caen. Au moment des adieux, le chanteur a d\u00e9livr\u00e9 un discours empreint d&rsquo;\u00e9motion durant lequel il a confirm\u00e9 au public prendre une pause : \u00ab\u00a0Je suis un peu fatigu\u00e9\u00a0\u00bb.\n    <\/p>\n<p class=\"content-paragraph\"><img decoding=\"async\" src=\"https:\/\/www.europesays.com\/fr\/wp-content\/uploads\/2025\/12\/photo_1766141043.jpg\" class=\"textcenter img-content\" loading=\"lazy\" style=\"margin-bottom: 0;\"\/>Bestimage <br \/>Pierre Garnier n&rsquo;a pas eu une minute \u00e0 lui depuis son sacre \u00e0 la \u00ab\u00a0Star Academy\u00a0\u00bb en f\u00e9vrier 2024. Emport\u00e9 dans un tourbillon d\u00e8s sa sortie du ch\u00e2teau gr\u00e2ce au succ\u00e8s fou de son tube <a href=\"https:\/\/www.chartsinfrance.net\/Star-Academy\/news-128205.html\" class=\"articlepage-link\" target=\"_blank\" rel=\"noopener\">\u00ab\u00a0Ceux qu&rsquo;on \u00e9tait\u00a0\u00bb<\/a> (94 millions de streams), le chanteur de 23 ans vient d&rsquo;\u00eatre aur\u00e9ol\u00e9 d&rsquo;un triple disque de platine apr\u00e8s avoir <a href=\"https:\/\/www.chartsinfrance.net\/actualite\/news-134673.html\" class=\"articlepage-link\" target=\"_blank\" rel=\"noopener\">d\u00e9pass\u00e9 les 300.000 ventes<\/a> avec son premier album \u00ab\u00a0Chaque seconde\u00a0\u00bb. Un disque qui lui a valu trois NRJ Music Awards et <a href=\"https:\/\/www.chartsinfrance.net\/actualite\/news-131594.html\" class=\"articlepage-link\" target=\"_blank\" rel=\"noopener\">deux Victoires de la Musique<\/a>, mais aussi permis de se produire pour la premi\u00e8re fois de sa (jeune) carri\u00e8re \u00e0 l&rsquo;Accor Arena de Paris d\u00e9but d\u00e9cembre. <a href=\"https:\/\/www.chartsinfrance.net\/actualite\/news-134652.html\" class=\"articlepage-link\" target=\"_blank\" rel=\"noopener\">Un concert g\u00e9n\u00e9reux avec des invit\u00e9s de prestige<\/a> qui sera <a href=\"https:\/\/www.chartsinfrance.net\/actualite\/news-134562.html\" class=\"articlepage-link\" target=\"_blank\" rel=\"noopener\">diffus\u00e9 \u00e0 la t\u00e9l\u00e9vision<\/a> durant No\u00ebl pour permettre \u00e0 tous de revivre <a href=\"https:\/\/www.chartsinfrance.net\/actualite\/news-132509.html\" class=\"articlepage-link\" target=\"_blank\" rel=\"noopener\">l&rsquo;effervescence de sa tourn\u00e9e<\/a> des Z\u00e9nith. Qui vient de prendre fin dans les larmes&#8230;<\/p>\n<p>\u00ab\u00a0Pour un d\u00e9but de carri\u00e8re, j&rsquo;aurais pas pu r\u00eaver mieux\u00a0\u00bb<\/p>\n<p class=\"content-paragraph\"> Mercredi 17 d\u00e9cembre, Pierre Garnier a investi une derni\u00e8re fois le Z\u00e9nith de Caen, la ville o\u00f9 il est n\u00e9, pour achever sa s\u00e9rie de concerts qui l&rsquo;aura vu traverser la France, la Belgique et la Suisse pendant pr\u00e8s d&rsquo;un an. Forc\u00e9ment, l&rsquo;\u00e9motion \u00e9tait de mise et l&rsquo;interpr\u00e8te de <a href=\"https:\/\/www.chartsinfrance.net\/actualite\/news-134385.html\" class=\"articlepage-link\" target=\"_blank\" rel=\"noopener\">\u00ab\u00a0L&rsquo;horizon\u00a0\u00bb<\/a> a eu bien du mal \u00e0 prendre la parole vers la fin du spectacle&#8230; \u00ab Je ne sais m\u00eame pas quoi vous dire, \u00e0 part que moi aussi, je vous aime tr\u00e8s fort. Vraiment, merci pour tout ce que vous avez fait depuis le d\u00e9but pour moi. \u00c7a fait deux ans maintenant que je peux vivre de ma passion gr\u00e2ce \u00e0 vous. Moi qui, avant, passait devant ce Z\u00e9nith dans une voiture toute pourrie, je r\u00eavais un jour de pouvoir chanter ici devant vous. On l&rsquo;a fait trois fois et vous avez \u00e9t\u00e9 l\u00e0 \u00e0 chaque fois. Franchement, pour un d\u00e9but de vie musicale et pour un d\u00e9but de carri\u00e8re, j&rsquo;aurais pas pu r\u00eaver mieux \u00bb a confi\u00e9 le musicien, qui fait d\u00e9sormais figure de poids lourd sur la sc\u00e8ne musicale fran\u00e7aise.<\/p>\n<blockquote class=\"quote\"><p><b>\u00c0 LIRE &#8211;<\/b> <a href=\"https:\/\/www.chartsinfrance.net\/actualite\/news-134625.html\" class=\"articlepage-link\" target=\"_blank\" rel=\"noopener\">\u00ab\u00a0Un nouvel album&#8230;\u00a0\u00bb : Pierre Garnier r\u00e9v\u00e8le ses projets apr\u00e8s la fin de sa tourn\u00e9e<\/a><\/p><\/blockquote>\n<p> Mesurant le chemin parcouru, lui qui a assur\u00e9 pr\u00e8s de 90 concerts et rassembl\u00e9 plus de 600.000 spectateurs avec ce tour de chant, Pierre Garnier a fait l&rsquo;annonce que ses fans redoutaient : il va s&rsquo;\u00e9loigner pendant plusieurs mois. \u00ab J&rsquo;ai fait tout ce que j&rsquo;ai fait pour essayer de vous rendre heureux et de me rendre heureux aussi. Ce m\u00e9tier il est quand m\u00eame magnifique mais des fois, il n&rsquo;est pas facile et des fois, je suis un peu fatigu\u00e9 \u00bb a reconnu l&rsquo;artiste normand, confirmant \u00ab prendre une petite pause \u00bb. \u00ab J&rsquo;esp\u00e8re qu&rsquo;on se reverra tr\u00e8s bient\u00f4t et j&rsquo;esp\u00e8re que vous serez l\u00e0 quand je reviendrai aussi \u00bb a-t-il ajout\u00e9, la gorg\u00e9e nou\u00e9e.<\/p>\n<blockquote class=\"twitter-tweet\" data-media-max-width=\"560\">\n<p lang=\"fr\" dir=\"ltr\">Pierre Garnier : le discours de cl\u00f4ture du <a href=\"https:\/\/twitter.com\/hashtag\/ChaqueSecondeTour?src=hash&amp;ref_src=twsrc%5Etfw\" target=\"_blank\" rel=\"noopener\">#ChaqueSecondeTour<\/a>. Hier soir \u00e0 <a href=\"https:\/\/twitter.com\/hashtag\/Caen?src=hash&amp;ref_src=twsrc%5Etfw\" target=\"_blank\" rel=\"noopener\">#Caen<\/a>, Pierre a pris la parole pour refermer 11 mois de tourn\u00e9e. Un message sinc\u00e8re, marqu\u00e9 par la gratitude et le chemin parcouru, pour conclure 90 dates, 3 pays et 600 000 spectateurs. \ud83e\udd79<a href=\"https:\/\/twitter.com\/hashtag\/StarAcademy?src=hash&amp;ref_src=twsrc%5Etfw\" target=\"_blank\" rel=\"noopener\">#StarAcademy<\/a> <a href=\"https:\/\/t.co\/ZwzXwrVSzc\">pic.twitter.com\/ZwzXwrVSzc<\/a><\/p>\n<p>\u2014 YOUNG PEOPLE (@youngpeople_off) <a href=\"https:\/\/twitter.com\/youngpeople_off\/status\/2001588012388327798?ref_src=twsrc%5Etfw\" target=\"_blank\" rel=\"noopener\">December 18, 2025<\/a><\/p><\/blockquote>\n<p class=\"content-paragraph\">Lors de son concert \u00e0 Bercy, Pierre Garnier avait \u00e9voqu\u00e9 son retour avec de \u00ab nouvelles chansons \u00bb une fois ses batteries recharg\u00e9es. \u00ab Je suis triste de vous quitter, m\u00eame si \u00e7a va me faire du bien un peu de repos \u00bb avait-il gliss\u00e9. \u00c0 Caen, Pierre Garnier a profit\u00e9 de son discours pour remercier l&rsquo;ensemble de ses \u00e9quipes : \u00ab On y est depuis janvier tous ensemble : il y a tous les techniciens, tous les musiciens, les chauffeurs de bus, le catering, tous ceux qui s&rsquo;occupent de nous. On a r\u00e9ussi \u00e0 cr\u00e9er une ambiance de famille et je ne pourrai jamais eux aussi les remercier assez pour tout ce qu&rsquo;ils ont fait pour moi \u00bb. Et le chanteur d&rsquo;ajouter \u00e0 la foule : \u00ab J&rsquo;ai pas envie de partir&#8230; Est-ce que je peux vous regarder comme \u00e7a pendant cinq minutes ? \u00bb. Sous les acclamations, Pierre Garnier a alors fredonn\u00e9 \u00e0 nouveau \u00ab\u00a0Ceux qu&rsquo;on \u00e9tait\u00a0\u00bb, la chanson qui a chang\u00e9 sa vie, pour clore son tout dernier concert avant longtemps.<\/p>\n<p>                <img loading=\"lazy\" decoding=\"async\" src=\"https:\/\/www.europesays.com\/fr\/wp-content\/uploads\/2025\/10\/favicon.png\" class=\"author-article-picture\" width=\"35\" height=\"35\"\/><\/p>\n<p>                    Par<\/p>\n<p>                                            <a class=\"author-article-bio-link\" href=\"https:\/\/www.chartsinfrance.net\/auteur\/125\/\" target=\"_blank\" rel=\"noopener\">Yohann RUELLE<\/a><\/p>\n<p>                    |<\/p>\n<p>                                            Journaliste<\/p>\n<p>\n                Branch\u00e9 en permanence sur ses playlists, il sait aussi bien parler du dernier album de Kim Petras que du set de techno underground berlinois qu&rsquo;il a regard\u00e9 hier soir sur TikTok. Sa collection de peluches et figurines t\u00e9moigne de son amour pour les grandes ic\u00f4nes de la pop culture.\n            <\/p>\n<p>            <script async src=\"https:\/\/platform.twitter.com\/widgets.js\" charset=\"utf-8\"><\/script><\/p>\n","protected":false},"excerpt":{"rendered":"Pierre Garnier a mis un point final \u00e0 sa tourn\u00e9e des Z\u00e9nith chez lui \u00e0 Caen. Au moment&hellip;\n","protected":false},"author":2,"featured_media":610744,"comment_status":"","ping_status":"","sticky":false,"template":"","format":"standard","meta":{"footnotes":""},"categories":[1355],"tags":[58,59,1011,27,1361,873],"class_list":{"0":"post-610743","1":"post","2":"type-post","3":"status-publish","4":"format-standard","5":"has-post-thumbnail","7":"category-musique","8":"tag-divertissement","9":"tag-entertainment","10":"tag-fr","11":"tag-france","12":"tag-music","13":"tag-musique"},"share_on_mastodon":{"url":"https:\/\/pubeurope.com\/@fr\/115749379187261704","error":""},"_links":{"self":[{"href":"https:\/\/www.europesays.com\/fr\/wp-json\/wp\/v2\/posts\/610743","targetHints":{"allow":["GET"]}}],"collection":[{"href":"https:\/\/www.europesays.com\/fr\/wp-json\/wp\/v2\/posts"}],"about":[{"href":"https:\/\/www.europesays.com\/fr\/wp-json\/wp\/v2\/types\/post"}],"author":[{"embeddable":true,"href":"https:\/\/www.europesays.com\/fr\/wp-json\/wp\/v2\/users\/2"}],"replies":[{"embeddable":true,"href":"https:\/\/www.europesays.com\/fr\/wp-json\/wp\/v2\/comments?post=610743"}],"version-history":[{"count":0,"href":"https:\/\/www.europesays.com\/fr\/wp-json\/wp\/v2\/posts\/610743\/revisions"}],"wp:featuredmedia":[{"embeddable":true,"href":"https:\/\/www.europesays.com\/fr\/wp-json\/wp\/v2\/media\/610744"}],"wp:attachment":[{"href":"https:\/\/www.europesays.com\/fr\/wp-json\/wp\/v2\/media?parent=610743"}],"wp:term":[{"taxonomy":"category","embeddable":true,"href":"https:\/\/www.europesays.com\/fr\/wp-json\/wp\/v2\/categories?post=610743"},{"taxonomy":"post_tag","embeddable":true,"href":"https:\/\/www.europesays.com\/fr\/wp-json\/wp\/v2\/tags?post=610743"}],"curies":[{"name":"wp","href":"https:\/\/api.w.org\/{rel}","templated":true}]}}