{"id":610747,"date":"2025-12-20T01:49:17","date_gmt":"2025-12-20T01:49:17","guid":{"rendered":"https:\/\/www.europesays.com\/fr\/610747\/"},"modified":"2025-12-20T01:49:17","modified_gmt":"2025-12-20T01:49:17","slug":"lansm-alerte-sur-ce-medicament-a-ne-jamais-prendre-en-premier-en-cas-de-rhume","status":"publish","type":"post","link":"https:\/\/www.europesays.com\/fr\/610747\/","title":{"rendered":"l\u2019ANSM alerte sur ce m\u00e9dicament \u00e0 ne jamais prendre en premier en cas de rhume"},"content":{"rendered":"<p>Nez qui coule, gorge qui gratte, \u00e9ternuements et congestion<br \/>\nnasale <a href=\"https:\/\/www.mariefrance.fr\/actualite\/societe\/variant-k-grippe-symptomes-surveiller-personnes-55-ans-1227357.html\" rel=\"noopener\" target=\"_blank\">sont les sympt\u00f4mes les plus courants<\/a> de la<br \/>\nrhinopharyngite. S&rsquo;il s&rsquo;agit l\u00e0 d&rsquo;une maladie de saison et peu<br \/>\ngrave, il faut avoir les bons r\u00e9flexes pour ne pas mettre sa sant\u00e9<br \/>\nen danger. En effet, l&rsquo;ANSM met en garde contre ce<br \/>\n<strong>m\u00e9dicament<\/strong> tr\u00e8s courant qu&rsquo;il ne faut surtout pas<br \/>\nprendre en cas de <strong>rhume<\/strong>.<\/p>\n<p>Il peut \u00eatre difficile de s&rsquo;y retrouver entre les infections<br \/>\nhivernales qui font leur retour comme chaque ann\u00e9e \u00e0 la m\u00eame<br \/>\np\u00e9riode. En effet, covid, grippe, bronchite et<br \/>\n<strong>rhinopharyngite<\/strong> partagent une partie de leurs<br \/>\nsympt\u00f4mes. Mais, cette derni\u00e8re, \u00e9galement connue sous le nom de<br \/>\nrhume, est certainement la plus <strong>courante<\/strong> et la<br \/>\nmoins grave. En effet, il suffit g\u00e9n\u00e9ralement de quelques jours et<br \/>\nparfois d&rsquo;un ou deux m\u00e9dicaments pour en venir \u00e0 bout.<\/p>\n<p>L&rsquo;ANSM alerte sur ce m\u00e9dicament en cas de rhume<\/p>\n<p>D&rsquo;ailleurs, beaucoup de Fran\u00e7ais se contentent d&rsquo;un peu<br \/>\nd&rsquo;<strong>autom\u00e9dication<\/strong> pour se soigner. Toutefois, il<br \/>\nconvient d&rsquo;\u00eatre prudent, car des m\u00e9dicaments pourtant pr\u00e9sents dans<br \/>\nde nombreuses armoires \u00e0 pharmacie <a href=\"https:\/\/www.mariefrance.fr\/equilibre\/medicaments-plus-risques-utiles-nouvelle-liste-noire-experts-prescrire-tombee-1226285.html\" rel=\"noopener\" target=\"_blank\">peuvent se r\u00e9v\u00e9ler dangereux<\/a>. C&rsquo;est ce qu&rsquo;a r\u00e9cemment<br \/>\nrappel\u00e9 sur son site <a href=\"https:\/\/ansm.sante.fr\/actualites\/infections-hivernales-il-est-conseille-deviter-libuprofene-ou-le-ketoprofene-en-premiere-intention\" target=\"_blank\" rel=\"nofollow noopener\">l&rsquo;Agence nationale du<br \/>\nm\u00e9dicament et des produits de sant\u00e9<\/a>.<\/p>\n<p>\u00ab\u00a0Infections hivernales : il est conseill\u00e9 d\u2019\u00e9viter<br \/>\n<strong>l\u2019ibuprof\u00e8ne ou le k\u00e9toprof\u00e8ne<\/strong> en premi\u00e8re<br \/>\nintention\u00a0\u00bb, alerte ainsi l&rsquo;ANSM. Avant d&rsquo;ajouter que \u00ab\u00a0des<br \/>\ncas d\u2019<strong>infections bact\u00e9riennes<\/strong> graves dans un<br \/>\ncontexte de prise d\u2019un anti-inflammatoire non-st\u00e9ro\u00efdien (AINS)<br \/>\npendant un \u00e9pisode infectieux nous sont r\u00e9guli\u00e8rement<br \/>\nrapport\u00e9s.\u00a0\u00bb<\/p>\n<p><img loading=\"lazy\" decoding=\"async\" aria-describedby=\"caption-attachment-1219151\" itemprop=\"thumbnailUrl\" class=\"size-full wp-image-1219151 img-responsive\" src=\"https:\/\/www.europesays.com\/fr\/wp-content\/uploads\/2025\/12\/femme-malade.jpg\" alt=\"&lt;p&gt;rhume&lt;\/p&gt;\" width=\"1280\" height=\"720\"\/><br \/>\n\u00a9<br \/>\nShutterstock<\/p>\n<p id=\"caption-attachment-1219151\" class=\"wp-caption-text\">\u00c9vitez<br \/>\nl&rsquo;ibuprof\u00e8ne en premi\u00e8re intention.<\/p>\n<p>Ne vous trompez pas de m\u00e9dicament<\/p>\n<p>\u00ab\u00a0Entre le 1\u1d49\u02b3 janvier\u00a02019 et le 30 juin 2023,<br \/>\n<strong>162 cas graves<\/strong> ont \u00e9t\u00e9 d\u00e9clar\u00e9s en France avec<br \/>\nl\u2019ibuprof\u00e8ne, et 54 avec le k\u00e9toprof\u00e8ne.\u00a0\u00bb, a expliqu\u00e9<br \/>\nl&rsquo;organisme. Les cons\u00e9quences peuvent se r\u00e9v\u00e9ler dramatiques avec<br \/>\n\u00ab\u00a0des <strong>complications graves<\/strong> : sepsis (r\u00e9ponse<br \/>\nextr\u00eame de l\u2019organisme \u00e0 l\u2019infection : fi\u00e8vre, tachycardie,<br \/>\nrespiration rapide, confusion), chocs septiques, m\u00e9ningites ou<br \/>\ninfections cutan\u00e9es s\u00e9v\u00e8res.\u00a0\u00bb\u00a0Au total, sur cette<br \/>\np\u00e9riode, ce ne sont pas moins de 12 personnes qui ont perdu la<br \/>\nvie.<\/p>\n<p>Pour la plupart, elles avaient pris de l&rsquo;ibuprof\u00e8ne \u00ab\u00a0pour<br \/>\ndes <strong>sympt\u00f4mes grippaux<\/strong> ou des infections ORL<br \/>\n(angine, otite), ou du k\u00e9toprof\u00e8ne pour des douleurs (entorses,<br \/>\narticulations).\u00a0\u00bb\u00a0Il n&rsquo;y a en fait qu&rsquo;\u00e0 prendre du<br \/>\n<strong>parac\u00e9tamol<\/strong> en premi\u00e8re intention. Cela peut<br \/>\npermettre de lutter contre une douleur faible \u00e0 mod\u00e9r\u00e9e, notamment<br \/>\nun mal de t\u00eate ou une fi\u00e8vre l\u00e9g\u00e8re. Cette recommandation est<br \/>\nvalable en cas de rhume, mais \u00e9galement pour n&rsquo;importe quelle<br \/>\ninfection courante comme une angine, une rhinopharyngite, une<br \/>\notite, une infection dentaire ou cutan\u00e9e.<\/p>\n<p><img loading=\"lazy\" decoding=\"async\" aria-describedby=\"caption-attachment-643492\" class=\"size-large wp-image-643492 img-responsive\" src=\"https:\/\/www.europesays.com\/fr\/wp-content\/uploads\/2025\/12\/shutterstock_2062912967-1024x683.jpg\" alt=\"m\u00e9dicaments chaleur\" width=\"1024\" height=\"683\"\/><br \/>\n\u00a9<br \/>\nShutterstock<\/p>\n<p id=\"caption-attachment-643492\" class=\"wp-caption-text\">Ne prenez<br \/>\npas n&rsquo;importe quoi en cas de rhume.<\/p>\n<p>Le m\u00e9dicament peut \u00eatre prescrit en<br \/>\nseconde intention par un m\u00e9decin<\/p>\n<p>Si vous constatez que les sympt\u00f4mes persistent ou s&rsquo;aggravent,<br \/>\nn&rsquo;h\u00e9sitez pas \u00e0 <strong>consulter un m\u00e9decin<\/strong> \u00ab\u00a0apr\u00e8s<br \/>\ntrois jours en cas de fi\u00e8vre et cinq jours en cas de<br \/>\ndouleurs\u00a0\u00bb, chez l&rsquo;adulte. Pour les enfants, il est important<br \/>\nde ne pas attendre, surtout s&rsquo;il s&rsquo;agit d&rsquo;un nourrisson ou que la<br \/>\nfi\u00e8vre s&rsquo;accompagne de maux de ventre ou d&rsquo;une respiration<br \/>\ndifficile par exemple.<\/p>\n<blockquote class=\"twitter-tweet\"><p><a class=\"twitter-link\" rel=\"noindex, nofollow noopener\" href=\"https:\/\/twitter.com\/mariefrancemag\/status\/1970901067933110497\" target=\"_blank\"><\/p><\/blockquote>\n<p><strong>L&rsquo;ibuprof\u00e8ne<\/strong> quant \u00e0 lui doit \u00eatre <a href=\"https:\/\/www.mariefrance.fr\/equilibre\/diabete-de-type-1-ce-nouveau-medicament-qui-retarde-linsuline-arrive-mais-pas-pour-tout-le-monde-1223545.html\" rel=\"noopener\" target=\"_blank\">r\u00e9serv\u00e9 \u00e0 certaines pathologies uniquement<\/a> et sera<br \/>\nprescrit en cas de rhume en seconde intention par un professionnel<br \/>\nde sant\u00e9. Il est utile en cas de douleurs <strong>avec<br \/>\ninflammation<\/strong> comme des douleurs articulaires, musculaires,<br \/>\ndes tendinites ou un mal de dos. Le traitement ne doit pas d\u00e9passer<br \/>\nquelques jours et il convient de consulter votre m\u00e9decin si votre<br \/>\n\u00e9tat ne s&rsquo;am\u00e9liore pas.<\/p>\n<p><script async src=\"https:\/\/platform.twitter.com\/widgets.js\" charset=\"utf-8\"><\/script><\/p>\n","protected":false},"excerpt":{"rendered":"Nez qui coule, gorge qui gratte, \u00e9ternuements et congestion nasale sont les sympt\u00f4mes les plus courants de la&hellip;\n","protected":false},"author":2,"featured_media":610748,"comment_status":"","ping_status":"","sticky":false,"template":"","format":"standard","meta":{"footnotes":""},"categories":[10],"tags":[1011,27,72,71],"class_list":{"0":"post-610747","1":"post","2":"type-post","3":"status-publish","4":"format-standard","5":"has-post-thumbnail","7":"category-sante","8":"tag-fr","9":"tag-france","10":"tag-health","11":"tag-sante"},"share_on_mastodon":{"url":"https:\/\/pubeurope.com\/@fr\/115749386124914167","error":""},"_links":{"self":[{"href":"https:\/\/www.europesays.com\/fr\/wp-json\/wp\/v2\/posts\/610747","targetHints":{"allow":["GET"]}}],"collection":[{"href":"https:\/\/www.europesays.com\/fr\/wp-json\/wp\/v2\/posts"}],"about":[{"href":"https:\/\/www.europesays.com\/fr\/wp-json\/wp\/v2\/types\/post"}],"author":[{"embeddable":true,"href":"https:\/\/www.europesays.com\/fr\/wp-json\/wp\/v2\/users\/2"}],"replies":[{"embeddable":true,"href":"https:\/\/www.europesays.com\/fr\/wp-json\/wp\/v2\/comments?post=610747"}],"version-history":[{"count":0,"href":"https:\/\/www.europesays.com\/fr\/wp-json\/wp\/v2\/posts\/610747\/revisions"}],"wp:featuredmedia":[{"embeddable":true,"href":"https:\/\/www.europesays.com\/fr\/wp-json\/wp\/v2\/media\/610748"}],"wp:attachment":[{"href":"https:\/\/www.europesays.com\/fr\/wp-json\/wp\/v2\/media?parent=610747"}],"wp:term":[{"taxonomy":"category","embeddable":true,"href":"https:\/\/www.europesays.com\/fr\/wp-json\/wp\/v2\/categories?post=610747"},{"taxonomy":"post_tag","embeddable":true,"href":"https:\/\/www.europesays.com\/fr\/wp-json\/wp\/v2\/tags?post=610747"}],"curies":[{"name":"wp","href":"https:\/\/api.w.org\/{rel}","templated":true}]}}