{"id":610767,"date":"2025-12-20T02:00:31","date_gmt":"2025-12-20T02:00:31","guid":{"rendered":"https:\/\/www.europesays.com\/fr\/610767\/"},"modified":"2025-12-20T02:00:31","modified_gmt":"2025-12-20T02:00:31","slug":"les-nancy-necrologie-deces-de-marc-papin","status":"publish","type":"post","link":"https:\/\/www.europesays.com\/fr\/610767\/","title":{"rendered":"l\u00e8s-Nancy | N\u00e9crologie. D\u00e9c\u00e8s de Marc Papin"},"content":{"rendered":"<p>Marc Papin s\u2019est \u00e9teint le 15\u00a0d\u00e9cembre, \u00e0 l\u2019\u00e2ge de 89 ans. N\u00e9 le 3\u00a0janvier 1936 \u00e0 Conflans-sur-Anille (Sarthe), a\u00een\u00e9 d\u2019une fratrie de cinq enfants, il a fait carri\u00e8re en qualit\u00e9 de linguiste au Tr\u00e9sor de la langue fran\u00e7aise, laboratoire du CNRS de Nancy o\u00f9 il est entr\u00e9 en 1964.<\/p>\n<p>Le 7\u00a0mai 1971, il \u00e9pouse Edmonde Grapin, \u00e0 Laxou. Le couple s\u2019installe en 1980, \u00e0 Villers-l\u00e8s-Nancy. De cette union sont n\u00e9s deux enfants, Elsa et B\u00e9reng\u00e8re. La famille s\u2019est agrandie avec l\u2019arriv\u00e9e de deux petites-filles, Oriane et Sol\u00e8ne.<\/p>\n<p>Engag\u00e9 sur le plan politique pendant une vingtaine d\u2019ann\u00e9es au Parti communiste, Marc Papin a \u00e9galement \u00e9t\u00e9 actif syndicalement \u00e0 la CGT-Union de Nancy. Il s\u2019est particuli\u00e8rement mobilis\u00e9 lors des fermetures des sites sid\u00e9rurgiques en Lorraine.<\/p>\n<p>\u00c9rudit, appr\u00e9ci\u00e9 pour son humour, et sa profonde humanit\u00e9, il \u00e9tait reconnu pour sa bienveillance et sa g\u00e9n\u00e9rosit\u00e9.<\/p>\n<p>Toujours attentif aux autres, il n\u2019h\u00e9sitait jamais \u00e0 apporter son aide \u00e0 ceux qui en avaient besoin.<\/p>\n<p>Nos condol\u00e9ances.<\/p>\n","protected":false},"excerpt":{"rendered":"Marc Papin s\u2019est \u00e9teint le 15\u00a0d\u00e9cembre, \u00e0 l\u2019\u00e2ge de 89 ans. N\u00e9 le 3\u00a0janvier 1936 \u00e0 Conflans-sur-Anille (Sarthe),&hellip;\n","protected":false},"author":2,"featured_media":610768,"comment_status":"","ping_status":"","sticky":false,"template":"","format":"standard","meta":{"footnotes":""},"categories":[9635],"tags":[1111,11,9223,1704,1777,674,1011,27,775,10262,1702,1391,12,25,104,10261],"class_list":{"0":"post-610767","1":"post","2":"type-post","3":"status-publish","4":"format-standard","5":"has-post-thumbnail","7":"category-nancy","8":"tag-actu","9":"tag-actualites","10":"tag-carnet-du-jour","11":"tag-edition-nancy-et-agglomeration","12":"tag-eu","13":"tag-europe","14":"tag-fr","15":"tag-france","16":"tag-grand-est","17":"tag-metropole-du-grand-nancy-54b5","18":"tag-nancy","19":"tag-necrologie","20":"tag-news","21":"tag-republique-francaise","22":"tag-societe","23":"tag-villers-les-nancy"},"share_on_mastodon":{"url":"https:\/\/pubeurope.com\/@fr\/115749429104375752","error":""},"_links":{"self":[{"href":"https:\/\/www.europesays.com\/fr\/wp-json\/wp\/v2\/posts\/610767","targetHints":{"allow":["GET"]}}],"collection":[{"href":"https:\/\/www.europesays.com\/fr\/wp-json\/wp\/v2\/posts"}],"about":[{"href":"https:\/\/www.europesays.com\/fr\/wp-json\/wp\/v2\/types\/post"}],"author":[{"embeddable":true,"href":"https:\/\/www.europesays.com\/fr\/wp-json\/wp\/v2\/users\/2"}],"replies":[{"embeddable":true,"href":"https:\/\/www.europesays.com\/fr\/wp-json\/wp\/v2\/comments?post=610767"}],"version-history":[{"count":0,"href":"https:\/\/www.europesays.com\/fr\/wp-json\/wp\/v2\/posts\/610767\/revisions"}],"wp:featuredmedia":[{"embeddable":true,"href":"https:\/\/www.europesays.com\/fr\/wp-json\/wp\/v2\/media\/610768"}],"wp:attachment":[{"href":"https:\/\/www.europesays.com\/fr\/wp-json\/wp\/v2\/media?parent=610767"}],"wp:term":[{"taxonomy":"category","embeddable":true,"href":"https:\/\/www.europesays.com\/fr\/wp-json\/wp\/v2\/categories?post=610767"},{"taxonomy":"post_tag","embeddable":true,"href":"https:\/\/www.europesays.com\/fr\/wp-json\/wp\/v2\/tags?post=610767"}],"curies":[{"name":"wp","href":"https:\/\/api.w.org\/{rel}","templated":true}]}}