{"id":61077,"date":"2025-04-29T05:58:11","date_gmt":"2025-04-29T05:58:11","guid":{"rendered":"https:\/\/www.europesays.com\/fr\/61077\/"},"modified":"2025-04-29T05:58:11","modified_gmt":"2025-04-29T05:58:11","slug":"le-risque-de-cancer-du-sein-plus-eleve-chez-les-femmes-ayant-fait-plus-detudes","status":"publish","type":"post","link":"https:\/\/www.europesays.com\/fr\/61077\/","title":{"rendered":"Le risque de cancer du sein plus \u00e9lev\u00e9 chez les femmes ayant fait plus d\u2019\u00e9tudes"},"content":{"rendered":"<p>    Publi\u00e9 le 28 avril 2025 \u00e0 14:53. \/ Modifi\u00e9 le 29 avril 2025 \u00e0 06:38.<\/p>\n<p> 4 min. de lecture<\/p>\n<p class=\"article__abstract-call-to-action\" data-ariato=\"TrackableElement\" data-trackable-element-type=\"article_abstract_cta\" data-trackable-element-location=\"article_header\" data-trackable-element-id=\"492639\">\n          <a data-event=\"click-&gt;clicked\" href=\"https:\/\/www.letemps.ch\/abonnements\" target=\"_blank\" rel=\"noopener\">Abonnez-vous<\/a> pour acc\u00e9der au r\u00e9sum\u00e9 en 20 secondes.\n        <\/p>\n<p>De tous les organes, ce sont les seins qui, en mati\u00e8re de cancer, sont les plus expos\u00e9s: en France, un tiers des tumeurs malignes diagnostiqu\u00e9es chez les femmes, soit plus de 60\u202f000 par an, y sont localis\u00e9es [en Suisse, quelque 6600 femmes d\u00e9veloppent un cancer du sein chaque ann\u00e9e, d\u2019apr\u00e8s la Ligue contre le cancer, ndlr]. Le risque de d\u00e9velopper cette affection, qui constitue la premi\u00e8re cause de d\u00e9c\u00e8s par cancer chez la femme, d\u00e9pend d\u2019une combinaison de facteurs, dont l\u2019\u00e2ge, les ant\u00e9c\u00e9dents personnels et familiaux, ou encore le mode de vie.<\/p>\n<p>Le r\u00f4le du niveau d\u2019\u00e9tudes \u2013 et donc, par extension, du statut socio-\u00e9conomique \u2013 dans le risque de cancer du sein a fait l\u2019objet d\u2019un travail de grande ampleur dont les r\u00e9sultats ont \u00e9t\u00e9 <a href=\"https:\/\/onlinelibrary.wiley.com\/doi\/abs\/10.1002\/ijc.35413\" rel=\"nofollow noopener\" target=\"_blank\">publi\u00e9s d\u00e9but avril dans la revue\u00a0International Journal of Cancer<\/a>.\u00a0Margherita Pizzato, de l\u2019Universit\u00e9 de Milan (Italie) et du Centre international de recherche sur le cancer (CIRC) \u00e0 Lyon, et ses coll\u00e8gues ont pour cela suivi pr\u00e8s de 312\u202f000\u00a0femmes vivant dans neuf pays europ\u00e9ens et incluses dans la cohorte prospective EPIC entre 1991 et 2000. Les participantes, recrut\u00e9es dans la population g\u00e9n\u00e9rale, \u00e9taient \u00e2g\u00e9es de 35 \u00e0 70\u00a0ans au d\u00e9but de l\u2019\u00e9tude et n\u2019avaient jamais eu de cancer. Parmi elles, un peu plus de 14\u202f400 ont re\u00e7u un diagnostic de cancer du sein au cours de la p\u00e9riode de suivi de quatorze ans en moyenne qui s\u2019est termin\u00e9e, selon les centres, entre 2004 et 2010.<\/p>\n<p>    La suite de l&rsquo;article vous int\u00e9resse?<\/p>\n<p>Tout comprendre, mieux s\u2019informer: acc\u00e9dez au meilleur du journalisme suisse avec notre offre combin\u00e9e <b>Le Temps &amp; Heidi.news<\/b>. &#13;\n<\/p>\n<p>Abonnez-vous en quelques clics et payez facilement avec <b>Twint<\/b>.<\/p>\n<p>    <a class=\"button is-secondary\" data-event=\"click-&gt;clicked\" href=\"https:\/\/www.letemps.ch\/abonnements?wall_id=1\" target=\"_blank\" rel=\"noopener\">Je m\u2019abonne<\/a><\/p>\n<p class=\"post-subscribe__login\">\n        Vous avez d\u00e9j\u00e0 un compte ?<br \/>\n        <a class=\"link\" rel=\"nofollow noopener\" href=\"https:\/\/www.letemps.ch\/compte\/connexion?return_to=https%3A%2F%2Fwww.letemps.ch%2Fsciences%2Fsante%2Fle-risque-de-cancer-du-sein-plus-eleve-chez-les-femmes-ayant-fait-plus-d-etudes\" target=\"_blank\">Se connecter<\/a>\n      <\/p>\n","protected":false},"excerpt":{"rendered":"Publi\u00e9 le 28 avril 2025 \u00e0 14:53. \/ Modifi\u00e9 le 29 avril 2025 \u00e0 06:38. 4 min. de&hellip;\n","protected":false},"author":2,"featured_media":61078,"comment_status":"","ping_status":"","sticky":false,"template":"","format":"standard","meta":{"footnotes":""},"categories":[10],"tags":[101,1011,27,72,301,71],"class_list":{"0":"post-61077","1":"post","2":"type-post","3":"status-publish","4":"format-standard","5":"has-post-thumbnail","7":"category-sante","8":"tag-cancer","9":"tag-fr","10":"tag-france","11":"tag-health","12":"tag-premium","13":"tag-sante"},"share_on_mastodon":{"url":"https:\/\/pubeurope.com\/@fr\/114419722197244332","error":""},"_links":{"self":[{"href":"https:\/\/www.europesays.com\/fr\/wp-json\/wp\/v2\/posts\/61077","targetHints":{"allow":["GET"]}}],"collection":[{"href":"https:\/\/www.europesays.com\/fr\/wp-json\/wp\/v2\/posts"}],"about":[{"href":"https:\/\/www.europesays.com\/fr\/wp-json\/wp\/v2\/types\/post"}],"author":[{"embeddable":true,"href":"https:\/\/www.europesays.com\/fr\/wp-json\/wp\/v2\/users\/2"}],"replies":[{"embeddable":true,"href":"https:\/\/www.europesays.com\/fr\/wp-json\/wp\/v2\/comments?post=61077"}],"version-history":[{"count":0,"href":"https:\/\/www.europesays.com\/fr\/wp-json\/wp\/v2\/posts\/61077\/revisions"}],"wp:featuredmedia":[{"embeddable":true,"href":"https:\/\/www.europesays.com\/fr\/wp-json\/wp\/v2\/media\/61078"}],"wp:attachment":[{"href":"https:\/\/www.europesays.com\/fr\/wp-json\/wp\/v2\/media?parent=61077"}],"wp:term":[{"taxonomy":"category","embeddable":true,"href":"https:\/\/www.europesays.com\/fr\/wp-json\/wp\/v2\/categories?post=61077"},{"taxonomy":"post_tag","embeddable":true,"href":"https:\/\/www.europesays.com\/fr\/wp-json\/wp\/v2\/tags?post=61077"}],"curies":[{"name":"wp","href":"https:\/\/api.w.org\/{rel}","templated":true}]}}