{"id":610784,"date":"2025-12-20T02:11:13","date_gmt":"2025-12-20T02:11:13","guid":{"rendered":"https:\/\/www.europesays.com\/fr\/610784\/"},"modified":"2025-12-20T02:11:13","modified_gmt":"2025-12-20T02:11:13","slug":"previsions-du-samedi-20-decembre-2025-3","status":"publish","type":"post","link":"https:\/\/www.europesays.com\/fr\/610784\/","title":{"rendered":"pr\u00e9visions du samedi 20 d\u00e9cembre 2025"},"content":{"rendered":"<p>La ville de Rennes profitera de quelques \u00e9claircies aujourd&rsquo;hui. Les valeurs iront de 3 \u00e0 9\u00b0C. Un vent de sud-est rafra\u00eechira quelque peu l&rsquo;atmosph\u00e8re. Les Rennais vont avoir froid le matin : les temp\u00e9ratures ne vont pas d\u00e9passer 8\u00b0C. Le mercure affichera 5\u00b0C en moyenne. Les temp\u00e9ratures vont conna\u00eetre une hausse de quelques degr\u00e9s lors de l&rsquo;apr\u00e8s-midi. Les maximales iront jusqu&rsquo;\u00e0 9\u00b0C tandis que les minimales seront de 8\u00b0C. Le soleil manquera le soir, car le ciel sera couvert par des nuages. On passera de samedi \u00e0 dimanche par une nuit claire.<\/p>\n<p>Demain, c&rsquo;est une hausse de quelques degr\u00e9s que vont enregistrer les temp\u00e9ratures dans la ville de Rennes. Il va faire en moyenne 7\u00b0C. Le temps va peu \u00e0 peu s&rsquo;am\u00e9liorer dans la matin\u00e9e et laisser place \u00e0 des \u00e9claircies. Les temp\u00e9ratures seront de 6\u00b0C au plus bas et de 8\u00b0C au plus haut. Un vent de sud-est est attendu : il soufflera \u00e0 22 km\/h. Le soleil se montrerait plus t\u00f4t dans l&rsquo;apr\u00e8s-midi si des nuages n&rsquo;\u00e9taient pas pr\u00e9sents dans le ciel. Des pluies \u00e9parses vont tomber. Les valeurs s&rsquo;\u00e9chelonneront entre 6 et 9\u00b0C. Le ciel va l\u00e9g\u00e8rement se d\u00e9gager dans la soir\u00e9e avec des \u00e9claircies. Les temp\u00e9ratures seront comprises entre 4 et 5\u00b0C. Une brise de sud-est soufflera doucement.<\/p>\n<p>Les conditions m\u00e9t\u00e9orologiques des journ\u00e9es suivantes vont changer progressivement. Apr\u00e8s des conditions m\u00e9t\u00e9orologiques similaires lundi, la situation changera mardi.<\/p>\n<p><\/p>\n","protected":false},"excerpt":{"rendered":"La ville de Rennes profitera de quelques \u00e9claircies aujourd&rsquo;hui. Les valeurs iront de 3 \u00e0 9\u00b0C. Un vent&hellip;\n","protected":false},"author":2,"featured_media":610785,"comment_status":"","ping_status":"","sticky":false,"template":"","format":"standard","meta":{"footnotes":""},"categories":[2821],"tags":[1111,11,829,1777,674,1011,27,12,2119,584,25],"class_list":{"0":"post-610784","1":"post","2":"type-post","3":"status-publish","4":"format-standard","5":"has-post-thumbnail","7":"category-rennes","8":"tag-actu","9":"tag-actualites","10":"tag-bretagne","11":"tag-eu","12":"tag-europe","13":"tag-fr","14":"tag-france","15":"tag-news","16":"tag-previsions-meteo","17":"tag-rennes","18":"tag-republique-francaise"},"share_on_mastodon":{"url":"https:\/\/pubeurope.com\/@fr\/115749472597651523","error":""},"_links":{"self":[{"href":"https:\/\/www.europesays.com\/fr\/wp-json\/wp\/v2\/posts\/610784","targetHints":{"allow":["GET"]}}],"collection":[{"href":"https:\/\/www.europesays.com\/fr\/wp-json\/wp\/v2\/posts"}],"about":[{"href":"https:\/\/www.europesays.com\/fr\/wp-json\/wp\/v2\/types\/post"}],"author":[{"embeddable":true,"href":"https:\/\/www.europesays.com\/fr\/wp-json\/wp\/v2\/users\/2"}],"replies":[{"embeddable":true,"href":"https:\/\/www.europesays.com\/fr\/wp-json\/wp\/v2\/comments?post=610784"}],"version-history":[{"count":0,"href":"https:\/\/www.europesays.com\/fr\/wp-json\/wp\/v2\/posts\/610784\/revisions"}],"wp:featuredmedia":[{"embeddable":true,"href":"https:\/\/www.europesays.com\/fr\/wp-json\/wp\/v2\/media\/610785"}],"wp:attachment":[{"href":"https:\/\/www.europesays.com\/fr\/wp-json\/wp\/v2\/media?parent=610784"}],"wp:term":[{"taxonomy":"category","embeddable":true,"href":"https:\/\/www.europesays.com\/fr\/wp-json\/wp\/v2\/categories?post=610784"},{"taxonomy":"post_tag","embeddable":true,"href":"https:\/\/www.europesays.com\/fr\/wp-json\/wp\/v2\/tags?post=610784"}],"curies":[{"name":"wp","href":"https:\/\/api.w.org\/{rel}","templated":true}]}}