{"id":610786,"date":"2025-12-20T02:12:19","date_gmt":"2025-12-20T02:12:19","guid":{"rendered":"https:\/\/www.europesays.com\/fr\/610786\/"},"modified":"2025-12-20T02:12:19","modified_gmt":"2025-12-20T02:12:19","slug":"lexecutif-a-presente-son-budget-2026","status":"publish","type":"post","link":"https:\/\/www.europesays.com\/fr\/610786\/","title":{"rendered":"l\u2019ex\u00e9cutif a pr\u00e9sent\u00e9 son budget 2026"},"content":{"rendered":"<p><strong>[Modifi\u00e9 le 19\/12\/25 \u00e0 10h]<\/strong> <\/p>\n<p>En 2026, l\u2019Eurom\u00e9tropole de Strasbourg va investir 454,3\u00a0millions d\u2019euros et \u00ab\u00a0fonctionner\u00a0\u00bb avec 875,4 millions d&rsquo;euros. C\u2019est du moins ce que pr\u00e9voit l\u2019ex\u00e9cutif actuel de la collectivit\u00e9 avant les \u00e9lections \u00e0 venir en mars. La pr\u00e9sidente <a href=\"https:\/\/www.dna.fr\/p\/pia-imbs\" target=\"_blank\" rel=\"noopener\">Pia Imbs<\/a> et le vice-pr\u00e9sident aux finances Syamak Agha Babaei (*) ont d\u00e9taill\u00e9 \u00e0 la presse <a href=\"https:\/\/www.dna.fr\/politique\/2025\/11\/07\/pas-de-coup-de-frein-a-l-investissement-malgre-l-incertitude\" target=\"_blank\" rel=\"noopener\">les grandes lignes de ce \u00ab\u00a0budget primitif\u00a0\u00bb<\/a> , avant de le soumettre au vote du conseil m\u00e9tropolitain ce vendredi 19\u00a0d\u00e9cembre.<\/p>\n<p>Les investissements \u00ab\u00a0op\u00e9rationnels\u00a0\u00bb [hors op\u00e9rations financi\u00e8res] sont chiffr\u00e9s \u00e0 271,1\u00a0millions d\u2019euros (M\u20ac)\u00a0; 47,6M\u20ac sont ainsi fl\u00e9ch\u00e9s pour des travaux de voirie, pistes cyclables et zones pi\u00e9tonnes. <a href=\"https:\/\/www.dna.fr\/transport\/2025\/05\/23\/tspo-l-achevement-du-projet-engage-sur-une-voie-chaotique\" target=\"_blank\" rel=\"noopener\">Le Transport en site propre de l\u2019ouest strasbourgeois<\/a> (TSPO) fait partie de cette&#8230;<\/p>\n","protected":false},"excerpt":{"rendered":"[Modifi\u00e9 le 19\/12\/25 \u00e0 10h] En 2026, l\u2019Eurom\u00e9tropole de Strasbourg va investir 454,3\u00a0millions d\u2019euros et \u00ab\u00a0fonctionner\u00a0\u00bb avec 875,4&hellip;\n","protected":false},"author":2,"featured_media":610787,"comment_status":"","ping_status":"","sticky":false,"template":"","format":"standard","meta":{"footnotes":""},"categories":[2820],"tags":[1111,11,33,2880,1057,436,1777,674,107,1011,27,775,3539,12,316,2922,25,801,104,640,2879,2803,216],"class_list":{"0":"post-610786","1":"post","2":"type-post","3":"status-publish","4":"format-standard","5":"has-post-thumbnail","7":"category-strasbourg","8":"tag-actu","9":"tag-actualites","10":"tag-economie","11":"tag-edition-strasbourg","12":"tag-education","13":"tag-environnement","14":"tag-eu","15":"tag-europe","16":"tag-fil-info","17":"tag-fr","18":"tag-france","19":"tag-grand-est","20":"tag-les-ecologistes","21":"tag-news","22":"tag-politique","23":"tag-pouvoir-dachat","24":"tag-republique-francaise","25":"tag-social","26":"tag-societe","27":"tag-strasbourg","28":"tag-strasbourg-ville","29":"tag-transport","30":"tag-vie-des-entreprises"},"share_on_mastodon":{"url":"https:\/\/pubeurope.com\/@fr\/115749476326374450","error":""},"_links":{"self":[{"href":"https:\/\/www.europesays.com\/fr\/wp-json\/wp\/v2\/posts\/610786","targetHints":{"allow":["GET"]}}],"collection":[{"href":"https:\/\/www.europesays.com\/fr\/wp-json\/wp\/v2\/posts"}],"about":[{"href":"https:\/\/www.europesays.com\/fr\/wp-json\/wp\/v2\/types\/post"}],"author":[{"embeddable":true,"href":"https:\/\/www.europesays.com\/fr\/wp-json\/wp\/v2\/users\/2"}],"replies":[{"embeddable":true,"href":"https:\/\/www.europesays.com\/fr\/wp-json\/wp\/v2\/comments?post=610786"}],"version-history":[{"count":0,"href":"https:\/\/www.europesays.com\/fr\/wp-json\/wp\/v2\/posts\/610786\/revisions"}],"wp:featuredmedia":[{"embeddable":true,"href":"https:\/\/www.europesays.com\/fr\/wp-json\/wp\/v2\/media\/610787"}],"wp:attachment":[{"href":"https:\/\/www.europesays.com\/fr\/wp-json\/wp\/v2\/media?parent=610786"}],"wp:term":[{"taxonomy":"category","embeddable":true,"href":"https:\/\/www.europesays.com\/fr\/wp-json\/wp\/v2\/categories?post=610786"},{"taxonomy":"post_tag","embeddable":true,"href":"https:\/\/www.europesays.com\/fr\/wp-json\/wp\/v2\/tags?post=610786"}],"curies":[{"name":"wp","href":"https:\/\/api.w.org\/{rel}","templated":true}]}}