{"id":610788,"date":"2025-12-20T02:13:16","date_gmt":"2025-12-20T02:13:16","guid":{"rendered":"https:\/\/www.europesays.com\/fr\/610788\/"},"modified":"2025-12-20T02:13:16","modified_gmt":"2025-12-20T02:13:16","slug":"double-suspension-pour-monaco-et-strasbourg","status":"publish","type":"post","link":"https:\/\/www.europesays.com\/fr\/610788\/","title":{"rendered":"Double suspension pour Monaco et Strasbourg"},"content":{"rendered":"<p><strong>Les sanctions sont tomb\u00e9es pour<br \/>\nMonaco et Strasbourg apr\u00e8s les \u00e9chauffour\u00e9es entre Alpha Diallo et<br \/>\nGabe Brown le 14 d\u00e9cembre dernier.<\/strong><\/p>\n<p>La Commission Juridique, de Discipline et des R\u00e8glements de la<br \/>\nLNB avait du boulot lors de ses deux derni\u00e8res r\u00e9unions du 15 et 18<br \/>\nd\u00e9cembre. R\u00e9unie pour d\u00e9cider du sort de certains acteurs de la<br \/>\nBetclic Elite, l\u2019instance a d\u00e9cid\u00e9 de frapper fort pour sanctionner<br \/>\ncertains comportements inadmissibles.<\/p>\n<p>Lors de Monaco \u2013 Strasbourg dimanche dernier, Alpha Diallo et<br \/>\nGabe Brown se sont \u00e9chang\u00e9s des coups et ont par ailleurs \u00e9t\u00e9<br \/>\nexclus de la rencontre, avant de continuer \u00e0 s\u2019invectiver dans les<br \/>\ncouloirs. Des actes qui leur ont valu une peine pour \u00ab actes de<br \/>\nviolence \u00bb, et une suspension de deux matchs fermes plus deux<br \/>\nmatchs avec sursis. Diallo ratera donc les rencontres face \u00e0<br \/>\nNanterre ce dimanche, et Cholet mardi prochain. De son c\u00f4t\u00e9, Brown<br \/>\nmanquera les matchs contre Saint-Quentin et Limoges.<\/p>\n<p>Une double sanction pour Strasbourg<\/p>\n<p>Le club alsacien ne va pas perdre un seul joueur puisque Marcus<br \/>\nKeene a lui aussi re\u00e7u sa sanction. Le 22 novembre face \u00e0<br \/>\nChalon-sur-Sa\u00f4ne, le Strasbourgeois avait \u00e9t\u00e9 exclu d\u00e8s le premier<br \/>\nquart-temps et avait alors lanc\u00e9 son bandeau vers un supporter au<br \/>\npremier rang. Le geste, consid\u00e9r\u00e9 comme \u00ab un comportement violent<br \/>\nenvers un spectateur \u00bb lui a valu \u00e0 lui aussi une suspension de<br \/>\ndeux matches fermes.<\/p>\n<p>Contrairement \u00e0 son co\u00e9quipier Gabe Brown, Keene purgera sa<br \/>\npeine qu\u2019en janvier en manquant les rencontres face \u00e0<br \/>\nBourg-en-Bresse (le 10 janvier) et Paris (le 13 janvier). Une<br \/>\nd\u00e9cision qui punit doublement Strasbourg qui devra se passer de<br \/>\ndeux joueurs \u00e0 des intervalles diff\u00e9rents, ce qui change la donne<br \/>\nen termes de composition.<\/p>\n<p>Cit\u00e9 devant la commission apr\u00e8s ses \u00e9changes houleux face au<br \/>\nstaff du Paris Basketball, le coach des Bleus et de<br \/>\nBourg-en-Bresse, Fr\u00e9d\u00e9ric Fauthoux, n\u2019a finalement pas \u00e9t\u00e9<br \/>\nsanctionn\u00e9. Il avait notamment refus\u00e9 la poign\u00e9e de main avec<br \/>\nl\u2019assistant de Francesco Tabellini, Julius Thomas, \u00e0 la fin de la<br \/>\nrencontre.<\/p>\n","protected":false},"excerpt":{"rendered":"Les sanctions sont tomb\u00e9es pour Monaco et Strasbourg apr\u00e8s les \u00e9chauffour\u00e9es entre Alpha Diallo et Gabe Brown le&hellip;\n","protected":false},"author":2,"featured_media":610789,"comment_status":"","ping_status":"","sticky":false,"template":"","format":"standard","meta":{"footnotes":""},"categories":[2820],"tags":[1111,11,1465,3146,1777,674,1011,27,775,72180,12,25,57681,640,72181],"class_list":{"0":"post-610788","1":"post","2":"type-post","3":"status-publish","4":"format-standard","5":"has-post-thumbnail","7":"category-strasbourg","8":"tag-actu","9":"tag-actualites","10":"tag-basket","11":"tag-betclic-elite","12":"tag-eu","13":"tag-europe","14":"tag-fr","15":"tag-france","16":"tag-grand-est","17":"tag-monaco-basket","18":"tag-news","19":"tag-republique-francaise","20":"tag-sport365-fr","21":"tag-strasbourg","22":"tag-strasbourg-basket"},"share_on_mastodon":{"url":"https:\/\/pubeurope.com\/@fr\/115749480338629283","error":""},"_links":{"self":[{"href":"https:\/\/www.europesays.com\/fr\/wp-json\/wp\/v2\/posts\/610788","targetHints":{"allow":["GET"]}}],"collection":[{"href":"https:\/\/www.europesays.com\/fr\/wp-json\/wp\/v2\/posts"}],"about":[{"href":"https:\/\/www.europesays.com\/fr\/wp-json\/wp\/v2\/types\/post"}],"author":[{"embeddable":true,"href":"https:\/\/www.europesays.com\/fr\/wp-json\/wp\/v2\/users\/2"}],"replies":[{"embeddable":true,"href":"https:\/\/www.europesays.com\/fr\/wp-json\/wp\/v2\/comments?post=610788"}],"version-history":[{"count":0,"href":"https:\/\/www.europesays.com\/fr\/wp-json\/wp\/v2\/posts\/610788\/revisions"}],"wp:featuredmedia":[{"embeddable":true,"href":"https:\/\/www.europesays.com\/fr\/wp-json\/wp\/v2\/media\/610789"}],"wp:attachment":[{"href":"https:\/\/www.europesays.com\/fr\/wp-json\/wp\/v2\/media?parent=610788"}],"wp:term":[{"taxonomy":"category","embeddable":true,"href":"https:\/\/www.europesays.com\/fr\/wp-json\/wp\/v2\/categories?post=610788"},{"taxonomy":"post_tag","embeddable":true,"href":"https:\/\/www.europesays.com\/fr\/wp-json\/wp\/v2\/tags?post=610788"}],"curies":[{"name":"wp","href":"https:\/\/api.w.org\/{rel}","templated":true}]}}