{"id":61079,"date":"2025-04-29T05:59:10","date_gmt":"2025-04-29T05:59:10","guid":{"rendered":"https:\/\/www.europesays.com\/fr\/61079\/"},"modified":"2025-04-29T05:59:10","modified_gmt":"2025-04-29T05:59:10","slug":"de-la-bibliotheque-a-la-bombonera-lemirates-est-devenu-lun-des-stades-les-plus-chauds-dangleterre","status":"publish","type":"post","link":"https:\/\/www.europesays.com\/fr\/61079\/","title":{"rendered":"De la \u00ab\u00a0biblioth\u00e8que\u00a0\u00bb \u00e0 la Bombonera, l\u2019Emirates est devenu l\u2019un des stades les plus chauds d\u2019Angleterre"},"content":{"rendered":"<p>Apr\u00e8s avoir \u00e9teint <a href=\"https:\/\/www.20minutes.fr\/sport\/football\/ligue_des_champions\/4142787-20250311-direct-liverpool-psg-exploit-anfield-porte-suivez-8e-finale-retour-ligue-champions\" target=\"_blank\" class=\"color-ultramarine c-link\" rel=\"noopener\">Anflied<\/a> et, dans une moindre mesure, Villa Park, le <a href=\"https:\/\/www.20minutes.fr\/sport\/psg\/\" target=\"_blank\" class=\"color-ultramarine c-link\" rel=\"noopener\">Paris Saint-Germain<\/a> poursuit son exp\u00e9dition punitive du Royaume-Uni avec, d\u00e8s mardi, un arr\u00eat \u00e0 l\u2019Emirates Stadium, o\u00f9 les hommes de Luis Enrique affrontent Arsenal en demi-finale aller de la Ligue des champions. <a href=\"https:\/\/www.20minutes.fr\/sport\/football\/ligue_des_champions\/4113161-20241002-arsenal-psg-record-poteaux-defaites-stats-lose-psg-luis-enrique\" class=\"color-ultramarine c-link\" target=\"_blank\" rel=\"noopener\">Salement remis \u00e0 leur place<\/a> en octobre dernier lors de la phase de poule, les Parisiens avaient pu mesurer la chaude ambiance d\u2019un stade qui s\u2019est pourtant longtemps tra\u00een\u00e9 une r\u00e9putation de r\u00e9sidence de vill\u00e9giature pour touristes du troisi\u00e8me \u00e2ge.<\/p>\n<p>Surnomm\u00e9 \u00ab\u00a0The Library\u00a0\u00bb, la biblioth\u00e8que, pour son ambiance feutr\u00e9e, l\u2019Emirates est en effet devenu ces derni\u00e8res ann\u00e9es un stade o\u00f9 il ne fait pas bon voyager, tant par la qualit\u00e9 du jeu propos\u00e9 par les Gunners que par la pression populaire tout droit venue des gradins. Pr\u00e9sident d\u2019Arsenal Supporters Club France, l\u2019une des deux associations fran\u00e7aises reconnues par le club, Vincent nous reprend.<\/p>\n<p>\u00ab\u00a0Le surnom \u00ab\u00a0The Library\u00a0\u00bb datait d\u00e9j\u00e0 de l\u2019\u00e9poque o\u00f9 Arsenal jouait \u00e0 Highbury, d\u2019o\u00f9 la rime, mais c\u2019est rest\u00e9 avec <a href=\"https:\/\/arsenalfrenchclub.fr\/trust-the-process-et-lemirates-stadium-dans-tout-ca\/\" rel=\"nofollow noopener\" target=\"_blank\" class=\"color-ultramarine c-link\">l\u2019arriv\u00e9e du club \u00e0 l\u2019Emirates<\/a> en\u00a02006, corrige-t-il. On va dire qu\u2019il est plus ou moins m\u00e9rit\u00e9. Il y a quand m\u00eame un fond de vrai, du fait de la moyenne d\u2019\u00e2ge assez \u00e9lev\u00e9e des supporters, sans compter que c\u2019est un stade o\u00f9 on retrouve beaucoup de touristes venus du monde entier chaque semaine, et forc\u00e9ment ils n\u2019ont pas le m\u00eame comportement au stade que des fans r\u00e9guliers.\u00a0\u00bb<\/p>\n<\/p>\n<p>Le Covid, la jeunesse et le boxon<\/p>\n<p>Mais \u00e7a, c\u2019\u00e9tait avant le Covid, qui n\u2019a donc pas eu que des mauvais c\u00f4t\u00e9s finalement. Tandis que la plan\u00e8te respirait \u00e0 nouveau et que les Fran\u00e7ais devenaient des professionnels du pain fait maison, les fans d\u2019Arsenal, eux, en ont profit\u00e9 pour faire leur mue. C\u2019est ce que nous d\u00e9taille Raymond Herlihy, le pr\u00e9sident de REDactions Gunners, un groupe de supporters bas\u00e9 en tribune North Bank, derri\u00e8re l\u2019un des buts de l\u2019Emirates. <\/p>\n<p>\u00ab\u00a0Historiquement, Arsenal avait la moyenne d\u2019\u00e2ge la plus \u00e9lev\u00e9e parmi tous les supporters de Premier League mais, apr\u00e8s le Covid, une partie de ceux-ci a choisi de ne plus revenir au stade, laissant ainsi la place \u00e0 une nouvelle g\u00e9n\u00e9ration, plus jeune et plus bruyante, ce qui a consid\u00e9rablement contribu\u00e9 \u00e0 am\u00e9liorer l\u2019ambiance ces derni\u00e8res ann\u00e9es.\u00a0\u00bb<\/p>\n<p class=\"mb-m@xs text-l@xs\">En cliquant sur\u00ab J\u2019accepte \u00bb, vous acceptez le d\u00e9p\u00f4t de cookies par des services externes et aurez ainsi acc\u00e8s aux contenus de nos partenaires.<\/p>\n<p class=\"mb-xl@xs text-s@xs\">Plus d\u2019informations sur la page<a href=\"https:\/\/www.20minutes.fr\/gestion-cookies\" class=\"mx-xxs@xs color-ultramarine\" target=\"_blank\" rel=\"noopener\">Politique de gestion des cookies<\/a><\/p>\n<p>J\u2019accepte<\/p>\n<p>Satisfait de ce renouvellement de population, le club a suivi et facilit\u00e9 ce mouvement \u00e0 travers toute une s\u00e9rie de mesures incitatives pour encourager la jeunesse londonienne \u00e0 prendre place \u00e0 l\u2019Emirates plut\u00f4t qu\u2019au pub du coin. \u00ab\u00a0Le club d\u00e9ploie de gros moyens depuis la d\u00e9b\u00e2cle de la Superligue. Ils sont plus ouverts aux changements, plus \u00e0 l\u2019\u00e9coute des fans aussi comme on a pu le voir avec une politique tarifaire plus adapt\u00e9e \u00e0 la jeunesse. M\u00eame si l\u2019annonce d\u2019une nouvelle hausse des prix pour la saison prochaine constitue toutefois un recul.\u00a0\u00bb<\/p>\n<p>Arteta, chef de meutes et chouchou du public<\/p>\n<p>Biberonn\u00e9 \u00e0 l\u2019ambiance du Parc des Princes au d\u00e9but des ann\u00e9es\u00a02000, Mikel Arteta ne rate jamais une occasion d\u2019enflammer le public du nord-est de Londres \u00e0 grands coups de bras lev\u00e9s, de poings serr\u00e9s et de regards de serial killer. D\u00e8s son arriv\u00e9e au club, sur les braises encore fumantes de l\u2019ancien cimeti\u00e8re qu\u2019\u00e9tait l\u2019Emirates au moment du d\u00e9part d\u2019Unai Emery, le coach espagnol a fait de la question de l\u2019ambiance un \u00e9l\u00e9ment central de sa mission. \u00ab\u00a0L\u2019un de mes principaux objectifs, c\u2019est de reconnecter les fans \u00e0 l\u2019\u00e9quipe\u00a0\u00bb, avait-il annonc\u00e9 lors de sa premi\u00e8re conf\u00e9rence de presse en\u00a02019.<\/p>\n<p>Pour ce faire, pas de secret, il fallait d\u00e9j\u00e0 reb\u00e2tir une \u00e9quipe capable de redonner un peu de plaisir et de gnac aux supporters, apr\u00e8s des ann\u00e9es \u00e0 leur faire avaler de force du porridge inf\u00e2me dans le gosier. Avec une jeune g\u00e9n\u00e9ration de joueurs hypertalentueux et tr\u00e8s attach\u00e9s au club (Saka, Odegaard, Saliba, Nwaneri, Lewis-Skelly), Arteta a r\u00e9ussi en quelques ann\u00e9es \u00e0 redonner vie au club et \u00e0 son public, qui figure aujourd\u2019hui parmi les plus chauds de Premier League\u2026 dans les gros matchs, pour le moment.<\/p>\n<p>Vincent t\u00e9moigne\u00a0: \u00ab\u00a0Sur des petits matchs, on a encore parfois des ambiances relativement soft. Lors des matchs nuls qu\u2019on a pu faire \u00e0 la maison cette saison, contre des petites \u00e9quipes, on a vite senti que le public pouvait \u00eatre frustr\u00e9 et n\u2019encourageait plus beaucoup. Il retombe encore parfois un peu dans ses vieux travers.\u00a0\u00bb Dans ces cas-l\u00e0, quand \u00e7a ronque \u00e0 en faire craquer le joint des si\u00e8ges, il peut d\u00e9sormais s\u2019appuyer sur les AA qui, s\u2019ils ne crachent certainement sur quelques pintes avant les matchs, n\u2019ont rien \u00e0 voir avec les Alcooliques Anonymes.<\/p>\n<p><img decoding=\"async\" alt=\"Le cort\u00e8ge de l'\u00ab\u00a0Ashburton Army\u00a0\u00bbavant le match contre Manchester United, le 4 d\u00e9cembre dernier. \" class=\"c-img\" loading=\"lazy\" fetchpriority=\"auto\" width=\"718\"  src=\"https:\/\/www.europesays.com\/fr\/wp-content\/uploads\/2025\/04\/1745906350_474_718x0.jpeg; charset=utf-8\" \/>Le cort\u00e8ge de l&rsquo;\u00ab\u00a0Ashburton Army\u00a0\u00bbavant le match contre Manchester United, le 4 d\u00e9cembre dernier. \u2002-\u00a0Shaun Botterill Quand la culture ultra gagne l\u2019Emirates<\/p>\n<p>Il s\u2019agit de l&rsquo;\u00ab\u00a0Ashburton Army\u00a0\u00bb, un groupe de (jeunes) supporters fond\u00e9s en\u00a02019 sur un mod\u00e8le ultra historiquement peu en vogue en Angleterre. Tout de noir v\u00eatu, arm\u00e9s de tambours et de drapeaux, ceux-ci d\u00e9tonnent dans le paysage calme et feutr\u00e9 du support\u00e9risme \u00e0 la papa de Premier League, depuis la tribune Clock End de l\u2019Emirates o\u00f9 ils ont pos\u00e9 leur baluchon il y a cinq ans. Et si leur pr\u00e9sence a pu en choquer certains &#8211; \u00ab\u00a0de toute mani\u00e8re les supporters d\u2019Arsenal r\u00e2lent toujours pour quelque chose\u00a0\u00bb, se marre Raymond Herlihy &#8211; le public valide globalement ce vent de fra\u00eecheur bienvenu.<\/p>\n<p>\u00ab\u00a0Ils n\u2019ont pas toujours \u00e9t\u00e9 tr\u00e8s bien vus car ce n\u2019est pas dans la culture anglaise d\u2019avoir des tambours en tribune, et de chanter tout le match sans se soucier de ce qu\u2019il se passe sur le terrain mais, dans l\u2019ensemble, leur pr\u00e9sence est plut\u00f4t appr\u00e9ci\u00e9e et reconnue\u00a0\u00bb, confirme notre supporter Fran\u00e7ais. Ne d\u00e9passant pas la barre des 100 membres, ceux-ci ont quand m\u00eame encore du boulot avant de ressembler au Virage Auteuil. \u00ab\u00a0Les ultras du PSG sont \u00e0 un niveau bien sup\u00e9rieur et je suis s\u00fbr que l\u2019Ashburton Army aspire \u00e0 les imiter \u00e0 bien des \u00e9gards\u00a0\u00bb, reconna\u00eet Raymond Herlihy.<\/p>\n<p>R\u00e9put\u00e9 outre-Manche pour mettre un boxon pas possible \u00e0 l\u2019ext\u00e9rieur, le Collectif Ultras Paris devra \u00e0 nouveau sortir une masterclass pour se faire entendre mardi soir. Car <a href=\"https:\/\/www.goal.com\/fr\/news\/arsenal-psg-le-message-hilarant-de-mikel-arteta-aux-supporters\/blt84b33a06b75ca893\" rel=\"nofollow noopener\" target=\"_blank\" class=\"color-ultramarine c-link\">Mikel Arteta<\/a> a pr\u00e9venu ses supporters, il veut que ce soit le feu de bout en bout de la rencontre\u00a0: \u00ab\u00a0Le message que je veux leur faire passer c\u2019est qu\u2019ils doivent jouer tous les ballons avec nous. Je leur demande donc d\u2019apporter leurs crampons, leurs prot\u00e8ge-tibias, leur short et leur maillot\u00a0! Et jouons mardi soir tous ensemble pour vivre l\u2019une des plus belles soir\u00e9es de l\u2019Emirates\u00a0!\u00a0\u00bb<\/p>\n","protected":false},"excerpt":{"rendered":"Apr\u00e8s avoir \u00e9teint Anflied et, dans une moindre mesure, Villa Park, le Paris Saint-Germain poursuit son exp\u00e9dition punitive&hellip;\n","protected":false},"author":2,"featured_media":61080,"comment_status":"","ping_status":"","sticky":false,"template":"","format":"standard","meta":{"footnotes":""},"categories":[9],"tags":[5357,63,1011,27,447,2332,517,60,1015],"class_list":{"0":"post-61079","1":"post","2":"type-post","3":"status-publish","4":"format-standard","5":"has-post-thumbnail","7":"category-sports","8":"tag-arsenal","9":"tag-football","10":"tag-fr","11":"tag-france","12":"tag-ligue-des-champions","13":"tag-paris-saint-germain-psg","14":"tag-sport","15":"tag-sports","16":"tag-supporter"},"share_on_mastodon":{"url":"https:\/\/pubeurope.com\/@fr\/114419726067649025","error":""},"_links":{"self":[{"href":"https:\/\/www.europesays.com\/fr\/wp-json\/wp\/v2\/posts\/61079","targetHints":{"allow":["GET"]}}],"collection":[{"href":"https:\/\/www.europesays.com\/fr\/wp-json\/wp\/v2\/posts"}],"about":[{"href":"https:\/\/www.europesays.com\/fr\/wp-json\/wp\/v2\/types\/post"}],"author":[{"embeddable":true,"href":"https:\/\/www.europesays.com\/fr\/wp-json\/wp\/v2\/users\/2"}],"replies":[{"embeddable":true,"href":"https:\/\/www.europesays.com\/fr\/wp-json\/wp\/v2\/comments?post=61079"}],"version-history":[{"count":0,"href":"https:\/\/www.europesays.com\/fr\/wp-json\/wp\/v2\/posts\/61079\/revisions"}],"wp:featuredmedia":[{"embeddable":true,"href":"https:\/\/www.europesays.com\/fr\/wp-json\/wp\/v2\/media\/61080"}],"wp:attachment":[{"href":"https:\/\/www.europesays.com\/fr\/wp-json\/wp\/v2\/media?parent=61079"}],"wp:term":[{"taxonomy":"category","embeddable":true,"href":"https:\/\/www.europesays.com\/fr\/wp-json\/wp\/v2\/categories?post=61079"},{"taxonomy":"post_tag","embeddable":true,"href":"https:\/\/www.europesays.com\/fr\/wp-json\/wp\/v2\/tags?post=61079"}],"curies":[{"name":"wp","href":"https:\/\/api.w.org\/{rel}","templated":true}]}}