{"id":610790,"date":"2025-12-20T02:14:14","date_gmt":"2025-12-20T02:14:14","guid":{"rendered":"https:\/\/www.europesays.com\/fr\/610790\/"},"modified":"2025-12-20T02:14:14","modified_gmt":"2025-12-20T02:14:14","slug":"un-acteur-nonagenaire-souvre-le-crane-en-chutant-lourdement-a-laeroport-de-nice-son-epouse-depose-plainte","status":"publish","type":"post","link":"https:\/\/www.europesays.com\/fr\/610790\/","title":{"rendered":"un acteur nonag\u00e9naire s\u2019ouvre le cr\u00e2ne en chutant lourdement \u00e0 l\u2019a\u00e9roport de Nice, son \u00e9pouse d\u00e9pose plainte"},"content":{"rendered":"<p class=\"fs-5 \">\u00ab Cette chute gravissime aurait pu co\u00fbter la vie \u00e0 mon \u00e9poux. \u00bb Patricia Balme donne la mesure de l\u2019accident survenu \u00e0 l\u2019a\u00e9roport Nice C\u00f4te d\u2019Azur, dans un courrier adress\u00e9 au pr\u00e9sident de son directoire. Son mari, l\u2019acteur Jean Sorel, a \u00e9t\u00e9 bless\u00e9 \u00e0 la t\u00eate, le 11 d\u00e9cembre dernier, \u00e0 l\u2019arriv\u00e9e de la navette Orly-Nice. Apr\u00e8s une s\u00e9rie d\u2019examens m\u00e9dicaux, sa femme a d\u00e9pos\u00e9 plainte mardi contre l\u2019a\u00e9roport pour \u00ab blessures involontaires \u00bb.<\/p>\n<p class=\"fs-5 \">Il est 13 h, ce jeudi-l\u00e0, quand Jean Sorel et Patricia Balme d\u00e9barquent du vol AF 6210. Le couple \u00e9tabli \u00e0 Paris rejoint sa r\u00e9sidence secondaire \u00e0 Vallauris. <a href=\"https:\/\/www.nicematin.com\/faits-divers\/il-a-tourne-avec-claudia-cardinale-monica-vitti-et-catherine-deneuve-jean-sorel-le-beau-francais-qui-a-seduit-l-italie-10652303\" target=\"_blank\" rel=\"noopener\">L\u2019acteur, qui rivalisait de beaut\u00e9 avec Alain Delon et a fait une carri\u00e8re remarqu\u00e9e dans le cin\u00e9ma italien (1)<\/a>, est aujourd\u2019hui \u00e2g\u00e9 de 91 ans. Le couple cherche un ascenseur pour descendre avec ses valises. Mais comme \u00e0 l\u2019accoutum\u00e9e, il n\u2019en trouve pas, faute de signal\u00e9tique adapt\u00e9e. Il se r\u00e9sout \u00e0 emprunter l\u2019escalier.<\/p>\n<p class=\"fs-5 \">Jean Sorel se tient \u00e0 la rampe centrale. Mais celle-ci s&rsquo;av\u00e8re branlante. Il perd l\u2019\u00e9quilibre. \u00ab Mon mari a fait une chute vertigineuse d\u2019une quinzaine de marches. Il est tomb\u00e9 sur le cr\u00e2ne, fr\u00e9mit Patricia Balme. Il y avait une flaque de sang. \u00bb Elle comprime la t\u00eate de son mari entre ses mains, sous le regard constern\u00e9 des passagers. \u00ab Il \u00e9tait conscient, mais blanc, avec 17 de tension. \u00bb<\/p>\n<p>                                                                                \u00ab Il ne pourra pas travailler avant deux mois \u00bb<\/p>\n<p class=\"fs-5 \">Pass\u00e9 de longues minutes d\u2019attente, un \u00ab jeune pompier inexp\u00e9riment\u00e9 \u00bb entreprend de prodiguer les premiers soins, avant de passer la main \u00e0 un m\u00e9decin. Un responsable de l\u2019a\u00e9roport vient s\u2019enqu\u00e9rir de la sant\u00e9 du bless\u00e9. \u00ab Nos \u00e9quipes sont intervenues pour porter assistance au passager qui avait lourdement chut\u00e9, confirme H\u00e9l\u00e8ne Navarro, directrice de la communication des A\u00e9roports de la C\u00f4te d\u2019Azur. Apr\u00e8s avoir \u00e9t\u00e9 pris en charge, il a pu regagner son domicile en taxi. \u00bb<\/p>\n<p class=\"fs-5 \">Le lendemain, Jean Sorel est pris de vertiges. Patricia Balme appelle les sapeurs-pompiers. Direction l\u2019h\u00f4pital d\u2019Antibes pour des examens, notamment un scanner de la t\u00eate. Pas d\u2019h\u00e9morragie interne ni d\u2019h\u00e9matome sous-dural, comme sa femme le redoutait. \u00ab Cependant, il est extr\u00eamement fatigu\u00e9 et affaibli apr\u00e8s cet accident, et ne pourra pas travailler avant deux mois. \u00bb<\/p>\n<p class=\"fs-5 \">Consid\u00e9rant la responsabilit\u00e9 de l\u2019a\u00e9roport \u00ab totalement engag\u00e9e \u00bb, Patricia Balme a demand\u00e9 r\u00e9paration. R\u00e9paration du pr\u00e9judice subi, mais aussi de la rampe mal fix\u00e9e. \u00ab Mon mari a failli mourir et je ne veux pas que \u00e7a arrive \u00e0 d\u2019autres. \u00bb C\u00f4t\u00e9 a\u00e9roport, l\u2019incident n\u2019est pas rest\u00e9 sans suite. \u00ab Nos \u00e9quipes ont fait un contr\u00f4le technique. La rampe de l\u2019escalier \u00e9tait effectivement branlante, et a \u00e9t\u00e9 r\u00e9par\u00e9e, confirme H\u00e9l\u00e8ne Navarro. Nous esp\u00e9rons que ce passager va vite se r\u00e9tablir. \u00bb<\/p>\n<p class=\"fs-5 \">(1) Lire son portrait paru dans nos \u00e9ditions du 14 octobre.<\/p>\n","protected":false},"excerpt":{"rendered":"\u00ab Cette chute gravissime aurait pu co\u00fbter la vie \u00e0 mon \u00e9poux. \u00bb Patricia Balme donne la mesure&hellip;\n","protected":false},"author":2,"featured_media":610791,"comment_status":"","ping_status":"","sticky":false,"template":"","format":"standard","meta":{"footnotes":""},"categories":[2819],"tags":[1111,11,1777,674,1011,27,12,2401,882,25],"class_list":{"0":"post-610790","1":"post","2":"type-post","3":"status-publish","4":"format-standard","5":"has-post-thumbnail","7":"category-nice","8":"tag-actu","9":"tag-actualites","10":"tag-eu","11":"tag-europe","12":"tag-fr","13":"tag-france","14":"tag-news","15":"tag-nice","16":"tag-provence-alpes-cote-dazur","17":"tag-republique-francaise"},"share_on_mastodon":{"url":"https:\/\/pubeurope.com\/@fr\/115749484269030371","error":""},"_links":{"self":[{"href":"https:\/\/www.europesays.com\/fr\/wp-json\/wp\/v2\/posts\/610790","targetHints":{"allow":["GET"]}}],"collection":[{"href":"https:\/\/www.europesays.com\/fr\/wp-json\/wp\/v2\/posts"}],"about":[{"href":"https:\/\/www.europesays.com\/fr\/wp-json\/wp\/v2\/types\/post"}],"author":[{"embeddable":true,"href":"https:\/\/www.europesays.com\/fr\/wp-json\/wp\/v2\/users\/2"}],"replies":[{"embeddable":true,"href":"https:\/\/www.europesays.com\/fr\/wp-json\/wp\/v2\/comments?post=610790"}],"version-history":[{"count":0,"href":"https:\/\/www.europesays.com\/fr\/wp-json\/wp\/v2\/posts\/610790\/revisions"}],"wp:featuredmedia":[{"embeddable":true,"href":"https:\/\/www.europesays.com\/fr\/wp-json\/wp\/v2\/media\/610791"}],"wp:attachment":[{"href":"https:\/\/www.europesays.com\/fr\/wp-json\/wp\/v2\/media?parent=610790"}],"wp:term":[{"taxonomy":"category","embeddable":true,"href":"https:\/\/www.europesays.com\/fr\/wp-json\/wp\/v2\/categories?post=610790"},{"taxonomy":"post_tag","embeddable":true,"href":"https:\/\/www.europesays.com\/fr\/wp-json\/wp\/v2\/tags?post=610790"}],"curies":[{"name":"wp","href":"https:\/\/api.w.org\/{rel}","templated":true}]}}