{"id":610792,"date":"2025-12-20T02:15:34","date_gmt":"2025-12-20T02:15:34","guid":{"rendered":"https:\/\/www.europesays.com\/fr\/610792\/"},"modified":"2025-12-20T02:15:34","modified_gmt":"2025-12-20T02:15:34","slug":"un-reseau-de-narcolivraison-demantele-a-nice-et-dans-louest-des-alpes-maritimes","status":"publish","type":"post","link":"https:\/\/www.europesays.com\/fr\/610792\/","title":{"rendered":"Un r\u00e9seau de narcolivraison d\u00e9mantel\u00e9 \u00e0 Nice et dans l\u2019ouest des Alpes-Maritimes"},"content":{"rendered":"<p>Un r\u00e9seau structur\u00e9 de livraison de stup\u00e9fiants \u00e0 domicile a \u00e9t\u00e9 d\u00e9mantel\u00e9 \u00e0 Nice et dans plusieurs communes voisines. Trois hommes ont \u00e9t\u00e9 interpell\u00e9s et d\u2019importantes quantit\u00e9s de drogue saisies.<\/p>\n<p>Une enqu\u00eate pr\u00e9liminaire, ouverte en septembre 2025 et suivie par le p\u00f4le sp\u00e9cialis\u00e9 du parquet de Nice, a permis de mettre au jour un trafic de stup\u00e9fiants organis\u00e9, fonctionnant sur le mod\u00e8le de la narcolivraison. Les investigations ont \u00e9t\u00e9 men\u00e9es par le SLPJ\u00a0 (Le Service Local de Police Judiciaire)<\/p>\n<p>Les surveillances ont rapidement confirm\u00e9 l\u2019existence d\u2019un r\u00e9seau actif, avec des <strong>arr\u00eats suspects de v\u00e9hicules<\/strong> et des \u00e9changes laissant penser \u00e0 l\u2019utilisation de <strong>plusieurs appartements ou locaux<\/strong> li\u00e9s au trafic, notamment \u00e0 <strong>Nice<\/strong>, <strong>Saint-Laurent-du-Var<\/strong> et <strong>Cagnes-sur-Mer<\/strong>.<\/p>\n<p><strong>Plusieurs lieux de stockage identifi\u00e9s<\/strong><\/p>\n<p>Les enqu\u00eateurs ont identifi\u00e9 plusieurs v\u00e9hicules et individus, plac\u00e9s sous surveillance \u00e0 l\u2019aide de techniques sp\u00e9ciales d\u2019enqu\u00eate. Un garage situ\u00e9 rue des \u00c9toiles \u00e0 Nice a d\u2019abord \u00e9t\u00e9 rep\u00e9r\u00e9 comme pouvant servir au trafic, avant qu\u2019un nouveau lieu de stockage potentiel ne soit identifi\u00e9 avenue Cyril-Besset, toujours \u00e0 Nice.<\/p>\n<p>Le r\u00e9seau livrait des stup\u00e9fiants \u00e0 domicile sur <strong>Nice et ses alentours<\/strong>, notamment \u00e0 <strong>Carros<\/strong> et <strong>Cagnes-sur-Mer<\/strong>.<\/p>\n<p><strong>Saisies importantes et condamnations<\/strong><\/p>\n<p>Des op\u00e9rations d\u2019interpellation et de perquisition ont \u00e9t\u00e9 men\u00e9es ce lundi\u00a0<strong>15 d\u00e9cembre 2025<\/strong>.<br \/>Trois hommes, n\u00e9s en <strong>1995, 2002 et 2003<\/strong>, ont \u00e9t\u00e9 interpell\u00e9s. Deux d\u2019entre eux \u00e9taient d\u00e9j\u00e0 connus des services de police, notamment pour des faits de vol.<\/p>\n<p>Lors des perquisitions, les forces de l\u2019ordre ont saisi 4 kilos de r\u00e9sine de cannabis, 900 grammes d\u2019herbe, plus d\u2019un demi-kilo de coca\u00efne, plus\u00a0de 27 000 euros en liquide, du mat\u00e9riel de conditionnement, un v\u00e9hicule et des t\u00e9l\u00e9phones.<\/p>\n<p>Confront\u00e9s aux \u00e9l\u00e9ments recueillis, les trois mis en cause ont reconnu leurs r\u00f4les respectifs de g\u00e9rant, logisticien et livreur.<\/p>\n<p>Deux d\u2019entre eux ont \u00e9t\u00e9 condamn\u00e9s dans le cadre d\u2019une comparution sur reconnaissance pr\u00e9alable de culpabilit\u00e9 \u00e0 30 mois de prison, dont 6 mois avec sursis probatoire, avec incarc\u00e9ration imm\u00e9diate, ainsi qu\u2019\u00e0 des amendes et \u00e0 la confiscation des scell\u00e9s.<\/p>\n<p>Le troisi\u00e8me mis en cause compara\u00eet ce vendredi 19 d\u00e9cembre 2025 devant le tribunal correctionnel dans le cadre d\u2019une comparution imm\u00e9diate.<\/p>\n","protected":false},"excerpt":{"rendered":"Un r\u00e9seau structur\u00e9 de livraison de stup\u00e9fiants \u00e0 domicile a \u00e9t\u00e9 d\u00e9mantel\u00e9 \u00e0 Nice et dans plusieurs communes&hellip;\n","protected":false},"author":2,"featured_media":610793,"comment_status":"","ping_status":"","sticky":false,"template":"","format":"standard","meta":{"footnotes":""},"categories":[2819],"tags":[1111,11,1777,674,1011,27,12,2401,882,25],"class_list":{"0":"post-610792","1":"post","2":"type-post","3":"status-publish","4":"format-standard","5":"has-post-thumbnail","7":"category-nice","8":"tag-actu","9":"tag-actualites","10":"tag-eu","11":"tag-europe","12":"tag-fr","13":"tag-france","14":"tag-news","15":"tag-nice","16":"tag-provence-alpes-cote-dazur","17":"tag-republique-francaise"},"share_on_mastodon":{"url":"https:\/\/pubeurope.com\/@fr\/115749488959252545","error":""},"_links":{"self":[{"href":"https:\/\/www.europesays.com\/fr\/wp-json\/wp\/v2\/posts\/610792","targetHints":{"allow":["GET"]}}],"collection":[{"href":"https:\/\/www.europesays.com\/fr\/wp-json\/wp\/v2\/posts"}],"about":[{"href":"https:\/\/www.europesays.com\/fr\/wp-json\/wp\/v2\/types\/post"}],"author":[{"embeddable":true,"href":"https:\/\/www.europesays.com\/fr\/wp-json\/wp\/v2\/users\/2"}],"replies":[{"embeddable":true,"href":"https:\/\/www.europesays.com\/fr\/wp-json\/wp\/v2\/comments?post=610792"}],"version-history":[{"count":0,"href":"https:\/\/www.europesays.com\/fr\/wp-json\/wp\/v2\/posts\/610792\/revisions"}],"wp:featuredmedia":[{"embeddable":true,"href":"https:\/\/www.europesays.com\/fr\/wp-json\/wp\/v2\/media\/610793"}],"wp:attachment":[{"href":"https:\/\/www.europesays.com\/fr\/wp-json\/wp\/v2\/media?parent=610792"}],"wp:term":[{"taxonomy":"category","embeddable":true,"href":"https:\/\/www.europesays.com\/fr\/wp-json\/wp\/v2\/categories?post=610792"},{"taxonomy":"post_tag","embeddable":true,"href":"https:\/\/www.europesays.com\/fr\/wp-json\/wp\/v2\/tags?post=610792"}],"curies":[{"name":"wp","href":"https:\/\/api.w.org\/{rel}","templated":true}]}}