{"id":610794,"date":"2025-12-20T02:16:25","date_gmt":"2025-12-20T02:16:25","guid":{"rendered":"https:\/\/www.europesays.com\/fr\/610794\/"},"modified":"2025-12-20T02:16:25","modified_gmt":"2025-12-20T02:16:25","slug":"lagenda-culturel-dans-louest-du-20-au-28-decembre","status":"publish","type":"post","link":"https:\/\/www.europesays.com\/fr\/610794\/","title":{"rendered":"L\u2019agenda culturel dans l\u2019Ouest du 20 au 28\u00a0d\u00e9cembre"},"content":{"rendered":"<p>Petit tour des \u00e9v\u00e9nements qui valent le d\u00e9tour dans le Grand Ouest.<\/p>\n<p>En attendant le 25<\/p>\n<p>Les <a href=\"https:\/\/www.lesmachines-nantes.fr\/\" target=\"_self\" rel=\"noopener\">Machines de l\u2019\u00cele<\/a> \u00e0 Nantes (Loire-Atlantique) proposent de passer les f\u00eates de No\u00ebl sous les Nefs du 20 au 28\u00a0d\u00e9cembre avec des animations, des jeux et c\u2019est gratuit\u00a0! Il est aussi possible de r\u00e9server, en plus, des spectacles pour toute la famille avec Les puces savantes de la Compagnie Petits miracles\u00a0; Cap\u00a0! de la Compagnie l\u2019Enjoliveur et Le bal \u00e0 Boby de la Compagnie NGC 25.<\/p>\n<p>Les colocs des <a href=\"https:\/\/www.ateliersdescapucins.fr\/fr\" target=\"_self\" rel=\"noopener\">Ateliers des Capucins<\/a> \u00e0 Brest (Finist\u00e8re) proposent des Ateliers de No\u00ebl du 20\u00a0d\u00e9cembre au 4\u00a0janvier sur la Place des Machines avec des ateliers Cr\u00e9a-r\u00e9cup, linogravure ou carte de v\u0153ux, et des concerts, des spectacles et des animations.<\/p>\n<p>Le <a href=\"https:\/\/nossites.vendee.fr\/haras-de-la-vendee\" target=\"_self\" rel=\"noopener\">Haras de la Vend\u00e9e<\/a> \u00e0 La Roche-sur-Yon (Vend\u00e9e) ouvre ses portes du 20 au 24\u00a0d\u00e9cembre avec des animations, et c\u2019est gratuit.<\/p>\n<p>Et ce sont les derniers jours pour profiter du calendrier de l\u2019Avent\u00a0: une activit\u00e9 gratuite est propos\u00e9e chaque jour de d\u00e9cembre jusqu\u2019\u00e0 No\u00ebl aux Franciscaines de Deauville (Calvados).<\/p>\n<p>Solstice d\u2019hiver<\/p>\n<p>Le <a href=\"https:\/\/www.vieuxlaromaine.fr\/accueil\/1-musee--3-sites\/le-musee.html\" target=\"_self\" rel=\"noopener\">mus\u00e9e de Vieux la Romaine<\/a> \u00e0 Vieux (Calvados) propose de f\u00eater les Saturnales, le solstice d\u2019hiver, \u00e0 la mani\u00e8re des Romains lorsqu\u2019ils d\u00e9coraient leurs maisons, avec un atelier d\u00e9coration et un autre de fabrication de cosm\u00e9tiques \u00e0 partir de recettes antiques. C\u2019est aussi l\u2019occasion de visiter l\u2019exposition en acc\u00e8s libre \u00ab\u00a0Rome, du mythe au virtuel\u00a0\u00bb.<\/p>\n<p>Voyages<\/p>\n<p>Un petit tour par la for\u00eat canadienne\u00a0? Pas besoin de prendre l\u2019avion, un crochet par Courseulles-sur-mer (Calvados) suffira. Le <a href=\"https:\/\/www.junobeach.org\/fr\/\" target=\"_self\" rel=\"noopener\">Centre Juno beach<\/a> a sorti les d\u00e9corations de No\u00ebl et les automates des animaux de la for\u00eat canadienne s\u2019animent. L\u2019entr\u00e9e est gratuite ainsi que l\u2019exposition Winnie l\u2019Ourson est-il Canadien\u00a0? C\u2019est aussi un temps fort le 22\u00a0d\u00e9cembre avec un atelier autour des mots anglais et des traditions canadiennes de No\u00ebl, un go\u00fbter avec de la tire d\u2019\u00e9rable (ces sucettes \u00e0 l\u2019\u00e9rable form\u00e9es sur de la neige), et \u00e0 la nuit tomb\u00e9e, une marche aux lampions sur la plage.<\/p>\n<p>R\u00e9veillon de No\u00ebl<\/p>\n<p>Le restaurant coop\u00e9ratif <a href=\"https:\/\/lechampcommun.fr\/la-prog\/\" target=\"_self\" rel=\"noopener\">Le Champ commun<\/a> \u00e0 Augan (Morbihan) organise un r\u00e9veillon collectif autour d\u2019une grande tabl\u00e9e, \u00e0 chacun de venir avec un plat maison pour garnir le banquet, sinon c\u2019est entr\u00e9e libre\u00a0!<\/p>\n<p>Lumi\u00e8res<\/p>\n<p>Une balade \u00e0 la lanterne dans l\u2019Histoire, \u00e7a vous dit\u00a0? \u00c0 Vannes (Morbihan), le <a href=\"https:\/\/www.mairie-vannes.fr\/centre-dinterpretation-de-larchitecture-et-du-patrimoine\" target=\"_self\" rel=\"noopener\">Centre d\u2019interpr\u00e9tation de l\u2019Architecture et du Patrimoine (CIAP)<\/a> invite \u00e0 d\u00e9couvrir la vie aux XVIIe et XIXe\u00a0si\u00e8cles \u00e0 l\u2019H\u00f4tel de Limur, avec les anciens propri\u00e9taires de l\u2019\u00e9poque (incarn\u00e9s par les guides) le 27\u00a0d\u00e9cembre. C\u2019est gratuit\u00a0!<\/p>\n<p>Du 23 au 30\u00a0d\u00e9cembre, c\u2019est dans les rues du quartier Saint-Nicolas et de la cit\u00e9 Plantagen\u00eat au Mans (Sarthe) que la d\u00e9couverte ponctu\u00e9e d\u2019anecdotes se fait \u00e0 la lueur des lampions, pour une visite guid\u00e9e sp\u00e9cialement pour No\u00ebl.<\/p>\n<p>Saint-Sylvestre<\/p>\n<p>Rendez-vous \u00e0 nouveau sous les Nefs \u00e0 Nantes (Loire-Atlantique), les <a href=\"https:\/\/www.lesmachines-nantes.fr\/\" target=\"_self\" rel=\"noopener\">Machines de l\u2019\u00eele<\/a> organisent pour la premi\u00e8re fois un r\u00e9veillon de Saint-Sylvestre. Le Collectif Madame Suzie avec avec son Bal des Vari\u00e9tistes, fera patienter en musique en attendant les douze coups de minuit. Pensez \u00e0 r\u00e9server\u00a0!<\/p>\n<p>Et \u00e0 Saint-L\u00f4 (Manche), l\u2019<a href=\"https:\/\/asetogo.fr\/\" target=\"_self\" rel=\"noopener\">Association d\u2019Aide aux enfants scolaris\u00e9s du Togo<\/a> organise son 16e r\u00e9veillon de Saint-Sylvestre. Un r\u00e9veillon solidaire avec au menu des recettes originaires d\u2019Afrique pr\u00e9par\u00e9es sur place et de la musique pour danser.<\/p>\n<p>After<\/p>\n<p>Le <a href=\"https:\/\/leplongeoir-cirque.fr\/\" target=\"_self\" rel=\"noopener\">P\u00f4le National du Cirque Le Plongeoir au Mans<\/a> (Sarthe) ouvre ses portes juste apr\u00e8s les douze coups de minuit pour passer les premi\u00e8res heures de 2026 pour \u00ab\u00a0Le doux supplice du R\u00e9veillon\u00a0\u00bb m\u00e9lange d\u2019\u00e9lectro avec un DJ set de Praktika, des performances circassiennes et de la danse africaine sur des sons Afro Funky Electronique, et tout \u00e7a, sous le chapiteau.<\/p>\n<p>Il est temps de r\u00e9server pour\u2026<\/p>\n<p>&#8211; La<a href=\"https:\/\/concerts.juliendoreofficiel.com\/\" target=\"_self\" rel=\"noopener\"> tourn\u00e9e des Z\u00e9niths de Julien Dor\u00e9<\/a> le 5\u00a0mars \u00e0 Angers, le 6\u00a0mars au Mans, le 19\u00a0mars \u00e0 Caen, le 21\u00a0mars \u00e0 Rouen et le 16\u00a0avril \u00e0 Nantes.<\/p>\n<p>&#8211; <a href=\"https:\/\/www.concert-auguri.fr\/fr\/vanessa-paradis\" target=\"_self\" rel=\"noopener\">Vanessa Paradis<\/a> qui sera le 10\u00a0avril \u00e0 Angers, le 11\u00a0avril \u00e0 Brest, le 29\u00a0avril \u00e0 Caen, le 30\u00a0avril \u00e0 Rouen, le 7\u00a0mai \u00e0 Nantes et le 3\u00a0novembre \u00e0 Rennes.<\/p>\n<p>\u00a0<\/p>\n","protected":false},"excerpt":{"rendered":"Petit tour des \u00e9v\u00e9nements qui valent le d\u00e9tour dans le Grand Ouest. En attendant le 25 Les Machines&hellip;\n","protected":false},"author":2,"featured_media":610795,"comment_status":"","ping_status":"","sticky":false,"template":"","format":"standard","meta":{"footnotes":""},"categories":[2818],"tags":[4307,8129,1111,11,4763,7019,49832,1777,674,1011,27,766,12,9144,2636,25],"class_list":{"0":"post-610794","1":"post","2":"type-post","3":"status-publish","4":"format-standard","5":"has-post-thumbnail","7":"category-nantes","8":"tag-4307","9":"tag-8129","10":"tag-actu","11":"tag-actualites","12":"tag-agenda","13":"tag-culturel","14":"tag-decembre","15":"tag-eu","16":"tag-europe","17":"tag-fr","18":"tag-france","19":"tag-nantes","20":"tag-news","21":"tag-ouest","22":"tag-pays-de-la-loire","23":"tag-republique-francaise"},"share_on_mastodon":{"url":"https:\/\/pubeurope.com\/@fr\/115749492107531136","error":""},"_links":{"self":[{"href":"https:\/\/www.europesays.com\/fr\/wp-json\/wp\/v2\/posts\/610794","targetHints":{"allow":["GET"]}}],"collection":[{"href":"https:\/\/www.europesays.com\/fr\/wp-json\/wp\/v2\/posts"}],"about":[{"href":"https:\/\/www.europesays.com\/fr\/wp-json\/wp\/v2\/types\/post"}],"author":[{"embeddable":true,"href":"https:\/\/www.europesays.com\/fr\/wp-json\/wp\/v2\/users\/2"}],"replies":[{"embeddable":true,"href":"https:\/\/www.europesays.com\/fr\/wp-json\/wp\/v2\/comments?post=610794"}],"version-history":[{"count":0,"href":"https:\/\/www.europesays.com\/fr\/wp-json\/wp\/v2\/posts\/610794\/revisions"}],"wp:featuredmedia":[{"embeddable":true,"href":"https:\/\/www.europesays.com\/fr\/wp-json\/wp\/v2\/media\/610795"}],"wp:attachment":[{"href":"https:\/\/www.europesays.com\/fr\/wp-json\/wp\/v2\/media?parent=610794"}],"wp:term":[{"taxonomy":"category","embeddable":true,"href":"https:\/\/www.europesays.com\/fr\/wp-json\/wp\/v2\/categories?post=610794"},{"taxonomy":"post_tag","embeddable":true,"href":"https:\/\/www.europesays.com\/fr\/wp-json\/wp\/v2\/tags?post=610794"}],"curies":[{"name":"wp","href":"https:\/\/api.w.org\/{rel}","templated":true}]}}