{"id":610796,"date":"2025-12-20T02:17:21","date_gmt":"2025-12-20T02:17:21","guid":{"rendered":"https:\/\/www.europesays.com\/fr\/610796\/"},"modified":"2025-12-20T02:17:21","modified_gmt":"2025-12-20T02:17:21","slug":"pas-dinquietude-aux-remparts-de-tours-avant-de-defier-nantes","status":"publish","type":"post","link":"https:\/\/www.europesays.com\/fr\/610796\/","title":{"rendered":"pas d\u2019inqui\u00e9tude aux Remparts de Tours avant de d\u00e9fier Nantes"},"content":{"rendered":"<p><strong>Nantes\u00a0&#8211; Tours<\/strong><\/p>\n<p>Les Remparts de Tours ne traversent pas leur meilleure p\u00e9riode. Si bien qu\u2019ils sont tomb\u00e9s \u00e0 la 5e\u00a0place de la premi\u00e8re division, \u00e0 douze points du leader et\u00a0\u2013 plus emb\u00eatant \u2013 \u00e0 six longueurs du top\u00a04, synonyme de qualification directe pour les quarts de finale des play-offs. Alors que Valenciennes (6e), Chamb\u00e9ry (7e) et \u00c9pinal (8e) poussent fort derri\u00e8re, en ayant Tours \u00e0 port\u00e9e de fusils\u2026<\/p>\n<p>St\u00e9phane Gros, l\u2019entra\u00eeneur des Tourangeaux, ne se montre cependant pas inquiet par le classement actuel. Il est m\u00eame un tantinet \u00e9nerv\u00e9 que l\u2019on puisse \u00e9voquer la notion d\u2019inqui\u00e9tude\u00a0: \u00ab\u00a0Cinqui\u00e8me, c\u2019est inqui\u00e9tant\u00a0? Waouh\u00a0! Bonjour mes coll\u00e8gues qui sont de la sixi\u00e8me \u00e0 la seizi\u00e8me place alors&#8230;. <\/p>\n<p>    Cet article a \u00e9t\u00e9 tronqu\u00e9. Abonnez-vous pour lire l&rsquo;article complet sur notre site.<\/p>\n<p> Pourquoi ce serait inqui\u00e9tant\u00a0?\u00a0\u00bb<\/p>\n<p style=\"margin: 0 !important; padding: 0 !important; font-size: 12px !important;\">Cet article a \u00e9t\u00e9 tronqu\u00e9. Abonnez-vous pour lire l&rsquo;article complet.<\/p>\n<p>    <a href=\"https:\/\/www.lanouvellerepublique.fr\/abonnements\" style=\"display: inline-block; margin-top: 5px !important; padding: 6px 12px !important; background: #cb1c27; color: white; text-decoration: none; border-radius: 4px; font-size: 12px !important;\" target=\"_blank\" rel=\"noopener\"><br \/>\n      S&rsquo;abonner<br \/>\n    <\/a><\/p>\n","protected":false},"excerpt":{"rendered":"Nantes\u00a0&#8211; Tours Les Remparts de Tours ne traversent pas leur meilleure p\u00e9riode. Si bien qu\u2019ils sont tomb\u00e9s \u00e0&hellip;\n","protected":false},"author":2,"featured_media":610797,"comment_status":"","ping_status":"","sticky":false,"template":"","format":"standard","meta":{"footnotes":""},"categories":[2818],"tags":[1392,1111,11,1777,674,1011,27,4133,1387,766,12,2636,51935,25,60,1390],"class_list":{"0":"post-610796","1":"post","2":"type-post","3":"status-publish","4":"format-standard","5":"has-post-thumbnail","7":"category-nantes","8":"tag-a-la-une-local","9":"tag-actu","10":"tag-actualites","11":"tag-eu","12":"tag-europe","13":"tag-fr","14":"tag-france","15":"tag-hockey-sur-glace","16":"tag-indre-et-loire","17":"tag-nantes","18":"tag-news","19":"tag-pays-de-la-loire","20":"tag-remparts-de-tours","21":"tag-republique-francaise","22":"tag-sports","23":"tag-tours"},"share_on_mastodon":{"url":"https:\/\/pubeurope.com\/@fr\/115749496041990764","error":""},"_links":{"self":[{"href":"https:\/\/www.europesays.com\/fr\/wp-json\/wp\/v2\/posts\/610796","targetHints":{"allow":["GET"]}}],"collection":[{"href":"https:\/\/www.europesays.com\/fr\/wp-json\/wp\/v2\/posts"}],"about":[{"href":"https:\/\/www.europesays.com\/fr\/wp-json\/wp\/v2\/types\/post"}],"author":[{"embeddable":true,"href":"https:\/\/www.europesays.com\/fr\/wp-json\/wp\/v2\/users\/2"}],"replies":[{"embeddable":true,"href":"https:\/\/www.europesays.com\/fr\/wp-json\/wp\/v2\/comments?post=610796"}],"version-history":[{"count":0,"href":"https:\/\/www.europesays.com\/fr\/wp-json\/wp\/v2\/posts\/610796\/revisions"}],"wp:featuredmedia":[{"embeddable":true,"href":"https:\/\/www.europesays.com\/fr\/wp-json\/wp\/v2\/media\/610797"}],"wp:attachment":[{"href":"https:\/\/www.europesays.com\/fr\/wp-json\/wp\/v2\/media?parent=610796"}],"wp:term":[{"taxonomy":"category","embeddable":true,"href":"https:\/\/www.europesays.com\/fr\/wp-json\/wp\/v2\/categories?post=610796"},{"taxonomy":"post_tag","embeddable":true,"href":"https:\/\/www.europesays.com\/fr\/wp-json\/wp\/v2\/tags?post=610796"}],"curies":[{"name":"wp","href":"https:\/\/api.w.org\/{rel}","templated":true}]}}