{"id":610809,"date":"2025-12-20T02:24:17","date_gmt":"2025-12-20T02:24:17","guid":{"rendered":"https:\/\/www.europesays.com\/fr\/610809\/"},"modified":"2025-12-20T02:24:17","modified_gmt":"2025-12-20T02:24:17","slug":"ce-commercant-de-marseille-jette-leponge-jai-197-000-euros-de-dette","status":"publish","type":"post","link":"https:\/\/www.europesays.com\/fr\/610809\/","title":{"rendered":"Ce commer\u00e7ant de Marseille jette l\u2019\u00e9ponge\u2009: \u00ab\u2009J\u2019ai 197\u2009000\u00a0euros de dette\u2009\u00bb"},"content":{"rendered":"<p>                    Par<br \/>\n        <strong><br \/>\n            <a href=\"https:\/\/actu.fr\/auteur\/thibault-nadal-actu-fr\" title=\"Consulter tous les articles de Thibault Nadal\" target=\"_blank\" rel=\"noopener\">Thibault Nadal<\/a><br \/>\n                    <\/strong><\/p>\n<p>        Publi\u00e9 le<\/p>\n<p>            19 d\u00e9c. 2025 \u00e0 17h18        <\/p>\n<p>La fin d\u2019un long calvaire. Ce vendredi 19\u00a0d\u00e9cembre 2025, la proc\u00e9dure d\u2019expulsion d\u00e9finitive d\u2019Alain B\u00e9tache doit lui \u00eatre notifi\u00e9e. Le restaurateur n\u2019a toutefois pas attendu cette date fatidique pour baisser le rideau. Son <a href=\"https:\/\/actu.fr\/tag\/commerce\" target=\"_blank\" rel=\"noopener\">\u00e9tablissement<\/a>, \u00ab\u2009Chez Alain\u2009\u00bb, situ\u00e9 4 rue de la R\u00e9publique dans le 2e arrondissement de <a href=\"https:\/\/actu.fr\/marseille\/\" target=\"_blank\" rel=\"noopener\">Marseille<\/a>, est en effet ferm\u00e9 depuis la fin du mois d\u2019octobre et une grosse coupure de courant. \u00ab\u2009J\u2019ai p\u00e9t\u00e9 un c\u00e2ble et j\u2019ai dit \u2018j\u2019arr\u00eate\u2019\u2009\u00bb. Mais cet \u00e9v\u00e9nement n\u2019est que le point final d\u2019une situation d\u00e9grad\u00e9e depuis de longs mois avec <strong>un commer\u00e7ant \u00e9trangl\u00e9 financi\u00e8rement<\/strong>.<\/p>\n<p>14\u2009800\u00a0euros de loyer par mois<\/p>\n<p class=\" wall-content\">En mai dernier, Alain s\u2019\u00e9tait mu\u00e9 en <a href=\"https:\/\/actu.fr\/provence-alpes-cote-d-azur\/marseille_13055\/dans-cette-rue-emblematique-de-marseille-on-travaille-tous-les-jours-avec-la-peur_62693786.html\" target=\"_blank\" rel=\"noopener\">porte-parole des commer\u00e7ants de la R\u00e9publique<\/a> face aux co\u00fbts des loyers, pratiqu\u00e9s par les bailleurs. Au fil des mois, ce Basque d\u2019origine a vu le montant sans cesse grimper. \u00ab\u2009Les derniers mois, je payais <strong>14\u2009800\u00a0euros par mois<\/strong>\u2009\u00bb, avoue-t-il \u00e0 actu Marseille.<\/p>\n<p class=\" wall-content\">Impossible pour lui d\u2019\u00eatre rentable dans ces conditions. Alors depuis presque un an, il a fait le choix de <strong>ne pas payer son loyer<\/strong>, ce qui lui vaut cette proc\u00e9dure d\u2019expulsion. Aujourd\u2019hui, Alain fait les comptes\u2009: \u00ab\u2009J\u2019ai 197\u2009000\u00a0euros de dette en comptant celle d\u00e9j\u00e0 pr\u00e9sente quand j\u2019ai repris le local\u2009\u00bb, \u00e9num\u00e8re le restaurateur. Il esp\u00e8re qu\u2019elles seront sold\u00e9es avec la liquidation judiciaire de son entreprise.<\/p>\n<blockquote class=\"tiktok-embed\" cite=\"https:\/\/www.tiktok.com\/@actu.frmarseille\/video\/7585599400911670550\" data-video-id=\"7585599400911670550\" data-embed-from=\"oembed\" style=\"max-width:605px; min-width:325px;\"><p>\n<a target=\"_blank\" title=\"@actu.frmarseille\" href=\"https:\/\/www.tiktok.com\/@actu.frmarseille?refer=embed\" rel=\"noopener\">@actu.frmarseille<\/a> <\/p>\n<p>Alain a d\u00e9cid\u00e9 de fermer son <a title=\"restaurant\" target=\"_blank\" href=\"https:\/\/www.tiktok.com\/tag\/restaurant?refer=embed\" rel=\"noopener\">#restaurant<\/a> \u00e0 Marseille. Il d\u00e9nonce le montant des loyers pratiqu\u00e9 sur la rue de la R\u00e9publique. Une situation qui touche d\u2019autres commer\u00e7ants. <a title=\"commerce\" target=\"_blank\" href=\"https:\/\/www.tiktok.com\/tag\/commerce?refer=embed\" rel=\"noopener\">#commerce<\/a><\/p>\n<p> <a target=\"_blank\" title=\"\u266c Inspire - Kidmada\" href=\"https:\/\/www.tiktok.com\/music\/Inspire-7298375759516764161?refer=embed\" rel=\"noopener\">\u266c Inspire \u2013 Kidmada<\/a> <\/p>\n<\/blockquote>\n<p>\u00ab\u2009Je n\u2019ai rien gagn\u00e9 dans cette histoire\u2009\u00bb<\/p>\n<p class=\" wall-content\">Apr\u00e8s un an et demi sur la rue de la R\u00e9publique, Alain confie avoir \u00ab\u2009perdu du poids\u2009\u00bb et se dit \u00ab\u2009fatigu\u00e9\u2009\u00bb apr\u00e8s cette p\u00e9riode \u00ab\u2009stressante\u2009\u00bb. Il dresse surtout un constat froid sur sa situation\u2009:<\/p>\n<blockquote class=\"ac-article-quote wall-content\">\n<p>Durant un an, je ne me suis vers\u00e9 aucun salaire. Je n&rsquo;ai rien gagn\u00e9 dans cette histoire, car je me retrouve endett\u00e9, sans restaurant et avec un cr\u00e9dit.<\/p>\n<p>    <strong>Alain B\u00e9tache<\/strong><br \/>\n        Restaurateur \u00e0 Marseille    <\/p><\/blockquote>\n<p class=\" wall-content\">\u00ab\u2009Heureux que \u00e7a se termine\u2009\u00bb, Alain se dit n\u00e9anmoins \u00ab\u2009d\u00e9\u00e7u\u2009\u00bb d\u2019avoir vu son \u00ab\u2009r\u00eave\u2009\u00bb s\u2019arr\u00eater pr\u00e9cipitamment. \u00ab\u2009J\u2019ai travaill\u00e9 comme un acharn\u00e9, mais j\u2019avais <strong>toujours une \u00e9p\u00e9e de Damocl\u00e8s au-dessus de la t\u00eate<\/strong>\u2009\u00bb, souffle-t-il.<\/p>\n<p>Votre r\u00e9gion, votre actu !<\/p>\n<p>Recevez chaque jour les infos qui comptent pour vous.<\/p>\n<p>\t<a href=\"https:\/\/actu.fr\/newsletter\" class=\"ac-btn ac-btn--corner ac-btn--medium ac-btn--blue800\" target=\"_blank\" rel=\"noopener\">S&rsquo;incrire<\/a><br \/>\n\u00ab\u2009Cette rue ne d\u00e9collera jamais\u2009\u00bb<\/p>\n<p class=\" wall-content\">Cette \u00e9p\u00e9e de Damocl\u00e8s, c\u2019est la rue de la R\u00e9publique. Longue de deux kilom\u00e8tres et situ\u00e9e entre <a href=\"https:\/\/actu.fr\/tag\/vieux-port\" target=\"_blank\" rel=\"noopener\">le Vieux-Port<\/a> et <a href=\"https:\/\/actu.fr\/tag\/la-joliette\" target=\"_blank\" rel=\"noopener\">La Joliette<\/a>, elle ne fait pourtant plus recette, comme en t\u00e9moignent les <strong>dizaines de locaux vides<\/strong>.<\/p>\n<p class=\" wall-content\">\u00ab\u2009Cette rue ne d\u00e9collera jamais tant que les loyers seront exorbitants et qu\u2019aucune action politique concr\u00e8te ne sera men\u00e9e\u2009\u00bb, explique l\u2019homme de 39\u00a0ans.<\/p>\n<p class=\" wall-content\">Sur ce point, il salue l\u2019initiative de Laurent Lhardit. Le d\u00e9put\u00e9 de PS de Marseille a r\u00e9cemment d\u00e9pos\u00e9 <a href=\"https:\/\/actu.fr\/provence-alpes-cote-d-azur\/marseille_13055\/endiguer-le-declin-ce-depute-de-marseille-veut-sauver-le-commerce-de-proximite_63328017.html\" target=\"_blank\" rel=\"noopener\">une proposition de loi \u00e0 l\u2019Assembl\u00e9e nationale<\/a> \u00ab\u2009visant \u00e0 soutenir les commerces de proximit\u00e9\u2009\u00bb.<\/p>\n<p>Un loyer divis\u00e9 par cinq dans son nouvel \u00e9tablissement pr\u00e8s du Vieux-Port<\/p>\n<p class=\" wall-content\">Alain B\u00e9tache suit d\u00e9sormais de mani\u00e8re plus d\u00e9tach\u00e9e la situation de la rue de la R\u00e9publique, mais assure que <strong>\u00ab\u2009le combat est loin d\u2019\u00eatre fini\u2009\u00bb<\/strong>.<\/p>\n<p class=\" wall-content\">D\u2019un point de vue personnel, l\u2019homme a retrouv\u00e9 d\u00e8s le 11\u00a0novembre un nouveau local. Il est le g\u00e9rant d\u2019un cabaret-bar ouvert seulement la nuit, rue Bailli-de-Suffren. Pourtant id\u00e9alement situ\u00e9, <strong>\u00e0 50\u00a0m\u00e8tres du Vieux-Port<\/strong>, son loyer est\u2026 cinq fois moins cher qu\u2019auparavant. <strong>\u00ab\u2009Je paye 3\u2009200\u00a0euros\u2009\u00bb<\/strong>, avoue-t-il.<\/p>\n<p>    <a href=\"https:\/\/www.google.com\/maps\/embed?pb=!1m18!1m12!1m3!1d11615.708834856106!2d5.368828515197538!3d43.29484604418898!2m3!1f0!2f0!3f0!3m2!1i1024!2i768!4f13.1!3m3!1m2!1s0x12c9c1651c38bdaf%3A0xde77093e21140abd!2sChez%20Alain!5e0!3m2!1sfr!2sfr!4v1766153294940!5m2!1sfr!2sfr\" title=\"Ouvrie le lien\" target=\"_blank\" rel=\"noopener\">Cliquez ici pour visualiser le contenu<\/a><\/p>\n<p class=\" wall-content\">Pour le moment, son activit\u00e9 n\u2019a pas encore d\u00e9coll\u00e9. Il esp\u00e8re recevoir une bonne nouvelle dans les prochaines semaines du c\u00f4t\u00e9 de la mairie afin de pouvoir cr\u00e9er une terrasse et ainsi ouvrir son \u00e9tablissement la journ\u00e9e.<\/p>\n<p class=\" wall-content\">Personnalisez votre actualit\u00e9 en ajoutant vos villes et m\u00e9dias en favori avec <a href=\"https:\/\/moncompte.actu.fr\" title=\"D\u00e9couvez Mon Actu\" rel=\"nofollow noopener\" data-trk=\"{&quot;cta&quot;:{&quot;action&quot;:&quot;https:\\\/\\\/moncompte.actu.fr&quot;,&quot;category&quot;:&quot;mon compte&quot;,&quot;from&quot;:&quot;article footer&quot;,&quot;name&quot;:&quot;Mon actu&quot;,&quot;type&quot;:&quot;cta&quot;}}\" target=\"_blank\">Mon Actu<\/a>.<\/p>\n<p>                    <script async src=\"\/\/www.tiktok.com\/embed.js\"><\/script><\/p>\n","protected":false},"excerpt":{"rendered":"Par Thibault Nadal Publi\u00e9 le 19 d\u00e9c. 2025 \u00e0 17h18 La fin d\u2019un long calvaire. Ce vendredi 19\u00a0d\u00e9cembre&hellip;\n","protected":false},"author":2,"featured_media":610810,"comment_status":"","ping_status":"","sticky":false,"template":"","format":"standard","meta":{"footnotes":""},"categories":[2814],"tags":[1111,11,1261,215,1777,674,1011,27,884,12,882,25,104],"class_list":{"0":"post-610809","1":"post","2":"type-post","3":"status-publish","4":"format-standard","5":"has-post-thumbnail","7":"category-marseille","8":"tag-actu","9":"tag-actualites","10":"tag-argent","11":"tag-commerce","12":"tag-eu","13":"tag-europe","14":"tag-fr","15":"tag-france","16":"tag-marseille","17":"tag-news","18":"tag-provence-alpes-cote-dazur","19":"tag-republique-francaise","20":"tag-societe"},"share_on_mastodon":{"url":"https:\/\/pubeurope.com\/@fr\/115749523714254584","error":""},"_links":{"self":[{"href":"https:\/\/www.europesays.com\/fr\/wp-json\/wp\/v2\/posts\/610809","targetHints":{"allow":["GET"]}}],"collection":[{"href":"https:\/\/www.europesays.com\/fr\/wp-json\/wp\/v2\/posts"}],"about":[{"href":"https:\/\/www.europesays.com\/fr\/wp-json\/wp\/v2\/types\/post"}],"author":[{"embeddable":true,"href":"https:\/\/www.europesays.com\/fr\/wp-json\/wp\/v2\/users\/2"}],"replies":[{"embeddable":true,"href":"https:\/\/www.europesays.com\/fr\/wp-json\/wp\/v2\/comments?post=610809"}],"version-history":[{"count":0,"href":"https:\/\/www.europesays.com\/fr\/wp-json\/wp\/v2\/posts\/610809\/revisions"}],"wp:featuredmedia":[{"embeddable":true,"href":"https:\/\/www.europesays.com\/fr\/wp-json\/wp\/v2\/media\/610810"}],"wp:attachment":[{"href":"https:\/\/www.europesays.com\/fr\/wp-json\/wp\/v2\/media?parent=610809"}],"wp:term":[{"taxonomy":"category","embeddable":true,"href":"https:\/\/www.europesays.com\/fr\/wp-json\/wp\/v2\/categories?post=610809"},{"taxonomy":"post_tag","embeddable":true,"href":"https:\/\/www.europesays.com\/fr\/wp-json\/wp\/v2\/tags?post=610809"}],"curies":[{"name":"wp","href":"https:\/\/api.w.org\/{rel}","templated":true}]}}