{"id":61081,"date":"2025-04-29T06:00:07","date_gmt":"2025-04-29T06:00:07","guid":{"rendered":"https:\/\/www.europesays.com\/fr\/61081\/"},"modified":"2025-04-29T06:00:07","modified_gmt":"2025-04-29T06:00:07","slug":"je-le-sucais-avant-dentrer-sur-scene-un-celebre-comedien-accuse-de-violences-sexuelles-par-20-femmes","status":"publish","type":"post","link":"https:\/\/www.europesays.com\/fr\/61081\/","title":{"rendered":"\u00ab\u00a0Je le su\u00e7ais avant d\u2019entrer sur sc\u00e8ne\u2026\u00a0\u00bb : un c\u00e9l\u00e8bre com\u00e9dien accus\u00e9 de violences sexuelles par 20 femmes"},"content":{"rendered":"<p>Alors que la parole des femmes continue de se lib\u00e9rer, <a href=\"https:\/\/www.public.fr\/franck-gastambide-accuse-de-violences-sexuelles-physiques-et-psychologiques-par-six-femmes-sa-toute-premiere-reponse\" target=\"_blank\" rel=\"noopener\">plusieurs personnalit\u00e9s publiques se retrouvent vis\u00e9es par de graves accusations<\/a>.<\/p>\n<p>Ce lundi 28 avril 2025, <a href=\"https:\/\/www.telerama.fr\/theatre-spectacles\/il-a-utilise-son-pouvoir-pour-obtenir-mes-faveurs-alil-vardar-le-roi-du-theatre-de-boulevard-accuse-par-vingt-comediennes-7025427.php\" target=\"_blank\" rel=\"noreferrer noopener\">T\u00e9l\u00e9rama<\/a> a d&rsquo;ailleurs publi\u00e9 un t\u00e9moignage collectif dans lequel <strong>20 femmes accusent Alil Vardar d&rsquo;humiliations, d&rsquo;hypersexualisation, d&rsquo;attouchements non consentis et de maltraitance psychologique. <\/strong><\/p>\n<p>\u00ab\u00a0Entre deux repr\u00e9sentations, il m\u2019a plaqu\u00e9e contre un mur, m\u2019a tripot\u00e9e. Il a soulev\u00e9 ma robe,\u00a0a mis sa main sur mon sexe et a voulu m\u2019enlever la culotte.\u00a0Je l\u2019ai repouss\u00e9 et je suis partie\u00a0\u00bb, a notamment r\u00e9v\u00e9l\u00e9 Murielle dans les pages de nos confr\u00e8res. <\/p>\n<p>Apr\u00e8s ce refus, l&rsquo;acteur aurait entrepris de d\u00e9truire sa r\u00e9putation : \u00ab\u00a0<strong>Il m\u2019a fait vivre un enfer. Il racontait dans tout Paris que je le su\u00e7ais\u00a0avant d\u2019entrer sur sc\u00e8ne<\/strong>\u00ab\u00a0. <\/p>\n<p>Alil Vardar nie les faits qui lui sont reproch\u00e9s<\/p>\n<p>De son c\u00f4t\u00e9, celui qui a collabor\u00e9 avec Rebecca Hampton, Frank Leb\u0153uf, Lola Marois,\u00a0<a href=\"https:\/\/www.public.fr\/jean-marie-bigard-hospitalise-il-doit-tout-annuler\" target=\"_blank\" rel=\"noopener\">Jean-Marie Bigard<\/a>,\u00a0Laurent Baffie\u00a0et Alexandra Vandernoot, nie les faits.<\/p>\n<p>\u00ab\u00a0<strong>Vous savez, ce n\u2019est pas facile d\u2019\u00eatre sur sc\u00e8ne.\u00a0Chaque geste est millim\u00e9tr\u00e9.\u00a0Vous croyez que j\u2019ai le temps de l\u00e9cher des cous ? Quand on commet une agression sexuelle, il y a des lois qui s\u2019appliquent.\u00a0Si cette femme a v\u00e9cu \u00e7a et qu\u2019elle n\u2019est pas all\u00e9e voir la police, c\u2019est soit une idiote, soit une sombre menteuse.\u00a0Pour moi, c\u2019est une menteuse<\/strong>\u00ab\u00a0, a expliqu\u00e9 Alil Vardar.<\/p>\n<p>Et d&rsquo;ajouter : \u00ab\u00a0<strong>J\u2019ai sans doute hurl\u00e9 une fois, mais je ne suis pas connu pour \u00e7a. Par contre,\u00a0je suis hyper exigeant. Si j\u2019\u00e9tais un tyran, pourquoi tout le monde continuerait \u00e0 bosser avec moi ?<\/strong>\u00ab\u00a0<\/p>\n<p>Nathalie Marquay-Pernaut tr\u00e8s attach\u00e9e au com\u00e9dien<\/p>\n<p>Pour rappel, l&rsquo;acteur \u00e2g\u00e9 de 55 ans a travaill\u00e9 avec <strong>Nathalie Marquay-Pernaut<\/strong>. L&rsquo;ancienne reine de beaut\u00e9 assure d&rsquo;ailleurs qu&rsquo;il lui aurait \u00ab\u00a0donn\u00e9 le go\u00fbt de jouer au th\u00e9\u00e2tre\u00a0\u00bb. <\/p>\n<p>\u00ab\u00a0Sans lui,\u00a0je n\u2019aurais jamais os\u00e9 en faire. <strong>Il n\u2019h\u00e9sitait pas \u00e0 me remettre en place quand \u00e7a ne fonctionnait pas mais j\u2019aime bien la critique, j\u2019\u00e9tais l\u00e0 pour apprendre<\/strong>\u00ab\u00a0, a-t-elle d\u00e9clar\u00e9 avant d&rsquo;\u00e9voquer les sombres accusations qui visent son mentor. <\/p>\n<p>\u00ab\u00a0Avec moi, Alil Vardar \u00e9tait\u00a0tr\u00e8s respectable, tout se passait bien. Il n\u2019a jamais essay\u00e9 quoi que ce soit, car\u00a0il savait tr\u00e8s bien qu\u2019il aurait pris un r\u00e2teau.\u00a0Apr\u00e8s, on sait que c\u2019est un homme qui aime les femmes.\u00a0\u00bb<\/p>\n<p>      Mentionn\u00e9s dans cet article<\/p>\n<p>\u00c0 lire aussi<\/p>\n","protected":false},"excerpt":{"rendered":"Alors que la parole des femmes continue de se lib\u00e9rer, plusieurs personnalit\u00e9s publiques se retrouvent vis\u00e9es par de&hellip;\n","protected":false},"author":2,"featured_media":61082,"comment_status":"","ping_status":"","sticky":false,"template":"","format":"standard","meta":{"footnotes":""},"categories":[8],"tags":[58,59,1011,27,303,809,15875],"class_list":{"0":"post-61081","1":"post","2":"type-post","3":"status-publish","4":"format-standard","5":"has-post-thumbnail","7":"category-divertissement","8":"tag-divertissement","9":"tag-entertainment","10":"tag-fr","11":"tag-france","12":"tag-justice","13":"tag-violence","14":"tag-violence-contre-les-femmes"},"share_on_mastodon":{"url":"https:\/\/pubeurope.com\/@fr\/114419729908441074","error":""},"_links":{"self":[{"href":"https:\/\/www.europesays.com\/fr\/wp-json\/wp\/v2\/posts\/61081","targetHints":{"allow":["GET"]}}],"collection":[{"href":"https:\/\/www.europesays.com\/fr\/wp-json\/wp\/v2\/posts"}],"about":[{"href":"https:\/\/www.europesays.com\/fr\/wp-json\/wp\/v2\/types\/post"}],"author":[{"embeddable":true,"href":"https:\/\/www.europesays.com\/fr\/wp-json\/wp\/v2\/users\/2"}],"replies":[{"embeddable":true,"href":"https:\/\/www.europesays.com\/fr\/wp-json\/wp\/v2\/comments?post=61081"}],"version-history":[{"count":0,"href":"https:\/\/www.europesays.com\/fr\/wp-json\/wp\/v2\/posts\/61081\/revisions"}],"wp:featuredmedia":[{"embeddable":true,"href":"https:\/\/www.europesays.com\/fr\/wp-json\/wp\/v2\/media\/61082"}],"wp:attachment":[{"href":"https:\/\/www.europesays.com\/fr\/wp-json\/wp\/v2\/media?parent=61081"}],"wp:term":[{"taxonomy":"category","embeddable":true,"href":"https:\/\/www.europesays.com\/fr\/wp-json\/wp\/v2\/categories?post=61081"},{"taxonomy":"post_tag","embeddable":true,"href":"https:\/\/www.europesays.com\/fr\/wp-json\/wp\/v2\/tags?post=61081"}],"curies":[{"name":"wp","href":"https:\/\/api.w.org\/{rel}","templated":true}]}}