{"id":610814,"date":"2025-12-20T02:27:27","date_gmt":"2025-12-20T02:27:27","guid":{"rendered":"https:\/\/www.europesays.com\/fr\/610814\/"},"modified":"2025-12-20T02:27:27","modified_gmt":"2025-12-20T02:27:27","slug":"les-chauffeurs-vtc-en-greve-des-actions-menees-a-la-part-dieu-et-a-laeroport-st-exupery","status":"publish","type":"post","link":"https:\/\/www.europesays.com\/fr\/610814\/","title":{"rendered":"les chauffeurs VTC en gr\u00e8ve, des actions men\u00e9es \u00e0 la Part-Dieu et \u00e0 l\u2019a\u00e9roport St Exup\u00e9ry"},"content":{"rendered":"<p itemprop=\"description\"><strong>Les chauffeurs VTC \u00e9taient mobilis\u00e9s ce vendredi \u00e0 Lyon.<\/strong><\/p>\n<p>Un pr\u00e9avis de gr\u00e8ve avait \u00e9t\u00e9 d\u00e9pos\u00e9 pour demander une transparence et un plafonnement des commissions pr\u00e9lev\u00e9es par les plateformes, avec la mise en place d&rsquo;un plancher tarifaire 1 euro par kilom\u00e8tre et 50 centimes d\u2019euros par minute. Les VTC demandent \u00e9galement une r\u00e9gulation du nombre de chauffeurs dont le nombre est jug\u00e9 excessif.\u00a0<\/p>\n<p>Deux actions ont \u00e9t\u00e9 men\u00e9es. L\u2019une aux abords de la gare de la Part-Dieu, en plein coup d\u2019envoi des vacances de No\u00ebl, cr\u00e9ant des d\u00e9sagr\u00e9ments dans le secteur. La seconde aux abords de l\u2019a\u00e9roport St Exup\u00e9ry.<\/p>\n","protected":false},"excerpt":{"rendered":"Les chauffeurs VTC \u00e9taient mobilis\u00e9s ce vendredi \u00e0 Lyon. Un pr\u00e9avis de gr\u00e8ve avait \u00e9t\u00e9 d\u00e9pos\u00e9 pour demander&hellip;\n","protected":false},"author":2,"featured_media":610815,"comment_status":"","ping_status":"","sticky":false,"template":"","format":"standard","meta":{"footnotes":""},"categories":[1889],"tags":[1111,11,2813,2190,2430,1109,251,1112,2811,1777,674,118,1011,27,1922,1110,1114,2428,2810,12,241,316,25,2812,517,800],"class_list":{"0":"post-610814","1":"post","2":"type-post","3":"status-publish","4":"format-standard","5":"has-post-thumbnail","7":"category-lyon","8":"tag-actu","9":"tag-actualites","10":"tag-article","11":"tag-asvel","12":"tag-auvergne-rhone-alpes","13":"tag-breves","14":"tag-culture","15":"tag-depeches","16":"tag-economique","17":"tag-eu","18":"tag-europe","19":"tag-faits-divers","20":"tag-fr","21":"tag-france","22":"tag-info","23":"tag-informations","24":"tag-infos","25":"tag-lyon","26":"tag-lyonmag","27":"tag-news","28":"tag-ol","29":"tag-politique","30":"tag-republique-francaise","31":"tag-sociale","32":"tag-sport","33":"tag-transports"},"share_on_mastodon":{"url":"https:\/\/pubeurope.com\/@fr\/115749535270155826","error":""},"_links":{"self":[{"href":"https:\/\/www.europesays.com\/fr\/wp-json\/wp\/v2\/posts\/610814","targetHints":{"allow":["GET"]}}],"collection":[{"href":"https:\/\/www.europesays.com\/fr\/wp-json\/wp\/v2\/posts"}],"about":[{"href":"https:\/\/www.europesays.com\/fr\/wp-json\/wp\/v2\/types\/post"}],"author":[{"embeddable":true,"href":"https:\/\/www.europesays.com\/fr\/wp-json\/wp\/v2\/users\/2"}],"replies":[{"embeddable":true,"href":"https:\/\/www.europesays.com\/fr\/wp-json\/wp\/v2\/comments?post=610814"}],"version-history":[{"count":0,"href":"https:\/\/www.europesays.com\/fr\/wp-json\/wp\/v2\/posts\/610814\/revisions"}],"wp:featuredmedia":[{"embeddable":true,"href":"https:\/\/www.europesays.com\/fr\/wp-json\/wp\/v2\/media\/610815"}],"wp:attachment":[{"href":"https:\/\/www.europesays.com\/fr\/wp-json\/wp\/v2\/media?parent=610814"}],"wp:term":[{"taxonomy":"category","embeddable":true,"href":"https:\/\/www.europesays.com\/fr\/wp-json\/wp\/v2\/categories?post=610814"},{"taxonomy":"post_tag","embeddable":true,"href":"https:\/\/www.europesays.com\/fr\/wp-json\/wp\/v2\/tags?post=610814"}],"curies":[{"name":"wp","href":"https:\/\/api.w.org\/{rel}","templated":true}]}}