{"id":610820,"date":"2025-12-20T02:34:18","date_gmt":"2025-12-20T02:34:18","guid":{"rendered":"https:\/\/www.europesays.com\/fr\/610820\/"},"modified":"2025-12-20T02:34:18","modified_gmt":"2025-12-20T02:34:18","slug":"3-jours-pour-decouvrir-les-savoir-faire-du-grand-paris-avec-parislocal","status":"publish","type":"post","link":"https:\/\/www.europesays.com\/fr\/610820\/","title":{"rendered":"3 jours pour d\u00e9couvrir les savoir-faire du Grand Paris avec ParisLocal"},"content":{"rendered":"<p>\u00a0<\/p>\n<dl class=\"gallery-item\">\n<dt class=\"gallery-icon portrait\">\n\t\t\t\t<a href=\"https:\/\/cult.news\/non-classifiee\/3-jours-pour-decouvrir-les-savoir-faire-du-grand-paris-avec-parislocal\/attachment\/agnes-sevestre-1\/\" target=\"_blank\" rel=\"noopener\"><img width=\"206\" height=\"300\" src=\"https:\/\/www.europesays.com\/fr\/wp-content\/uploads\/2025\/12\/Agnes-Sevestre-1-206x300.jpg\" class=\"attachment-medium size-medium\" alt=\"\" aria-describedby=\"gallery-1-7487\" decoding=\"async\" loading=\"lazy\"  \/><\/a>\n\t\t\t<\/dt>\n<dd class=\"wp-caption-text gallery-caption\" id=\"gallery-1-7487\">\n\t\t\t\tAgn\u00e8s Sevestre\n\t\t\t\t<\/dd>\n<\/dl>\n<dl class=\"gallery-item\">\n<dt class=\"gallery-icon landscape\">\n\t\t\t\t<a href=\"https:\/\/cult.news\/non-classifiee\/3-jours-pour-decouvrir-les-savoir-faire-du-grand-paris-avec-parislocal\/attachment\/tagheuer2022-backstages-3-aurelycerise\/\" target=\"_blank\" rel=\"noopener\"><img width=\"300\" height=\"200\" src=\"https:\/\/www.europesays.com\/fr\/wp-content\/uploads\/2025\/12\/Tagheuer2022-backstages-3.\u00a9AurelyCerise-300x200.jpg\" class=\"attachment-medium size-medium\" alt=\"\" aria-describedby=\"gallery-1-7486\" decoding=\"async\" loading=\"lazy\"  \/><\/a>\n\t\t\t<\/dt>\n<dd class=\"wp-caption-text gallery-caption\" id=\"gallery-1-7486\">\n\t\t\t\tAurely Cerise\n\t\t\t\t<\/dd>\n<\/dl>\n<p><br style=\"clear: both\"\/><\/p>\n<p>Cr\u00e9\u00e9 \u00e0 l\u2019issue des Assises du Tourisme durable 2021, et \u00e0 l\u2019initiative de Paris je t\u2019aime \u2013 Office de tourisme et de la Ville de Paris, ParisLocal met \u00e0 l\u2019honneur les artisan(e)s d\u2019art et du go\u00fbt qui incarnent l\u2019identit\u00e9 et l\u2019authenticit\u00e9 de la capitale, gr\u00e2ce \u00e0 leurs savoir-faire, indissociables de l\u2019art de vivre \u00e0 la parisienne. Le but de ce week-end festif est aussi de renforcer le lien territorial en se retrouvant autour de valeurs communes de transmission, de qu\u00eate de beau et d\u2019innovation. L\u2019opportunit\u00e9 d\u2019interactions vivantes repla\u00e7ant l\u2019humain au c\u0153ur du dispositif afin de vivre une exp\u00e9rience qualitative et insolite tout en favorisant le dynamisme de quartiers aux multiples facettes. Une vitalit\u00e9 parisienne qui repose justement sur la diversit\u00e9 des talents c\u00e9l\u00e9br\u00e9s par Paris Local.<\/p>\n<p>Pour les artisans, la participation est d\u2019ailleurs gratuite et soumise \u00e0 la validation d\u2019un comit\u00e9 dont la principale pr\u00e9occupation est l\u2019adh\u00e9sion de leurs projets respectifs aux valeurs de l\u2019\u00e9v\u00e9nement, clef de vo\u00fbte de Paris Local. Porte-\u00e9tendards de leurs m\u00e9tiers et de leurs savoir-faire, ils font vivre et r\u00e9inventent l\u2019artisanat parisien d\u2019aujourd\u2019hui. Il nous tarde donc de leur rendre visite dans quelques jours !<\/p>\n","protected":false},"excerpt":{"rendered":"\u00a0 Agn\u00e8s Sevestre Aurely Cerise Cr\u00e9\u00e9 \u00e0 l\u2019issue des Assises du Tourisme durable 2021, et \u00e0 l\u2019initiative de&hellip;\n","protected":false},"author":2,"featured_media":610821,"comment_status":"","ping_status":"","sticky":false,"template":"","format":"standard","meta":{"footnotes":""},"categories":[1888],"tags":[1111,1928,11,1927,1777,674,1011,27,12,1926,626,1925,25],"class_list":{"0":"post-610820","1":"post","2":"type-post","3":"status-publish","4":"format-standard","5":"has-post-thumbnail","7":"category-paris","8":"tag-actu","9":"tag-actu-paris","10":"tag-actualites","11":"tag-actualites-paris","12":"tag-eu","13":"tag-europe","14":"tag-fr","15":"tag-france","16":"tag-news","17":"tag-news-paris","18":"tag-paris","19":"tag-paris-news","20":"tag-republique-francaise"},"share_on_mastodon":{"url":"https:\/\/pubeurope.com\/@fr\/115749564820109386","error":""},"_links":{"self":[{"href":"https:\/\/www.europesays.com\/fr\/wp-json\/wp\/v2\/posts\/610820","targetHints":{"allow":["GET"]}}],"collection":[{"href":"https:\/\/www.europesays.com\/fr\/wp-json\/wp\/v2\/posts"}],"about":[{"href":"https:\/\/www.europesays.com\/fr\/wp-json\/wp\/v2\/types\/post"}],"author":[{"embeddable":true,"href":"https:\/\/www.europesays.com\/fr\/wp-json\/wp\/v2\/users\/2"}],"replies":[{"embeddable":true,"href":"https:\/\/www.europesays.com\/fr\/wp-json\/wp\/v2\/comments?post=610820"}],"version-history":[{"count":0,"href":"https:\/\/www.europesays.com\/fr\/wp-json\/wp\/v2\/posts\/610820\/revisions"}],"wp:featuredmedia":[{"embeddable":true,"href":"https:\/\/www.europesays.com\/fr\/wp-json\/wp\/v2\/media\/610821"}],"wp:attachment":[{"href":"https:\/\/www.europesays.com\/fr\/wp-json\/wp\/v2\/media?parent=610820"}],"wp:term":[{"taxonomy":"category","embeddable":true,"href":"https:\/\/www.europesays.com\/fr\/wp-json\/wp\/v2\/categories?post=610820"},{"taxonomy":"post_tag","embeddable":true,"href":"https:\/\/www.europesays.com\/fr\/wp-json\/wp\/v2\/tags?post=610820"}],"curies":[{"name":"wp","href":"https:\/\/api.w.org\/{rel}","templated":true}]}}