{"id":610826,"date":"2025-12-20T02:37:17","date_gmt":"2025-12-20T02:37:17","guid":{"rendered":"https:\/\/www.europesays.com\/fr\/610826\/"},"modified":"2025-12-20T02:37:17","modified_gmt":"2025-12-20T02:37:17","slug":"nous-avons-entendu-les-propos-du-president-poutine-qui-sengage-a-se-renseigner-declare-brigitte-vinatier-mere-de-laurent-vinatier-chercheur-francais-detenu-en-russie-depuis-2024","status":"publish","type":"post","link":"https:\/\/www.europesays.com\/fr\/610826\/","title":{"rendered":"\u00ab\u00a0Nous avons entendu les propos du pr\u00e9sident Poutine qui s&rsquo;engage \u00e0 se renseigner\u00a0\u00bb, d\u00e9clare Brigitte Vinatier, m\u00e8re de Laurent Vinatier, chercheur fran\u00e7ais d\u00e9tenu en Russie depuis 2024"},"content":{"rendered":"<p>Russie: \u00ab\u00a0Nous avons entendu les propos du pr\u00e9sident Poutine qui s&rsquo;engage \u00e0 se renseigner\u00a0\u00bb, d\u00e9clare Brigitte Vinatier, m\u00e8re de Laurent Vinatier, chercheur fran\u00e7ais d\u00e9tenu en Russie depuis 2024Sur le m\u00eame sujet<a href=\"https:\/\/www.bfmtv.com\/international\/asie\/russie\/video-notre-fils-va-bien-affirme-brigitte-vinatier-mere-de-laurent-vinatier-detenu-en-russie-depuis-juin-2024_VN-202512190964.html\" title=\"&quot;Notre fils va bien&quot;, affirme Brigitte Vinatier, m\u00e8re de Laurent Vinatier d\u00e9tenu en Russie depuis juin 2024\" target=\"_blank\" rel=\"noopener\"><img width=\"16\" height=\"9\" class=\"lozad\"  alt=\"&quot;Notre fils va bien&quot;, affirme Brigitte Vinatier, m\u00e8re de Laurent Vinatier d\u00e9tenu en Russie depuis juin 2024\"\/>1:19&Prime;Notre fils va bien\u00a0\u00bb, affirme Brigitte Vinatier, m\u00e8re de Laurent Vinatier d\u00e9tenu en Russie depuis juin 2024<\/a><a href=\"https:\/\/www.bfmtv.com\/replay-emissions\/bfm-grand-soir\/video-francais-detenu-en-russie-poutine-va-se-renseigner-19-12_VN-202512190963.html\" title=\"Fran\u00e7ais d\u00e9tenu en Russie : Poutine va &quot;se renseigner.&quot; - 19\/12\" target=\"_blank\" rel=\"noopener\"><img width=\"16\" height=\"9\" class=\"lozad\"  alt=\"Fran\u00e7ais d\u00e9tenu en Russie : Poutine va &quot;se renseigner.&quot; - 19\/12\"\/>17:42Fran\u00e7ais d\u00e9tenu en Russie : Poutine va \u00ab\u00a0se renseigner.\u00a0\u00bb &#8211; 19\/12<\/a><a href=\"https:\/\/www.bfmtv.com\/replay-emissions\/bfm-grand-soir\/video-4h30-de-conference-500-journalistes-le-show-poutine-19-12_VN-202512190957.html\" title=\"4h30 de conf\u00e9rence, 500 journalistes... le show Poutine - 19\/12\" target=\"_blank\" rel=\"noopener\"><img width=\"16\" height=\"9\" class=\"lozad\"  alt=\"4h30 de conf\u00e9rence, 500 journalistes... le show Poutine - 19\/12\"\/>18:384h30 de conf\u00e9rence, 500 journalistes&#8230; le show Poutine &#8211; 19\/12<\/a><a href=\"https:\/\/www.bfmtv.com\/international\/asie\/russie\/video-notre-fils-va-bien-affirme-brigitte-vinatier-mere-de-laurent-vinatier-detenu-en-russie-depuis-juin-2024_VN-202512190956.html\" title=\"&quot;Notre fils va bien&quot;, affirme Brigitte Vinatier, m\u00e8re de Laurent Vinatier d\u00e9tenu en Russie depuis juin 2024\" target=\"_blank\" rel=\"noopener\"><img width=\"16\" height=\"9\" class=\"lozad\"  alt=\"&quot;Notre fils va bien&quot;, affirme Brigitte Vinatier, m\u00e8re de Laurent Vinatier d\u00e9tenu en Russie depuis juin 2024\"\/>4:54&Prime;Notre fils va bien\u00a0\u00bb, affirme Brigitte Vinatier, m\u00e8re de Laurent Vinatier d\u00e9tenu en Russie depuis juin 2024<\/a><a href=\"https:\/\/www.bfmtv.com\/international\/video-russie-nous-avons-entendu-les-propos-du-president-poutine-qui-s-engage-a-se-renseigner-declare-brigitte-vinatier-mere-de-laurent-vinatier-chercheur-francais-detenu-en-russie-depuis-2024_VN-202512190951.html\" title=\"Russie: &quot;Nous avons entendu les propos du pr\u00e9sident Poutine qui s&#039;engage \u00e0 se renseigner&quot;, d\u00e9clare Brigitte Vinatier, m\u00e8re de Laurent Vinatier, chercheur fran\u00e7ais d\u00e9tenu en Russie depuis 2024\" target=\"_blank\" rel=\"noopener\"><img width=\"16\" height=\"9\" class=\"lozad\"  alt=\"Russie: &quot;Nous avons entendu les propos du pr\u00e9sident Poutine qui s'engage \u00e0 se renseigner&quot;, d\u00e9clare Brigitte Vinatier, m\u00e8re de Laurent Vinatier, chercheur fran\u00e7ais d\u00e9tenu en Russie depuis 2024\"\/>en lectureRussie: \u00ab\u00a0Nous avons entendu les propos du pr\u00e9sident Poutine qui s&rsquo;engage \u00e0 se renseigner\u00a0\u00bb, d\u00e9clare Brigitte Vinatier, m\u00e8re de Laurent Vinatier, chercheur fran\u00e7ais d\u00e9tenu en Russie depuis 2024<\/a><a href=\"https:\/\/www.bfmtv.com\/international\/amerique-nord\/etats-unis\/video-donald-trump-annonce-une-baisse-drastique-des-medicaments-pour-les-patients-americains_VN-202512190949.html\" title=\"Donald Trump annonce une baisse &quot;drastique&quot; des m\u00e9dicaments pour les &quot;patients am\u00e9ricains&quot;\" target=\"_blank\" rel=\"noopener\"><img width=\"16\" height=\"9\" class=\"lozad\"  alt=\"Donald Trump annonce une baisse &quot;drastique&quot; des m\u00e9dicaments pour les &quot;patients am\u00e9ricains&quot;\"\/>0:31Donald Trump annonce une baisse \u00ab\u00a0drastique\u00a0\u00bb des m\u00e9dicaments pour les \u00ab\u00a0patients am\u00e9ricains\u00a0\u00bb<\/a><a href=\"https:\/\/www.bfmtv.com\/international\/video-une-competition-comparee-aux-hunger-games-donald-trump-lance-les-patriot-games_VN-202512190911.html\" title=\" Une comp\u00e9tition compar\u00e9e aux Hunger Games: Donald Trump lance les &quot;Patriot Games&quot; \" target=\"_blank\" rel=\"noopener\"><img width=\"16\" height=\"9\" class=\"lozad\"  alt=\" Une comp\u00e9tition compar\u00e9e aux Hunger Games: Donald Trump lance les &quot;Patriot Games&quot; \"\/>1:11Une comp\u00e9tition compar\u00e9e aux Hunger Games: Donald Trump lance les \u00ab\u00a0Patriot Games\u00a0\u00bb<\/a><a href=\"https:\/\/www.bfmtv.com\/international\/video-guerre-en-ukraine-poutine-assure-que-la-balle-est-dans-le-camp-de-ses-adversaires_VN-202512190906.html\" title=\"Guerre en Ukraine : Poutine assure que &quot;la balle est dans le camp&quot; de ses adversaires \" target=\"_blank\" rel=\"noopener\"><img width=\"16\" height=\"9\" class=\"lozad\"  alt=\"Guerre en Ukraine : Poutine assure que &quot;la balle est dans le camp&quot; de ses adversaires \"\/>1:19Guerre en Ukraine : Poutine assure que \u00ab\u00a0la balle est dans le camp\u00a0\u00bb de ses adversaires<\/a><a href=\"https:\/\/www.bfmtv.com\/international\/amerique-nord\/canada\/video-a-montreal-un-pere-noel-et-ses-lutins-ont-vole-de-la-nourriture-pour-les-redistribuer-gratuitement_VN-202512190895.html\" title=\"\u00c0 Montr\u00e9al, un P\u00e8re No\u00ebl et ses lutins ont vol\u00e9 de la nourriture pour la redistribuer gratuitement\" target=\"_blank\" rel=\"noopener\"><img width=\"16\" height=\"9\" class=\"lozad\"  alt=\"\u00c0 Montr\u00e9al, un P\u00e8re No\u00ebl et ses lutins ont vol\u00e9 de la nourriture pour la redistribuer gratuitement\"\/>1:18\u00c0 Montr\u00e9al, un P\u00e8re No\u00ebl et ses lutins ont vol\u00e9 de la nourriture pour la redistribuer gratuitement<\/a><a href=\"https:\/\/www.bfmtv.com\/politique\/video-il-faut-reprendre-le-controle-de-ce-machin-europeen-qui-est-en-roue-libre-estime-jean-philippe-tanguy-a-propos-de-l-union-europeenne_VN-202512190894.html\" title=\"&quot;Il faut reprendre le contr\u00f4le de ce machin europ\u00e9en qui est en roue libre&quot;, estime Jean-Philippe Tanguy \u00e0 propos de l&#039;Union europ\u00e9enne\" target=\"_blank\" rel=\"noopener\"><img width=\"16\" height=\"9\" class=\"lozad\"  alt=\"&quot;Il faut reprendre le contr\u00f4le de ce machin europ\u00e9en qui est en roue libre&quot;, estime Jean-Philippe Tanguy \u00e0 propos de l'Union europ\u00e9enne\"\/>2:01&Prime;Il faut reprendre le contr\u00f4le de ce machin europ\u00e9en qui est en roue libre\u00a0\u00bb, estime Jean-Philippe Tanguy \u00e0 propos de l&rsquo;Union europ\u00e9enne<\/a><a href=\"https:\/\/www.bfmtv.com\/international\/moyen-orient\/israel\/video-gaza-pour-marco-rubio-il-n-y-a-pas-de-paix-possible-sans-desarmement-du-hamas_VN-202512190887.html\" title=\"Gaza: pour Marco Rubio, il n&#039;y a &quot;pas de paix&quot; possible sans d\u00e9sarmement du Hamas\" target=\"_blank\" rel=\"noopener\"><img width=\"16\" height=\"9\" class=\"lozad\"  alt=\"Gaza: pour Marco Rubio, il n'y a &quot;pas de paix&quot; possible sans d\u00e9sarmement du Hamas\"\/>1:24Gaza: pour Marco Rubio, il n&rsquo;y a \u00ab\u00a0pas de paix\u00a0\u00bb possible sans d\u00e9sarmement du Hamas<\/a><a href=\"https:\/\/www.bfmtv.com\/international\/amerique-nord\/etats-unis\/video-conflit-entre-la-thailande-et-le-cambodge-marco-rubio-espere-une-treve-d-ici-lundi-ou-mardi_VN-202512190883.html\" title=\"Conflit entre la Tha\u00eflande et le Cambodge: Marco Rubio esp\u00e8re une tr\u00eave d&#039;ici &quot;lundi ou mardi&quot;\" target=\"_blank\" rel=\"noopener\"><img width=\"16\" height=\"9\" class=\"lozad\"  alt=\"Conflit entre la Tha\u00eflande et le Cambodge: Marco Rubio esp\u00e8re une tr\u00eave d'ici &quot;lundi ou mardi&quot;\"\/>1:39Conflit entre la Tha\u00eflande et le Cambodge: Marco Rubio esp\u00e8re une tr\u00eave d&rsquo;ici \u00ab\u00a0lundi ou mardi\u00a0\u00bb<\/a><a href=\"https:\/\/www.bfmtv.com\/international\/amerique-nord\/etats-unis\/video-force-internationale-a-gaza-marco-rubio-se-dit-confiant-quant-a-la-volonte-de-certains-pays-de-faire-partie-de-la-force-de-stabilisation_VN-202512190796.html\" title=\"Force internationale \u00e0 Gaza: Marco Rubio se dit &quot;confiant&quot; quant \u00e0 la volont\u00e9 de certains pays de faire partie de la force de stabilisation\" target=\"_blank\" rel=\"noopener\"><img width=\"16\" height=\"9\" class=\"lozad\"  alt=\"Force internationale \u00e0 Gaza: Marco Rubio se dit &quot;confiant&quot; quant \u00e0 la volont\u00e9 de certains pays de faire partie de la force de stabilisation\"\/>1:05Force internationale \u00e0 Gaza: Marco Rubio se dit \u00ab\u00a0confiant\u00a0\u00bb quant \u00e0 la volont\u00e9 de certains pays de faire partie de la force de stabilisation<\/a><a href=\"https:\/\/www.bfmtv.com\/international\/amerique-nord\/etats-unis\/video-le-venezuela-coopere-avec-des-terroristes-estime-le-secretaire-d-etat-americain-marco-rubio_VN-202512190785.html\" title=\"Le Venezuela &quot;coop\u00e8re avec des terroristes&quot;, estime le secr\u00e9taire d&#039;\u00c9tat am\u00e9ricain Marco Rubio\" target=\"_blank\" rel=\"noopener\"><img width=\"16\" height=\"9\" class=\"lozad\"  alt=\"Le Venezuela &quot;coop\u00e8re avec des terroristes&quot;, estime le secr\u00e9taire d'\u00c9tat am\u00e9ricain Marco Rubio\"\/>1:28Le Venezuela \u00ab\u00a0coop\u00e8re avec des terroristes\u00a0\u00bb, estime le secr\u00e9taire d&rsquo;\u00c9tat am\u00e9ricain Marco Rubio<\/a><a class=\"jumpToVideo\" target=\"_blank\"><img class=\"thumbnailPreview\"\/><\/a><\/p>\n","protected":false},"excerpt":{"rendered":"Russie: \u00ab\u00a0Nous avons entendu les propos du pr\u00e9sident Poutine qui s&rsquo;engage \u00e0 se renseigner\u00a0\u00bb, d\u00e9clare Brigitte Vinatier, m\u00e8re&hellip;\n","protected":false},"author":2,"featured_media":610827,"comment_status":"","ping_status":"","sticky":false,"template":"","format":"standard","meta":{"footnotes":""},"categories":[1591],"tags":[11,1887,12,1885,1886,132],"class_list":{"0":"post-610826","1":"post","2":"type-post","3":"status-publish","4":"format-standard","5":"has-post-thumbnail","7":"category-russie","8":"tag-actualites","9":"tag-federation-de-russie","10":"tag-news","11":"tag-russia","12":"tag-russian-federation","13":"tag-russie"},"share_on_mastodon":{"url":"https:\/\/pubeurope.com\/@fr\/115749574736162394","error":""},"_links":{"self":[{"href":"https:\/\/www.europesays.com\/fr\/wp-json\/wp\/v2\/posts\/610826","targetHints":{"allow":["GET"]}}],"collection":[{"href":"https:\/\/www.europesays.com\/fr\/wp-json\/wp\/v2\/posts"}],"about":[{"href":"https:\/\/www.europesays.com\/fr\/wp-json\/wp\/v2\/types\/post"}],"author":[{"embeddable":true,"href":"https:\/\/www.europesays.com\/fr\/wp-json\/wp\/v2\/users\/2"}],"replies":[{"embeddable":true,"href":"https:\/\/www.europesays.com\/fr\/wp-json\/wp\/v2\/comments?post=610826"}],"version-history":[{"count":0,"href":"https:\/\/www.europesays.com\/fr\/wp-json\/wp\/v2\/posts\/610826\/revisions"}],"wp:featuredmedia":[{"embeddable":true,"href":"https:\/\/www.europesays.com\/fr\/wp-json\/wp\/v2\/media\/610827"}],"wp:attachment":[{"href":"https:\/\/www.europesays.com\/fr\/wp-json\/wp\/v2\/media?parent=610826"}],"wp:term":[{"taxonomy":"category","embeddable":true,"href":"https:\/\/www.europesays.com\/fr\/wp-json\/wp\/v2\/categories?post=610826"},{"taxonomy":"post_tag","embeddable":true,"href":"https:\/\/www.europesays.com\/fr\/wp-json\/wp\/v2\/tags?post=610826"}],"curies":[{"name":"wp","href":"https:\/\/api.w.org\/{rel}","templated":true}]}}