{"id":610830,"date":"2025-12-20T02:39:18","date_gmt":"2025-12-20T02:39:18","guid":{"rendered":"https:\/\/www.europesays.com\/fr\/610830\/"},"modified":"2025-12-20T02:39:18","modified_gmt":"2025-12-20T02:39:18","slug":"usa-trump-promet-que-le-meilleur-reste-a-venir","status":"publish","type":"post","link":"https:\/\/www.europesays.com\/fr\/610830\/","title":{"rendered":"USA : Trump promet que \u201cle meilleur reste \u00e0 venir\u201d"},"content":{"rendered":"<p><strong>Face \u00e0 une opinion publique sceptique, Donald Trump promet un avenir radieux. Le pr\u00e9sident am\u00e9ricain, confront\u00e9 \u00e0 des critiques croissantes sur sa politique \u00e9conomique, entend rassurer les citoyens lors d\u2019une allocution solennelle en direct depuis la Maison Blanche. Malgr\u00e9 des sondages d\u00e9favorables, il affirme que 2025 a d\u00e9j\u00e0 \u00e9t\u00e9 une r\u00e9ussite et que \u00able meilleur reste \u00e0 venir\u00bb.<\/strong><\/p>\n<p>Donald Trump entend convaincre des Am\u00e9ricains majoritairement d\u00e9\u00e7us par sa politique \u00e9conomique que l\u2019ann\u00e9e 2025 a d\u00e9j\u00e0 \u00e9t\u00e9 \u00abexcellente\u00bb et que \u00able meilleur reste \u00e0 venir\u00bb, mercredi dans une allocution<br \/>t\u00e9l\u00e9vis\u00e9e. \u00abJe ferai une adresse \u00e0 la nation demain soir, en direct de la Maison Blanche, \u00e0 21h00\u00bb (02h00 GMT), avait annonc\u00e9 le pr\u00e9sident am\u00e9ricain mardi sur son r\u00e9seau Truth Social.<\/p>\n<p>\u00abLe message ce soir sera que nous avons h\u00e9rit\u00e9 d\u2019un d\u00e9sastre, nous avons fait un boulot formidable et nous continuons, et notre pays sera plus fort que jamais\u00bb, a-t-il dit \u00e0 des journalistes mercredi.<\/p>\n<p>\u00abIl parlera au pays de ses succ\u00e8s historiques cette ann\u00e9e\u00bb et \u00abl\u00e8vera un coin de voile sur certaines d\u00e9cisions \u00e0 venir l\u2019an prochain\u00bb, selon sa porte-parole Karoline Leavitt, dans une interview mardi avec Fox News. La vision positive du pr\u00e9sident am\u00e9ricain, qui depuis son retour au pouvoir le 20 janvier a engag\u00e9 un brutal tournant protectionniste et nationaliste, tranche avec l\u2019inqui\u00e9tude exprim\u00e9e dans les sondages sur le co\u00fbt de la vie.<\/p>\n<p>Selon une enqu\u00eate d\u2019opinion PBS News\/NPR\/Marist publi\u00e9e mercredi, 61% des Am\u00e9ricains jugent que la conjoncture ne leur est pas favorable personnellement, contre 57% en mai. La d\u00e9ception des Am\u00e9ricains quant \u00e0 la politique \u00e9conomique de Donald Trump, reposant en grande partie sur les droits de douane, inqui\u00e8te les r\u00e9publicains \u00e0 moins d\u2019un an des \u00e9lections l\u00e9gislatives de mi-mandat. Certains conservateurs ont appel\u00e9 le pr\u00e9sident am\u00e9ricain \u00e0 se concentrer davantage sur les sujets int\u00e9rieurs, \u00e0 l\u2019heure o\u00f9 les sp\u00e9culations vont bon train en particulier sur ses intentions militaires au Venezuela.<\/p>\n<p>Donald Trump, apr\u00e8s un meeting la semaine derni\u00e8re en Pennsylvanie (nord-est), sera vendredi en Caroline du Nord (sud-est) pour tenter de mobiliser les \u00e9lecteurs. Il a laiss\u00e9 \u00e9clater r\u00e9cemment sa frustration face aux sondages, en \u00e9crivant sur son r\u00e9seau Truth Social: \u00abQuand dira-t-on enfin que j\u2019ai cr\u00e9\u00e9, sans inflation, peut-\u00eatre la meilleure \u00e9conomie de l\u2019histoire de notre pays? Quand les gens vont-ils comprendre ce qu\u2019il se passe?\u00bb<\/p>\n<p><strong>\u00abRamener emplois et argent\u00bb<\/strong><br \/>Dans un entretien avec Politico, le milliardaire de 79 ans a jug\u00e9 que l\u2019\u00e9conomie m\u00e9ritait une note de \u00ab25\/20\u00bb (A+++++). Si Donald Trump maintient que la conjoncture est meilleure que la perception qu\u2019en ont ses compatriotes, d\u2019autres responsables demandent aux Am\u00e9ricains d\u2019\u00eatre patients, en rejetant la responsabilit\u00e9 de la vie ch\u00e8re sur le pr\u00e9c\u00e9dent pr\u00e9sident, le d\u00e9mocrate Joe Biden.<\/p>\n<p>L\u2019un des principaux conseillers \u00e9conomiques de la Maison Blanche, Kevin Hassett, a r\u00e9agi mardi \u00e0 la progression du taux de ch\u00f4mage en novembre en rappelant que la croissance \u00e9conomique restait forte et en d\u00e9clarant: \u00abG\u00e9n\u00e9ralement, les cr\u00e9ations d\u2019emplois suivent.\u00bb Il a pr\u00e9dit qu\u2019il faudrait six mois pour que l\u2019emploi industriel rebondisse, gr\u00e2ce selon lui aux investissements rendus possibles par le pr\u00e9sident am\u00e9ricain.<\/p>\n<p>Les \u00e9lecteurs \u00absavent que Rome ne s\u2019est pas faite en un jour. Ils savent que ce que Joe Biden a cass\u00e9 ne sera pas r\u00e9par\u00e9 en une semaine\u00bb, a d\u00e9clar\u00e9 de son c\u00f4t\u00e9 le vice-pr\u00e9sident JD Vance, pendant un meeting mardi en Pennsylvanie. \u00abNous devons pers\u00e9v\u00e9rer. Nous devons continuer \u00e0 travailler pour ramener de bons emplois et de l\u2019argent aux Etats-Unis\u00bb, a-t-il ajout\u00e9.<\/p>\n<p>S.N. avec agences \/ Les Inspirations \u00c9CO<\/p>\n","protected":false},"excerpt":{"rendered":"Face \u00e0 une opinion publique sceptique, Donald Trump promet un avenir radieux. Le pr\u00e9sident am\u00e9ricain, confront\u00e9 \u00e0 des&hellip;\n","protected":false},"author":2,"featured_media":610831,"comment_status":"","ping_status":"","sticky":false,"template":"","format":"standard","meta":{"footnotes":""},"categories":[1589],"tags":[11,75,73,1866,12,1864,1865,1863,308],"class_list":{"0":"post-610830","1":"post","2":"type-post","3":"status-publish","4":"format-standard","5":"has-post-thumbnail","7":"category-etats-unis","8":"tag-actualites","9":"tag-donald-trump","10":"tag-etats-unis","11":"tag-etats-unis-damerique","12":"tag-news","13":"tag-united-states","14":"tag-united-states-of-america","15":"tag-us","16":"tag-usa"},"share_on_mastodon":{"url":"https:\/\/pubeurope.com\/@fr\/115749582546026133","error":""},"_links":{"self":[{"href":"https:\/\/www.europesays.com\/fr\/wp-json\/wp\/v2\/posts\/610830","targetHints":{"allow":["GET"]}}],"collection":[{"href":"https:\/\/www.europesays.com\/fr\/wp-json\/wp\/v2\/posts"}],"about":[{"href":"https:\/\/www.europesays.com\/fr\/wp-json\/wp\/v2\/types\/post"}],"author":[{"embeddable":true,"href":"https:\/\/www.europesays.com\/fr\/wp-json\/wp\/v2\/users\/2"}],"replies":[{"embeddable":true,"href":"https:\/\/www.europesays.com\/fr\/wp-json\/wp\/v2\/comments?post=610830"}],"version-history":[{"count":0,"href":"https:\/\/www.europesays.com\/fr\/wp-json\/wp\/v2\/posts\/610830\/revisions"}],"wp:featuredmedia":[{"embeddable":true,"href":"https:\/\/www.europesays.com\/fr\/wp-json\/wp\/v2\/media\/610831"}],"wp:attachment":[{"href":"https:\/\/www.europesays.com\/fr\/wp-json\/wp\/v2\/media?parent=610830"}],"wp:term":[{"taxonomy":"category","embeddable":true,"href":"https:\/\/www.europesays.com\/fr\/wp-json\/wp\/v2\/categories?post=610830"},{"taxonomy":"post_tag","embeddable":true,"href":"https:\/\/www.europesays.com\/fr\/wp-json\/wp\/v2\/tags?post=610830"}],"curies":[{"name":"wp","href":"https:\/\/api.w.org\/{rel}","templated":true}]}}