{"id":610834,"date":"2025-12-20T02:41:28","date_gmt":"2025-12-20T02:41:28","guid":{"rendered":"https:\/\/www.europesays.com\/fr\/610834\/"},"modified":"2025-12-20T02:41:28","modified_gmt":"2025-12-20T02:41:28","slug":"affaire-pelicot-en-allemagne-un-homme-a-drogue-viole-et-filme-une-femme-pendant-plus-de-15-ans","status":"publish","type":"post","link":"https:\/\/www.europesays.com\/fr\/610834\/","title":{"rendered":"\u00ab\u00a0Affaire Pelicot\u00a0\u00bb en Allemagne : un homme a drogu\u00e9, viol\u00e9 et film\u00e9 une femme pendant plus de 15 ans"},"content":{"rendered":"<p>Un homme a \u00e9t\u00e9 condamn\u00e9 \u00e0 une peine de prison, ce vendredi, par le tribunal de grande instance d&rsquo;Aix-la-Chapelle. Pendant plus de 15 ans, il a drogu\u00e9 sa femme et l&rsquo;a ensuite agress\u00e9e sexuellement. Il a film\u00e9 ses actes et diffus\u00e9 les vid\u00e9os sur Internet. <\/p>\n<p>L&rsquo;homme de 61 ans devra passer huit ans et demi en prison. Il a \u00e9t\u00e9 condamn\u00e9 pour viol aggrav\u00e9, mise en danger de la vie d&rsquo;autrui et atteinte \u00e0 la vie priv\u00e9e et aux droits de la personnalit\u00e9. Le jugement n&rsquo;est pas encore d\u00e9finitif, l&rsquo;homme a la possibilit\u00e9 de faire appel.<\/p>\n<p>Verdict : plusieurs ann\u00e9es de prison<\/p>\n<p>De 2018 \u00e0 2024, les faits se seraient d\u00e9roul\u00e9s dans l&rsquo;appartement commun de l&rsquo;ancien couple \u00e0 Stolberg, une commune de Rh\u00e9nanie-du-Nord-Westphalie, situ\u00e9e dans la r\u00e9gion urbaine d&rsquo;Aix-la-Chapelle. Il existe \u00e9galement des vid\u00e9os datant de 2009, dans lesquelles le parquet n&rsquo;a toutefois pas pu prouver clairement l&rsquo;identit\u00e9 des deux personnes. Fernando S. aurait secr\u00e8tement drogu\u00e9 sa femme. Il a film\u00e9 les agressions et a diffus\u00e9 les enregistrements dans des groupes de messagerie. Les enqu\u00eateurs estiment que des milliers d&rsquo;utilisateurs ont eu acc\u00e8s \u00e0 ce mat\u00e9riel ill\u00e9gal.<\/p>\n<p>Les vid\u00e9os ont \u00e9t\u00e9 saisies au cours de l&rsquo;enqu\u00eate. L&rsquo;accus\u00e9 Fernando S. \u00e9tait d\u00e9j\u00e0 en d\u00e9tention pr\u00e9ventive depuis f\u00e9vrier de l&rsquo;ann\u00e9e en cours. Le concierge a \u00e9t\u00e9 arr\u00eat\u00e9 sur son lieu de travail, une \u00e9cole polyvalente \u00e0 Alsdorf, \u00e0 environ 15 km au nord-est d&rsquo;Aix-la-Chapelle. Selon les enqu\u00eateurs, il n&rsquo;y avait pas de lien entre les faits et l&rsquo;activit\u00e9 professionnelle de l&rsquo;accus\u00e9 \u00e0 l&rsquo;\u00e9cole.<\/p>\n<p>L&rsquo;enqu\u00eate a \u00e9t\u00e9 d\u00e9clench\u00e9e par une enqu\u00eate journalistique. Les journalistes \u00e9taient tomb\u00e9s sur des groupes en ligne pertinents et ont transmis les informations aux autorit\u00e9s.<\/p>\n<p>Parall\u00e8les avec Gis\u00e8le Pelicot<\/p>\n<p>Cette affaire rappelle le proc\u00e8s du mari de Gis\u00e8le Pelicot. Dominique Pelicot a \u00e9t\u00e9 condamn\u00e9 \u00e0 20 ans de prison. Pendant des ann\u00e9es, il a drogu\u00e9 et viol\u00e9 sa femme de l&rsquo;\u00e9poque \u00e0 l&rsquo;aide de m\u00e9dicaments. Il invitait syst\u00e9matiquement d&rsquo;autres hommes au domicile commun via des forums Internet.<\/p>\n<p>Suite aux insistances de Gis\u00e8le Pelicot, son proc\u00e8s a \u00e9t\u00e9 tenu en public (celui d&rsquo;Aix-la-Chapelle s&rsquo;est d\u00e9roul\u00e9 en grande partie \u00e0 huis clos). Avec sa phrase \u00ab\u00a0Pour que la honte change de camp\u00a0\u00bb, elle est devenue en France une figure des droits des femmes et de la lutte contre les violences sexuelles. Outre Pelicot, 50 autres hommes ont \u00e9t\u00e9 condamn\u00e9s \u00e0 des peines de prison.<\/p>\n<p>Les deux proc\u00e8s ont mis en \u00e9vidence \u00e0 quel point de tels crimes peuvent \u00eatre syst\u00e9matiquement cach\u00e9s au sein d&rsquo;un couple.<\/p>\n<p>La violence sexuelle envers les femmes augmente<\/p>\n<p>Une statistique de l&rsquo;Office f\u00e9d\u00e9ral de la police criminelle montre qu&rsquo;en 2024, le nombre de d\u00e9lits sexuels contre les femmes a de nouveau augment\u00e9. En 2024, 53.451 femmes ont \u00e9t\u00e9 victimes de d\u00e9lits sexuels, soit 2,1 pour cent de plus que l&rsquo;ann\u00e9e pr\u00e9c\u00e9dente. Pr\u00e8s de la moiti\u00e9 des victimes \u00e9taient mineures au moment des faits.<\/p>\n<p>Tant pour les crimes sexuels que pour la violence domestique, qui se d\u00e9roule au sein des familles et des partenariats, les victimes sont majoritairement des femmes. La proportion est de 70,4 pour cent pour la violence domestique et de 85,9 pour cent pour les d\u00e9lits sexuels, selon l&rsquo;\u00e9valuation de l&rsquo;Office f\u00e9d\u00e9ral de la police criminelle, publi\u00e9e en novembre 2025. Si l&rsquo;on r\u00e9partit les violences domestiques en fonction des d\u00e9lits dans l&rsquo;\u00e9tat des lieux, la part des agressions sexuelles et des viols contre les femmes est de 97,8 pour cent.<\/p>\n<p>L&rsquo;Office f\u00e9d\u00e9ral de la police criminelle continue toutefois de supposer que le nombre de cas non-d\u00e9clar\u00e9s est plus \u00e9lev\u00e9. Certes, la sensibilisation du public au th\u00e8me de la violence domestique et sexuelle a augment\u00e9, mais il est difficile de faire des d\u00e9clarations explicites sur la fr\u00e9quence.<\/p>\n<p>Sources additionnelles<strong> \u2022 adaptation : Serge Duch\u00eane<\/strong><\/p>\n","protected":false},"excerpt":{"rendered":"Un homme a \u00e9t\u00e9 condamn\u00e9 \u00e0 une peine de prison, ce vendredi, par le tribunal de grande instance&hellip;\n","protected":false},"author":2,"featured_media":610835,"comment_status":"","ping_status":"","sticky":false,"template":"","format":"standard","meta":{"footnotes":""},"categories":[1587],"tags":[11,672,1804,1805,1803,1777,674,1801,6372,12,1802,1265,15875],"class_list":{"0":"post-610834","1":"post","2":"type-post","3":"status-publish","4":"format-standard","5":"has-post-thumbnail","7":"category-allemagne","8":"tag-actualites","9":"tag-allemagne","10":"tag-bundesrepublik-deutschland","11":"tag-de","12":"tag-deutschland","13":"tag-eu","14":"tag-europe","15":"tag-germany","16":"tag-jugement","17":"tag-news","18":"tag-republique-federale-dallemagne","19":"tag-viol","20":"tag-violence-contre-les-femmes"},"share_on_mastodon":{"url":"https:\/\/pubeurope.com\/@fr\/115749590446907440","error":""},"_links":{"self":[{"href":"https:\/\/www.europesays.com\/fr\/wp-json\/wp\/v2\/posts\/610834","targetHints":{"allow":["GET"]}}],"collection":[{"href":"https:\/\/www.europesays.com\/fr\/wp-json\/wp\/v2\/posts"}],"about":[{"href":"https:\/\/www.europesays.com\/fr\/wp-json\/wp\/v2\/types\/post"}],"author":[{"embeddable":true,"href":"https:\/\/www.europesays.com\/fr\/wp-json\/wp\/v2\/users\/2"}],"replies":[{"embeddable":true,"href":"https:\/\/www.europesays.com\/fr\/wp-json\/wp\/v2\/comments?post=610834"}],"version-history":[{"count":0,"href":"https:\/\/www.europesays.com\/fr\/wp-json\/wp\/v2\/posts\/610834\/revisions"}],"wp:featuredmedia":[{"embeddable":true,"href":"https:\/\/www.europesays.com\/fr\/wp-json\/wp\/v2\/media\/610835"}],"wp:attachment":[{"href":"https:\/\/www.europesays.com\/fr\/wp-json\/wp\/v2\/media?parent=610834"}],"wp:term":[{"taxonomy":"category","embeddable":true,"href":"https:\/\/www.europesays.com\/fr\/wp-json\/wp\/v2\/categories?post=610834"},{"taxonomy":"post_tag","embeddable":true,"href":"https:\/\/www.europesays.com\/fr\/wp-json\/wp\/v2\/tags?post=610834"}],"curies":[{"name":"wp","href":"https:\/\/api.w.org\/{rel}","templated":true}]}}