{"id":610836,"date":"2025-12-20T02:42:16","date_gmt":"2025-12-20T02:42:16","guid":{"rendered":"https:\/\/www.europesays.com\/fr\/610836\/"},"modified":"2025-12-20T02:42:16","modified_gmt":"2025-12-20T02:42:16","slug":"leurope-a-fait-ce-quelle-devait-faire-comme-elle-devait-le-faire","status":"publish","type":"post","link":"https:\/\/www.europesays.com\/fr\/610836\/","title":{"rendered":"L&rsquo;Europe a fait ce qu&rsquo;elle devait faire, comme elle devait le faire"},"content":{"rendered":"<p><a href=\"https:\/\/www.lalibre.be\/international\/europe\/2025\/12\/19\/comment-bart-de-wever-a-retourne-la-situation-a-lavantage-de-la-belgique-au-sommet-europeen-SNWMTE5XSVCBFKQ5ATXFYP2MF4\/\" target=\"_self\" class=\"ap-StoryInterstitialLink ap-StoryElement ap-StoryElement--mb js-paywall-target\" rel=\"noopener\">Comment Bart De Wever a retourn\u00e9 la situation \u00e0 l&rsquo;avantage de la Belgique au sommet europ\u00e9en<\/a><\/p>\n<p class=\"ap-StoryElement ap-StoryElement--mb ap-StoryText\">Depuis deux mois, <a href=\"https:\/\/www.lalibre.be\/debats\/chronique-redaction\/2025\/12\/19\/bart-de-wever-lhiver-dune-stature-P2VEHLL4NVFBRJOQNQOS2SMJDI\/\" target=\"_self\" rel=\"noopener\">le Premier ministre belge<\/a> avertissait ses partenaires qu&rsquo;une telle op\u00e9ration d\u00e9clencherait la col\u00e8re du Kremlin. Et qu&rsquo;elle ferait pendre d&rsquo;importants risques juridiques et donc financiers au-dessus de la t\u00eate de la Belgique, de la soci\u00e9t\u00e9 Euroclear \u2013 bas\u00e9e \u00e0 Bruxelles, sur les comptes de laquelle se trouvent 185 milliards d&rsquo;actifs souverains russes \u2013 mais menacerait aussi la stabilit\u00e9 financi\u00e8re europ\u00e9enne.<\/p>\n<p class=\"ap-StoryElement ap-StoryElement--mb ap-StoryText\">Malgr\u00e9 cela, le projet semblait suivre son cours. Mais au final, <a href=\"https:\/\/www.lalibre.be\/international\/europe\/2025\/12\/19\/comment-bart-de-wever-a-retourne-la-situation-a-lavantage-de-la-belgique-au-sommet-europeen-SNWMTE5XSVCBFKQ5ATXFYP2MF4\/\" target=\"_self\" rel=\"noopener\">Bart De Wever<\/a> et la diplomatie belge sont parvenus avec patience, d\u00e9termination, p\u00e9dagogie et ce qu&rsquo;il faut de ruse, \u00e0 convaincre les autres \u00c9tats membres de ne pas emprunter la voie p\u00e9rilleuse de l&rsquo;utilisation des avoirs souverains.<\/p>\n<p class=\"ap-StoryElement ap-StoryElement--mb ap-StoryText\">\u00c7&rsquo;aurait \u00e9t\u00e9 irresponsable si, dans le m\u00eame temps, la Belgique n&rsquo;avait pas plaid\u00e9 pour une alternative mais aussi et surtout \u0153uvr\u00e9, en coulisses, pour qu&rsquo;elle puisse advenir.<\/p>\n<p><a href=\"https:\/\/www.lalibre.be\/international\/europe\/guerre-ukraine-russie\/2025\/12\/19\/devant-les-russes-un-vladimir-poutine-entre-deux-eaux-quand-vivrons-nous-normalement-AXV3GDCTMZG2JOKYD55KT5KGDY\/\" target=\"_self\" class=\"ap-StoryInterstitialLink ap-StoryElement ap-StoryElement--mb\" rel=\"noopener\">Devant les Russes, un Vladimir Poutine entre deux eaux : \u00ab\u00a0Quand vivrons-nous normalement ?\u00a0\u00bb<\/a><\/p>\n<p class=\"ap-StoryElement ap-StoryElement--mb ap-StoryText\">C&rsquo;est finalement l&rsquo;option d&rsquo;un emprunt de 90 milliards d&rsquo;euros garanti par les marges du budget de l&rsquo;Union qui a \u00e9t\u00e9 retenue par les chefs d&rsquo;\u00c9tat et de gouvernement des Vingt-sept pour contribuer au renflouement de l&rsquo;Ukraine \u2013 un chemin connu et balis\u00e9, car d\u00e9j\u00e0 emprunt\u00e9 pour financer le plan de relance post-Covid, en 2020. Bien s\u00fbr, il a fallu trouver une solution cr\u00e9ative \u00ab\u00a0\u00e0 l&rsquo;europ\u00e9enne\u00a0\u00bb pour que le plan passe la rampe.<\/p>\n<p class=\"ap-StoryElement ap-StoryElement--mb ap-StoryText\">Pour atteindre l&rsquo;unanimit\u00e9 n\u00e9cessaire, on a d\u00fb garantir \u00e0 la Hongrie, la R\u00e9publique tch\u00e8que et la Slovaquie \u2013 les trois pays les moins favorables \u00e0 Kiev \u2013 qu&rsquo;elles seraient d\u00e9li\u00e9es de toute obligation financi\u00e8re vis-\u00e0-vis de cet emprunt. Un front vraiment uni \u00e0 vingt-sept aurait \u00e9t\u00e9 id\u00e9al.<\/p>\n<p class=\"ap-StoryElement ap-StoryElement--mb ap-StoryText\">Une coop\u00e9ration renforc\u00e9e \u00e0 vingt-quatre est pr\u00e9f\u00e9rable \u00e0 un \u00e9chec, que l&rsquo;Union europ\u00e9enne ne pouvait pas se permettre. Il \u00e9tait en premier lieu imp\u00e9ratif de rassurer Kiev sur le fait que l&rsquo;UE reste un partenaire fiable et solide. Le pr\u00e9sident ukrainien Zelensky avait d&rsquo;ailleurs bien besoin de cet appui europ\u00e9en pour ne pas se retrouver en situation de grande faiblesse dans les n\u00e9gociations de paix men\u00e9es par les \u00c9tats-Unis, alors que l&rsquo;administration Trump est d\u00e9j\u00e0 tr\u00e8s sensible aux arguments russes. Ce pr\u00eat est aussi une fa\u00e7on d&rsquo;envoyer \u00e0 Moscou le message que le soutien europ\u00e9en \u00e0 l&rsquo;Ukraine ne faiblit pas.<\/p>\n<p class=\"ap-StoryElement ap-StoryElement--mb ap-StoryText\">L&rsquo;Union a fait ce qu&rsquo;elle devait absolument faire, comme elle devait le faire. Et tant mieux si l&rsquo;adroite man\u0153uvre de Bart De Wever y est pour quelque chose.<\/p>\n","protected":false},"excerpt":{"rendered":"Comment Bart De Wever a retourn\u00e9 la situation \u00e0 l&rsquo;avantage de la Belgique au sommet europ\u00e9en Depuis deux&hellip;\n","protected":false},"author":2,"featured_media":610837,"comment_status":"","ping_status":"","sticky":false,"template":"","format":"standard","meta":{"footnotes":""},"categories":[1586],"tags":[11,33751,6051,2122,1777,674,1011,27,43890,12,25],"class_list":{"0":"post-610836","1":"post","2":"type-post","3":"status-publish","4":"format-standard","5":"has-post-thumbnail","7":"category-europe","8":"tag-actualites","9":"tag-bart-de-wever","10":"tag-bruxelles-villes","11":"tag-conflit-russie-ukraine","12":"tag-eu","13":"tag-europe","14":"tag-fr","15":"tag-france","16":"tag-newb","17":"tag-news","18":"tag-republique-francaise"},"share_on_mastodon":{"url":"https:\/\/pubeurope.com\/@fr\/115749594311469511","error":""},"_links":{"self":[{"href":"https:\/\/www.europesays.com\/fr\/wp-json\/wp\/v2\/posts\/610836","targetHints":{"allow":["GET"]}}],"collection":[{"href":"https:\/\/www.europesays.com\/fr\/wp-json\/wp\/v2\/posts"}],"about":[{"href":"https:\/\/www.europesays.com\/fr\/wp-json\/wp\/v2\/types\/post"}],"author":[{"embeddable":true,"href":"https:\/\/www.europesays.com\/fr\/wp-json\/wp\/v2\/users\/2"}],"replies":[{"embeddable":true,"href":"https:\/\/www.europesays.com\/fr\/wp-json\/wp\/v2\/comments?post=610836"}],"version-history":[{"count":0,"href":"https:\/\/www.europesays.com\/fr\/wp-json\/wp\/v2\/posts\/610836\/revisions"}],"wp:featuredmedia":[{"embeddable":true,"href":"https:\/\/www.europesays.com\/fr\/wp-json\/wp\/v2\/media\/610837"}],"wp:attachment":[{"href":"https:\/\/www.europesays.com\/fr\/wp-json\/wp\/v2\/media?parent=610836"}],"wp:term":[{"taxonomy":"category","embeddable":true,"href":"https:\/\/www.europesays.com\/fr\/wp-json\/wp\/v2\/categories?post=610836"},{"taxonomy":"post_tag","embeddable":true,"href":"https:\/\/www.europesays.com\/fr\/wp-json\/wp\/v2\/tags?post=610836"}],"curies":[{"name":"wp","href":"https:\/\/api.w.org\/{rel}","templated":true}]}}