{"id":61084,"date":"2025-04-29T06:02:07","date_gmt":"2025-04-29T06:02:07","guid":{"rendered":"https:\/\/www.europesays.com\/fr\/61084\/"},"modified":"2025-04-29T06:02:07","modified_gmt":"2025-04-29T06:02:07","slug":"le-gouvernement-va-devoiler-un-plan-pour-eviter-une-submersion-de-petits-colis-chinois","status":"publish","type":"post","link":"https:\/\/www.europesays.com\/fr\/61084\/","title":{"rendered":"le gouvernement va d\u00e9voiler un plan pour \u00e9viter une submersion de petits colis chinois"},"content":{"rendered":"<p>Plusieurs ministres doivent pr\u00e9senter ce mardi des \u00abmesures concr\u00e8tes\u00bb pour r\u00e9guler l\u2019afflux attendu de colis en provenance de Chine, qui voient le march\u00e9 am\u00e9ricain se fermer \u00e0 cause des droits de douane de Donald Trump.<\/p>\n<p class=\"fig-paragraph\">Le gouvernement fran\u00e7ais va d\u00e9voiler ce mardi 29 avril des \u00abmesures concr\u00e8tes\u00bb pour\u00a0<a href=\"http:\/\/www.lefigaro.fr\/societes\/temu-shein-ce-tsunami-de-petits-colis-chinois-qui-inquiete-l-occident-20250222\" data-fig-type=\"Article\" data-gtm-custom-categorie=\"navigation\" data-gtm-custom-action=\"crossclick\" data-gtm-custom-label=\"Contextuel\" data-gtm-event=\"customEventSPE\" data-fig-domain=\"LEFIGARO\" target=\"_blank\" rel=\"noopener\">r\u00e9pondre aux flux de colis en provenance de Chine<\/a>, notamment des plateformes Shein ou Temu, dans le contexte du\u00a0<a href=\"http:\/\/www.lefigaro.fr\/international\/droits-de-douane-qui-sont-les-sept-gourous-derriere-les-decisions-de-donald-trump-20250411\" data-fig-type=\"Article\" data-gtm-custom-categorie=\"navigation\" data-gtm-custom-action=\"crossclick\" data-gtm-custom-label=\"Contextuel\" data-gtm-event=\"customEventSPE\" data-fig-domain=\"LEFIGARO\" target=\"_blank\" rel=\"noopener\">conflit commercial lanc\u00e9 par Donald Trump<\/a>. Quatre ministres de Bercy, \u00c9ric Lombard (\u00c9conomie et Finances), Am\u00e9lie de Montchalin (Comptes publics), V\u00e9ronique Louwagie (Commerce et Artisanat notamment) et Clara Chappaz (Intelligence artificielle et Num\u00e9rique), doivent faire le d\u00e9placement \u00e0 l&rsquo;a\u00e9roport de Roissy, pour parler \u00abr\u00e9gulation\u00bb et \u00abs\u00e9curit\u00e9 des plateformes de e-commerce\u00bb.<\/p>\n<p class=\"fig-paragraph\">Le minist\u00e8re de l&rsquo;\u00c9conomie a expliqu\u00e9 lors d&rsquo;un point presse vendredi s&rsquo;attendre \u00e0 ce que le conflit commercial \u00abrecompose les flux commerciaux\u00bb et entra\u00eene un \u00abrisque de d\u00e9port des flux chinois vers des territoires europ\u00e9ens, notamment la France\u00bb. Si \u00e0 date, \u00abce n&rsquo;est pas forc\u00e9ment un report tel quel\u00bb qui est observ\u00e9, \u00abil y a des vell\u00e9it\u00e9s des plateformes d&rsquo;avoir une communication peut-\u00eatre plus agressive et plus pr\u00e9sente vis-\u00e0-vis des consommateurs europ\u00e9ens\u00bb, selon Bercy.<\/p>\n<p>Une \u00abinvasion\u00bb de colis<\/p>\n<p class=\"fig-paragraph\">Report ou pas, les flux en provenance de Chine sont en pleine expansion, alors que Donald Trump a sign\u00e9 d\u00e9but avril un d\u00e9cret faisant passer de 30% \u00e0 90% les droits de douane am\u00e9ricains sur les petits colis envoy\u00e9s de Chine. \u00abC&rsquo;est certain, il va y avoir une invasion (en provenance) de la zone indo-pacifique\u00bb, a estim\u00e9 lundi sur France Inter Michel-Edouard Leclerc, pr\u00e9sident du comit\u00e9 strat\u00e9gique des centres de grande distribution E.Leclerc. \u00abOn parle de la Chine mais imaginez le Vietnam, la Cor\u00e9e, le Bangladesh, m\u00eame la Turquie, tous ces pays, face \u00e0 l&rsquo;incertitude d&rsquo;un d\u00e9bouch\u00e9 am\u00e9ricain, vont essayer de trouver d&rsquo;autres d\u00e9bouch\u00e9s, et l&rsquo;Europe est le premier d\u00e9bouch\u00e9 en termes de puissance d&rsquo;achat\u00bb, a-t-il comment\u00e9.<\/p>\n<p class=\"fig-paragraph\">Roissy est le \u00abprincipal point d&rsquo;entr\u00e9e du fret a\u00e9rien \u00e0 l&rsquo;\u00e9chelle nationale\u00bb, rappelle Bercy. Les membres du gouvernement doivent notamment rencontrer les services de la direction g\u00e9n\u00e9rale des douanes et des droits indirects (DGDDI), qui contr\u00f4lent les colis issus des plateformes de e-commerce.<\/p>\n<p>4,6 milliards de petits colis en Europe en 2024<\/p>\n<p class=\"fig-paragraph\">Ce n&rsquo;est pas une mince affaire\u00a0: \u00e0 l&rsquo;\u00e9chelle europ\u00e9enne, environ 4,6 milliards d&rsquo;envois d&rsquo;une valeur inf\u00e9rieure \u00e0 150 euros sont entr\u00e9s sur le march\u00e9 europ\u00e9en en 2024, soit plus de 145 chaque seconde. Sur ce total, 91% provenaient de Chine. En France, 800 millions de colis d&rsquo;une valeur inf\u00e9rieure \u00e0 150 euros ont \u00e9t\u00e9 livr\u00e9s l&rsquo;an dernier sur un total de 1,5 milliard de colis, a rappel\u00e9 Bercy. La focale est mise sur ces envois dits de faible valeur parce qu&rsquo;ils b\u00e9n\u00e9ficient en Europe d&rsquo;une exon\u00e9ration de taxe douani\u00e8re quand ils sont envoy\u00e9s depuis un pays tiers.<\/p>\n<p class=\"fig-paragraph\">Une exon\u00e9ration qui date de 2010 et d\u00e9cid\u00e9e au nom de la \u00abfluidit\u00e9 douani\u00e8re\u00bb, rappelait d\u00e9but avril Isabelle Feng, juriste et chercheuse \u00e0 l&rsquo;Universit\u00e9 libre de Bruxelles et Asia centre. Mais la Commission europ\u00e9enne a appel\u00e9 en f\u00e9vrier \u00e0 supprimer cette franchise, pointant notamment des risques d&rsquo;importation \u00abde produits dangereux\u00bb et une empreinte environnementale non n\u00e9gligeable sur de tels volumes.<\/p>\n<p>Le poids croissant de Shein et Temu<\/p>\n<p class=\"fig-paragraph\">Shein, bas\u00e9e \u00e0 Singapour, fait l&rsquo;objet d&rsquo;une enqu\u00eate de la Commission europ\u00e9enne, \u00e9tant soup\u00e7onn\u00e9e de ne pas suffisamment lutter contre la vente de produits qui ne respectent pas les normes europ\u00e9ennes. L&rsquo;institution enqu\u00eate depuis octobre sur le site d&rsquo;origine chinois Temu pour des motifs similaires.<\/p>\n<p class=\"fig-paragraph\">Entre-temps, Shein, qui vend surtout des v\u00eatements et Temu, qui commercialise aussi jouets, d\u00e9coration, outils ou high-tech, sont devenus des acteurs majeurs de la consommation europ\u00e9enne. \u00ab\u00c0 eux trois, Shein, Temu et Amazon repr\u00e9sentent un quart des ventes de mode en ligne en France\u00bb, a observ\u00e9 le minist\u00e8re de l&rsquo;\u00c9conomie vendredi.<\/p>\n<p class=\"fig-paragraph\">Fin f\u00e9vrier, le cabinet Circana avait aussi indiqu\u00e9 que c&rsquo;\u00e9tait sur Shein et Temu que les Fran\u00e7ais avaient le plus augment\u00e9 leurs d\u00e9penses en 2024, illustrant \u00abla forte tension sur le pouvoir d&rsquo;achat et la qu\u00eate de bas prix des Fran\u00e7ais pour continuer \u00e0 consommer\u00bb, observait alors sur LinkedIn Emily Mayer, directrice des \u00e9tudes chez Circana.<\/p>\n","protected":false},"excerpt":{"rendered":"Plusieurs ministres doivent pr\u00e9senter ce mardi des \u00abmesures concr\u00e8tes\u00bb pour r\u00e9guler l\u2019afflux attendu de colis en provenance de&hellip;\n","protected":false},"author":2,"featured_media":61085,"comment_status":"","ping_status":"","sticky":false,"template":"","format":"standard","meta":{"footnotes":""},"categories":[6],"tags":[1117,35,309,130,7064,33,34,638,1011,27,1074,1116,342,639,2551,1118,137],"class_list":{"0":"post-61084","1":"post","2":"type-post","3":"status-publish","4":"format-standard","5":"has-post-thumbnail","7":"category-economie","8":"tag-assurance","9":"tag-business","10":"tag-chine","11":"tag-consommation","12":"tag-consommer","13":"tag-economie","14":"tag-economy","15":"tag-figaro","16":"tag-fr","17":"tag-france","18":"tag-guerre-commerciale","19":"tag-immobilier","20":"tag-impots","21":"tag-le-figaro","22":"tag-patrimoine","23":"tag-placement","24":"tag-retraite"},"share_on_mastodon":{"url":"https:\/\/pubeurope.com\/@fr\/114419737797076425","error":""},"_links":{"self":[{"href":"https:\/\/www.europesays.com\/fr\/wp-json\/wp\/v2\/posts\/61084","targetHints":{"allow":["GET"]}}],"collection":[{"href":"https:\/\/www.europesays.com\/fr\/wp-json\/wp\/v2\/posts"}],"about":[{"href":"https:\/\/www.europesays.com\/fr\/wp-json\/wp\/v2\/types\/post"}],"author":[{"embeddable":true,"href":"https:\/\/www.europesays.com\/fr\/wp-json\/wp\/v2\/users\/2"}],"replies":[{"embeddable":true,"href":"https:\/\/www.europesays.com\/fr\/wp-json\/wp\/v2\/comments?post=61084"}],"version-history":[{"count":0,"href":"https:\/\/www.europesays.com\/fr\/wp-json\/wp\/v2\/posts\/61084\/revisions"}],"wp:featuredmedia":[{"embeddable":true,"href":"https:\/\/www.europesays.com\/fr\/wp-json\/wp\/v2\/media\/61085"}],"wp:attachment":[{"href":"https:\/\/www.europesays.com\/fr\/wp-json\/wp\/v2\/media?parent=61084"}],"wp:term":[{"taxonomy":"category","embeddable":true,"href":"https:\/\/www.europesays.com\/fr\/wp-json\/wp\/v2\/categories?post=61084"},{"taxonomy":"post_tag","embeddable":true,"href":"https:\/\/www.europesays.com\/fr\/wp-json\/wp\/v2\/tags?post=61084"}],"curies":[{"name":"wp","href":"https:\/\/api.w.org\/{rel}","templated":true}]}}