{"id":610845,"date":"2025-12-20T02:48:15","date_gmt":"2025-12-20T02:48:15","guid":{"rendered":"https:\/\/www.europesays.com\/fr\/610845\/"},"modified":"2025-12-20T02:48:15","modified_gmt":"2025-12-20T02:48:15","slug":"le-tours-vb-avance-pas-a-pas-le-prochain-a-sete","status":"publish","type":"post","link":"https:\/\/www.europesays.com\/fr\/610845\/","title":{"rendered":"le Tours VB avance \u00ab\u00a0pas \u00e0 pas\u00a0\u00bb, le prochain \u00e0 S\u00e8te"},"content":{"rendered":"<p><strong>S\u00e8te\u00a0&#8211; Tours<\/strong><\/p>\n<p>\u00ab\u00a0On veut montrer un autre visage que celui de mardi.\u00a0\u00bb Lucas Ramon r\u00e9sume ici en quelques mots l\u2019enjeu du d\u00e9placement du Tours Volley-Ball (3e) \u00e0 S\u00e8te (5e), dimanche en MSL. Car si le TVB s\u2019est bel et bien qualifi\u00e9 en d\u00e9but de semaine pour les demi-finales de la Coupe de France, aux d\u00e9pens de Saint-Nazaire, <a target=\"_blank\" href=\"https:\/\/www.lanouvellerepublique.fr\/tours\/coupe-de-france-le-tours-vb-doit-gagner-en-maitrise-1765972842\" rel=\"noopener\">ce fut un peu laborieux<\/a>, avec un succ\u00e8s arrach\u00e9 en cinq manches. \u00ab\u00a0Le sentiment est mitig\u00e9, car malgr\u00e9 la victoire, il y a quand m\u00eame pas mal de points n\u00e9gatifs qui ressortent de ce match, ajoute le libero. Il faut se remettre au travail et essayer que ce type de performance arrive le moins possible&#8230;. <\/p>\n<p>    Cet article a \u00e9t\u00e9 tronqu\u00e9. Abonnez-vous pour lire l&rsquo;article complet sur notre site.<\/p>\n<p>\u00a0\u00bb<\/p>\n<p style=\"margin: 0 !important; padding: 0 !important; font-size: 12px !important;\">Cet article a \u00e9t\u00e9 tronqu\u00e9. Abonnez-vous pour lire l&rsquo;article complet.<\/p>\n<p>    <a href=\"https:\/\/www.lanouvellerepublique.fr\/abonnements\" style=\"display: inline-block; margin-top: 5px !important; padding: 6px 12px !important; background: #cb1c27; color: white; text-decoration: none; border-radius: 4px; font-size: 12px !important;\" target=\"_blank\" rel=\"noopener\"><br \/>\n      S&rsquo;abonner<br \/>\n    <\/a><\/p>\n","protected":false},"excerpt":{"rendered":"S\u00e8te\u00a0&#8211; Tours \u00ab\u00a0On veut montrer un autre visage que celui de mardi.\u00a0\u00bb Lucas Ramon r\u00e9sume ici en quelques&hellip;\n","protected":false},"author":2,"featured_media":610846,"comment_status":"","ping_status":"","sticky":false,"template":"","format":"standard","meta":{"footnotes":""},"categories":[1417],"tags":[1392,1011,27,1387,1655,60,1390,1471,2767,1470,1469],"class_list":{"0":"post-610845","1":"post","2":"type-post","3":"status-publish","4":"format-standard","5":"has-post-thumbnail","7":"category-volley","8":"tag-a-la-une-local","9":"tag-fr","10":"tag-france","11":"tag-indre-et-loire","12":"tag-ligue-a","13":"tag-sports","14":"tag-tours","15":"tag-tours-volley-ball","16":"tag-tvb-37","17":"tag-volley","18":"tag-volleyball"},"share_on_mastodon":{"url":"https:\/\/pubeurope.com\/@fr\/115749617876761767","error":""},"_links":{"self":[{"href":"https:\/\/www.europesays.com\/fr\/wp-json\/wp\/v2\/posts\/610845","targetHints":{"allow":["GET"]}}],"collection":[{"href":"https:\/\/www.europesays.com\/fr\/wp-json\/wp\/v2\/posts"}],"about":[{"href":"https:\/\/www.europesays.com\/fr\/wp-json\/wp\/v2\/types\/post"}],"author":[{"embeddable":true,"href":"https:\/\/www.europesays.com\/fr\/wp-json\/wp\/v2\/users\/2"}],"replies":[{"embeddable":true,"href":"https:\/\/www.europesays.com\/fr\/wp-json\/wp\/v2\/comments?post=610845"}],"version-history":[{"count":0,"href":"https:\/\/www.europesays.com\/fr\/wp-json\/wp\/v2\/posts\/610845\/revisions"}],"wp:featuredmedia":[{"embeddable":true,"href":"https:\/\/www.europesays.com\/fr\/wp-json\/wp\/v2\/media\/610846"}],"wp:attachment":[{"href":"https:\/\/www.europesays.com\/fr\/wp-json\/wp\/v2\/media?parent=610845"}],"wp:term":[{"taxonomy":"category","embeddable":true,"href":"https:\/\/www.europesays.com\/fr\/wp-json\/wp\/v2\/categories?post=610845"},{"taxonomy":"post_tag","embeddable":true,"href":"https:\/\/www.europesays.com\/fr\/wp-json\/wp\/v2\/tags?post=610845"}],"curies":[{"name":"wp","href":"https:\/\/api.w.org\/{rel}","templated":true}]}}