{"id":610847,"date":"2025-12-20T02:49:14","date_gmt":"2025-12-20T02:49:14","guid":{"rendered":"https:\/\/www.europesays.com\/fr\/610847\/"},"modified":"2025-12-20T02:49:14","modified_gmt":"2025-12-20T02:49:14","slug":"colomiers-valence-romans-la-colombe-soffre-le-choc-revivez-le-match-de-la-15e-journee-de-pro-d2","status":"publish","type":"post","link":"https:\/\/www.europesays.com\/fr\/610847\/","title":{"rendered":"Colomiers &#8211; Valence-Romans : la Colombe s&rsquo;offre le choc ! Revivez le match de la 15e journ\u00e9e de Pro D2"},"content":{"rendered":"<p>\n                Bienvenue sur Rugbyrama pour revivre le direct de la rencontre opposant Colomiers \u00e0 Valence-Romans dans le cadre de la 15\u00e8me journ\u00e9e de Pro D2.\n            <\/p>\n<p>Le VRDR \u00e9tait\u00a0sur une incroyable s\u00e9rie de cinq victoires de suite et esperait\u00a0frapper un nouveau grand coup \u00e0 Colomiers.<\/p>\n<p>Les Colum\u00e9rins, quatri\u00e8mes, voulaient\u00a0quant \u00e0 eux stopper l&#8217;embellie dr\u00f4moise.<\/p>\n<p>M. Nuchy \u00e9tait l&rsquo;arbitre de la rencontre.<\/p>\n","protected":false},"excerpt":{"rendered":"Bienvenue sur Rugbyrama pour revivre le direct de la rencontre opposant Colomiers \u00e0 Valence-Romans dans le cadre de&hellip;\n","protected":false},"author":2,"featured_media":610848,"comment_status":"","ping_status":"","sticky":false,"template":"","format":"standard","meta":{"footnotes":""},"categories":[1416],"tags":[1011,27,69255,2308,479,1468,68796,60],"class_list":{"0":"post-610847","1":"post","2":"type-post","3":"status-publish","4":"format-standard","5":"has-post-thumbnail","7":"category-rugby","8":"tag-fr","9":"tag-france","10":"tag-les-matchs-pro-d2-en-direct","11":"tag-pro-d2","12":"tag-rugby","13":"tag-rugby-football","14":"tag-rugby-u00e0-xv","15":"tag-sports"},"share_on_mastodon":{"url":"https:\/\/pubeurope.com\/@fr\/115749622046569719","error":""},"_links":{"self":[{"href":"https:\/\/www.europesays.com\/fr\/wp-json\/wp\/v2\/posts\/610847","targetHints":{"allow":["GET"]}}],"collection":[{"href":"https:\/\/www.europesays.com\/fr\/wp-json\/wp\/v2\/posts"}],"about":[{"href":"https:\/\/www.europesays.com\/fr\/wp-json\/wp\/v2\/types\/post"}],"author":[{"embeddable":true,"href":"https:\/\/www.europesays.com\/fr\/wp-json\/wp\/v2\/users\/2"}],"replies":[{"embeddable":true,"href":"https:\/\/www.europesays.com\/fr\/wp-json\/wp\/v2\/comments?post=610847"}],"version-history":[{"count":0,"href":"https:\/\/www.europesays.com\/fr\/wp-json\/wp\/v2\/posts\/610847\/revisions"}],"wp:featuredmedia":[{"embeddable":true,"href":"https:\/\/www.europesays.com\/fr\/wp-json\/wp\/v2\/media\/610848"}],"wp:attachment":[{"href":"https:\/\/www.europesays.com\/fr\/wp-json\/wp\/v2\/media?parent=610847"}],"wp:term":[{"taxonomy":"category","embeddable":true,"href":"https:\/\/www.europesays.com\/fr\/wp-json\/wp\/v2\/categories?post=610847"},{"taxonomy":"post_tag","embeddable":true,"href":"https:\/\/www.europesays.com\/fr\/wp-json\/wp\/v2\/tags?post=610847"}],"curies":[{"name":"wp","href":"https:\/\/api.w.org\/{rel}","templated":true}]}}