{"id":610851,"date":"2025-12-20T02:54:15","date_gmt":"2025-12-20T02:54:15","guid":{"rendered":"https:\/\/www.europesays.com\/fr\/610851\/"},"modified":"2025-12-20T02:54:15","modified_gmt":"2025-12-20T02:54:15","slug":"alexis-david-je-nai-plus-les-memes-attentes-actualite","status":"publish","type":"post","link":"https:\/\/www.europesays.com\/fr\/610851\/","title":{"rendered":"Alexis David : \u00ab Je n\u2019ai plus les m\u00eames attentes \u00bb &#8211; Actualit\u00e9"},"content":{"rendered":"<p style=\"text-align: justify;\"><strong>Un probl\u00e8me m\u00e9canique qui co\u00fbte cher. Dimanche dernier,\u00a0<a href=\"https:\/\/www.directvelo.com\/coureur\/37796\/alexis-david\" target=\"_blank\" rel=\"noopener\">Alexis David<\/a> a perdu gros d\u00e8s les premiers instants de la cinqui\u00e8me et derni\u00e8re manche de la Coupe de France Espoirs de cyclo-cross. <a href=\"https:\/\/www.directvelo.com\/epreuve\/48731\/coupe-de-france-de-cyclo-cross-ouistreham-u23-hommes-2025\" target=\"_blank\" rel=\"noopener\">Le soci\u00e9taire de l\u2019AC Bisontine ne s\u2019est pas d\u00e9mobilis\u00e9 pour autant et a termin\u00e9 aux portes du Top 5<\/a>. Forc\u00e9ment d\u00e9cevant pour celui qui avait gagn\u00e9 deux manches et fini 2e des deux autres jusqu\u2019alors. Pas question de ressasser trop longtemps\u00a0malgr\u00e9 tout pour un coureur qui se tourne d\u00e9sormais vers la manche de Coupe du Monde de Coxyde, toujours dans le sable. <br \/><\/strong><\/p>\n<p style=\"text-align: justify;\">DirectVelo : On imagine que tu esp\u00e9rais mieux apr\u00e8s ce que tu avais r\u00e9alis\u00e9 \u00e0 Albi puis \u00e0 Quelneuc ! <br \/>Alexis David : Sur le coup, forc\u00e9ment, c\u2019est la d\u00e9ception qui prime. Il a fallu rester dans la course malgr\u00e9 un mauvais d\u00e9part. J\u2019ai d\u00e9raill\u00e9 au bout de deux minutes, \u00e7a commence \u00e0 \u00eatre chiant car ce n\u2019est pas la premi\u00e8re fois cette saison loin de l\u00e0, mais c\u2019\u00e9tait loin d\u2019\u00eatre fini. J\u2019ai pass\u00e9 une bonne partie de la course avec Th\u00e9ophile (Vassal), on s\u2019est bien tir\u00e9s la bourre. J\u2019aurais aim\u00e9 rentrer mais sur un circuit o\u00f9 \u00e7a roulait aussi vite, c\u2019\u00e9tait compliqu\u00e9, surtout que j\u2019ai fait des erreurs dans le sable. Mais quand tu fais une course de remont\u00e9e, c\u2019est dur de rester lucide et frais. J\u2019ai fait comme j\u2019ai pu. Sans mon p\u00e9pin m\u00e9canique, j\u2019aurais peut-\u00eatre jou\u00e9 le podium voire m\u00eame la victoire. Physiquement, \u00e7a allait bien. <br \/>\u00ab J\u2019AI PASS\u00c9 UN GROS CAP \u00bb <br \/>Depuis Quelneuc, tu sembles dans une p\u00e9riode plus difficile\u2026<br \/>Je suis content de revenir en forme, alors que j\u2019\u00e9tais tomb\u00e9 malade juste avant Tabor, o\u00f9 j\u2019ai d\u00e9clar\u00e9 forfait. J\u2019\u00e9tais encore pris au niveau des bronches et donc coll\u00e9 \u00e0 Flamanville (24e, NDLR). J\u2019esp\u00e8re avoir eu mon quota de probl\u00e8mes pour la saison. <br \/>Quel premier bilan tires-tu \u00e0 ce stade de la saison ?<br \/>J\u2019ai pass\u00e9 un gros cap. Quand on gagne deux manches et qu\u2019on fait deux fois 2 en Coupe de France, on a envie de confirmer. Je n\u2019ai plus les m\u00eames attentes, les m\u00eames objectifs. J\u2019esp\u00e9rais donc mieux de cette derni\u00e8re manche mais il reste encore de belles courses d\u2019ici la fin de saison. <br \/>\u00ab SI ON M\u2019AVAIT DIT \u00c7A EN SEPTEMBRE\u2026 \u00bb <br \/>\u00c0 commencer par la prochaine manche de Coupe du Monde\u2026<br \/>Coxyde, c\u2019est une course que j\u2019affectionne, c\u2019est mythique aussi. J\u2019adore le sable. C\u2019est d\u2019ailleurs pour \u00e7a que j\u2019avais \u00e0 c\u0153ur de briller \u00e0 Ouistreham mais il reste une autre chance de s\u2019illustrer dans le sable. Je suis pass\u00e9 au travers des deux premi\u00e8res manches de Coupe du Monde mais il faut relativiser un petit peu quand on regarde l\u2019ensemble des r\u00e9sultats depuis le d\u00e9but de saison. Si on m\u2019avait dit \u00e7a en septembre dernier, j\u2019aurais sign\u00e9 tout de suite.<br \/>Il y aura \u00e9galement un titre de Champion de France \u00e0 jouer \u00e0 Troyes d\u00e9but janvier ?\u00a0<br \/>J\u2019avais fait 2 en Juniors et une belle perf\u2019 en Espoirs l\u2019an pass\u00e9 sur le circuit de Troyes. C\u2019est un parcours que j\u2019appr\u00e9cie vraiment. Il est complet, il y a du physique, de la technique, c\u2019est un parcours moderne. J\u2019aime beaucoup, j\u2019ai toujours eu de bonnes sensations l\u00e0-bas. En plus, ce n\u2019est pas super loin de la maison. J\u2019esp\u00e8re que \u00e7a se passera bien encore une fois. D\u2019ici-l\u00e0, il va falloir monter en puissance et prendre confiance sur les courses qu\u2019il reste au calendrier ces prochaines semaines.\u00a0 <\/p>\n","protected":false},"excerpt":{"rendered":"Un probl\u00e8me m\u00e9canique qui co\u00fbte cher. Dimanche dernier,\u00a0Alexis David a perdu gros d\u00e8s les premiers instants de la&hellip;\n","protected":false},"author":2,"featured_media":610852,"comment_status":"","ping_status":"","sticky":false,"template":"","format":"standard","meta":{"footnotes":""},"categories":[1411],"tags":[834,828,836,829,837,827,83,826,824,823,1154,207,814,817,815,816,822,821,832,211,839,1011,27,820,818,819,835,831,830,833,838,60,212,208,825],"class_list":{"0":"post-610851","1":"post","2":"type-post","3":"status-publish","4":"format-standard","5":"has-post-thumbnail","7":"category-cyclisme","8":"tag-attaque","9":"tag-belgique","10":"tag-braquet","11":"tag-bretagne","12":"tag-chute","13":"tag-competition","14":"tag-coupe-de-france","15":"tag-coureur","16":"tag-course-cyclisme","17":"tag-course-cycliste","18":"tag-cycling","19":"tag-cyclisme","20":"tag-direct","21":"tag-direct-velo","22":"tag-directvelo","23":"tag-directvelo-com","24":"tag-epreuve","25":"tag-epreuve-cycliste","26":"tag-federation-francaise-de-cyclisme","27":"tag-ffc","28":"tag-flandres","29":"tag-fr","30":"tag-france","31":"tag-live","32":"tag-live-course","33":"tag-live-epreuve","34":"tag-peloton","35":"tag-radio-peloton","36":"tag-radio-tour","37":"tag-ravitaillement","38":"tag-relance","39":"tag-sports","40":"tag-uci","41":"tag-velo","42":"tag-velos"},"share_on_mastodon":{"url":"https:\/\/pubeurope.com\/@fr\/115749641561256703","error":""},"_links":{"self":[{"href":"https:\/\/www.europesays.com\/fr\/wp-json\/wp\/v2\/posts\/610851","targetHints":{"allow":["GET"]}}],"collection":[{"href":"https:\/\/www.europesays.com\/fr\/wp-json\/wp\/v2\/posts"}],"about":[{"href":"https:\/\/www.europesays.com\/fr\/wp-json\/wp\/v2\/types\/post"}],"author":[{"embeddable":true,"href":"https:\/\/www.europesays.com\/fr\/wp-json\/wp\/v2\/users\/2"}],"replies":[{"embeddable":true,"href":"https:\/\/www.europesays.com\/fr\/wp-json\/wp\/v2\/comments?post=610851"}],"version-history":[{"count":0,"href":"https:\/\/www.europesays.com\/fr\/wp-json\/wp\/v2\/posts\/610851\/revisions"}],"wp:featuredmedia":[{"embeddable":true,"href":"https:\/\/www.europesays.com\/fr\/wp-json\/wp\/v2\/media\/610852"}],"wp:attachment":[{"href":"https:\/\/www.europesays.com\/fr\/wp-json\/wp\/v2\/media?parent=610851"}],"wp:term":[{"taxonomy":"category","embeddable":true,"href":"https:\/\/www.europesays.com\/fr\/wp-json\/wp\/v2\/categories?post=610851"},{"taxonomy":"post_tag","embeddable":true,"href":"https:\/\/www.europesays.com\/fr\/wp-json\/wp\/v2\/tags?post=610851"}],"curies":[{"name":"wp","href":"https:\/\/api.w.org\/{rel}","templated":true}]}}