{"id":610855,"date":"2025-12-20T02:56:17","date_gmt":"2025-12-20T02:56:17","guid":{"rendered":"https:\/\/www.europesays.com\/fr\/610855\/"},"modified":"2025-12-20T02:56:17","modified_gmt":"2025-12-20T02:56:17","slug":"un-peu-de-piment-fabrice-deville","status":"publish","type":"post","link":"https:\/\/www.europesays.com\/fr\/610855\/","title":{"rendered":"\u00ab\u00a0Un peu de piment\u00a0\u00bb, Fabrice Deville ( &#8230;"},"content":{"rendered":"<p>EN BREF<\/p>\n<ul class=\"bloc_resume_post_list\">\n<li>Fabrice Deville \u00e9voque la vie amoureuse de Florent Gra\u00e7ay<br \/>\ndans Un si grand soleil.<\/li>\n<li>Sa relation avec H\u00e9l\u00e8ne ne compromettra pas celle avec<br \/>\nC\u00e9cile.<\/li>\n<li>Selon Fabrice Deville, Florent a voulu mettre un peu de<br \/>\npiment dans sa vie.<\/li>\n<\/ul>\n<p class=\"p1\">Tom affiche une attitude distante \u00e0 l\u00a0\u00bb\u00e9gard de sa<br \/>\nco-\u00e9quipi\u00e8re Merl\u00e8ne (Aude Legastelois Bid\u00e9) <strong>dans<br \/>\nMeurtres \u00e0 Saint-Martin, diffus\u00e9 sur France 3 \u00e0 partir du<br \/>\n25 d\u00e9cembre<\/strong>. \u00ab\u00a0Nous n&rsquo;habitons pas du m\u00eame c\u00f4t\u00e9 de<br \/>\nl&rsquo;\u00eele [de Saint-Martin aux Antilles, ndlr], commence par poser<br \/>\nson interpr\u00e8te <a href=\"https:\/\/www.telestar.fr\/serie_tv\/un-si-grand-soleil-spoilers-cette-demande-de-fabrice-deville-florent-pour-la-scene-de-prise-dotages-1727361\" target=\"_blank\" rel=\"noopener\"><br \/>\nFabrice Deville<\/a>, dans une interview accord\u00e9e en exclusivit\u00e9 au<br \/>\nmagazine T\u00e9l\u00e9 Star. Merl\u00e8ne travaille pour la police<br \/>\nn\u00e9erlandaise, Tom est gendarme sur la partie<br \/>\nfran\u00e7aise\u00a0\u00bb.<\/p>\n<p class=\"p1\">Il poursuit : \u00ab\u00a0Ensuite, il apprend que son mari a<br \/>\nfait un cambriolage et qu&rsquo;elle l&rsquo;a fait lib\u00e9rer. Mais pour les<br \/>\nbesoins de l&rsquo;enqu\u00eate, ils vont devoir s&rsquo;entendre\u00a0\u00bb. L&rsquo;interview<br \/>\naborde \u00e9galement <strong>le message soci\u00e9tal pass\u00e9 par son<br \/>\npersonnage<\/strong>. Homosexuel, Tom redoute la r\u00e9action de son<br \/>\nfils n\u00e9 d&rsquo;une pr\u00e9c\u00e9dente union. \u00ab\u00a0C&rsquo;\u00e9tait g\u00e9nial de mettre en<br \/>\navant la &lsquo;diff\u00e9rence&rsquo; de mon personnage. J&rsquo;aime les r\u00f4les porteurs<br \/>\nde sens\u00a0\u00bb, s&rsquo;enthousiasme le com\u00e9dien.<\/p>\n<p>Un si grand soleil : cette histoire d&rsquo;amour<br \/>\nva-t-elle compromettre une autre relation de Florent ?<\/p>\n<p class=\"p1\">Dans la suite de l&rsquo;interview, Fabrice Deville est<br \/>\n\u00e9galement <strong>interrog\u00e9 sur l&rsquo;avenir r\u00e9serv\u00e9 \u00e0 Florent Gra\u00e7ay<br \/>\ndans les prochains \u00e9pisodes d&rsquo;Un si grand soleil<\/strong>.<br \/>\nLe com\u00e9dien balance <strong>cash sur une intrigue<br \/>\namoureuse<\/strong>. \u00ab\u00a0L&rsquo;histoire qu&rsquo;il a avec H\u00e9l\u00e8ne ne va pas<br \/>\nmettre en p\u00e9ril sa relation avec C\u00e9cile, annonce-t-il.<br \/>\nC&rsquo;\u00e9tait, pour lui, <strong>une fa\u00e7on de mettre un peu de piment<br \/>\ndans sa vie.<\/strong> Cette petite touche de com\u00e9die m&rsquo;a bien plu.<br \/>\nJ&rsquo;aimerais en retrouver d&rsquo;autres \u00e0 venir.\u00a0\u00bb<\/p>\n<p class=\"p1\">Se d\u00e9crivant comme un \u00ab\u00a0vrai cheval de<br \/>\ncourse\u00a0\u00bb, le com\u00e9dien, qui peut se montrer <a href=\"https:\/\/www.telestar.fr\/serie_tv\/un-si-grand-soleil-je-recadre-tout-de-suite-fabrice-deville-cash-sur-les-coulisses-du-feuilleton-1710528\" target=\"_blank\" rel=\"noopener\"><br \/>\ncash sur les coulisses du feuilleton<\/a>,<br \/>\npr\u00e9voit d&rsquo;investir son \u00ab\u00a0\u00e9nergie de &lsquo;ouf'\u00a0\u00bb dans divers<br \/>\nprojets. \u00ab\u00a0[J&rsquo;en ai un] avec Patric Paroux (Camping Paradis) et<br \/>\nj&rsquo;\u00e9cris un seul en sc\u00e8ne. Je ne tourne que 4 ou 5 jours par mois<br \/>\npour Un si grand soleil\u00a0\u00bb, explique-t-il. De quoi lui<br \/>\nlaisser le temps d&rsquo;explorer d&rsquo;autres facettes du m\u00e9tier.<\/p>\n<p>Un si grand soleil : cette trag\u00e9die<br \/>\nqui a boulevers\u00e9 Fabrice Deville<\/p>\n<p class=\"p1\">S&rsquo;il fonce t\u00eate baiss\u00e9e, Fabrice Deville a d\u00e9j\u00e0 \u00e9t\u00e9<br \/>\nrattrap\u00e9 par des \u00e9v\u00e9nements tragiques. Le mois de d\u00e9cembre lui<br \/>\nrappelle probablement de mauvais souvenirs. C&rsquo;est en effect \u00e0 cette<br \/>\np\u00e9riode de l&rsquo;ann\u00e9e que <strong>l&rsquo;acteur a perdu son fr\u00e8re<br \/>\nLaurent<\/strong>. \u00ab\u00a0Il rejoint maman et tant d&rsquo;autres.Il sera<br \/>\nbien accueilli, j&rsquo;en suis certain, et il pourra veiller sur nous.<br \/>\nTu me manques d\u00e9j\u00e0 terriblement. Paix \u00e0 ton \u00e2me, mon fr\u00e8re que<br \/>\nj&rsquo;aime\u00a0\u00bb, \u00e9crivait-il sur Instagram au moment d&rsquo;annoncer<br \/>\n<strong>la triste nouvelle en d\u00e9cembre 2023.<\/strong><\/p>\n<p class=\"p1\"><a href=\"https:\/\/www.telestar.fr\/serie_tv\/un-si-grand-soleil-cet-appel-du-pied-pas-tres-discret-dune-star-de-la-serie-a-france-televisions-1727290\" target=\"_blank\" rel=\"noopener\"><br \/>\nLe camarade de Marie-Ga\u00eblle Cals<\/a> avait pu compter sur le<br \/>\nsoutien de ses followers.\u00a0\u00ab\u00a0Toutes mes pens\u00e9es vous<br \/>\naccompagnent, qu&rsquo;elles puissent vous apporter un peu de<br \/>\nr\u00e9confort\u00a0\u00bb, \u00ab\u00a0Sinc\u00e8res condol\u00e9ances, Fabrice, ainsi qu&rsquo;\u00e0<br \/>\ntoute votre famille. Courage. Toutes mes pens\u00e9es vous<br \/>\naccompagnent\u00a0\u00bb, \u00ab\u00a0Bon courage \u00e0 vous pour surmonter cette<br \/>\n\u00e9preuve&#8230; Ces quelques mots pour vous assurer de mon<br \/>\nsoutien\u00a0\u00bb, peut-on lire dans les commentaires de la<br \/>\npublication.<\/p>\n","protected":false},"excerpt":{"rendered":"EN BREF Fabrice Deville \u00e9voque la vie amoureuse de Florent Gra\u00e7ay dans Un si grand soleil. Sa relation&hellip;\n","protected":false},"author":2,"featured_media":610856,"comment_status":"","ping_status":"","sticky":false,"template":"","format":"standard","meta":{"footnotes":""},"categories":[1359],"tags":[548,58,59,1011,27,973,9766],"class_list":{"0":"post-610855","1":"post","2":"type-post","3":"status-publish","4":"format-standard","5":"has-post-thumbnail","7":"category-people","8":"tag-article-simple","9":"tag-divertissement","10":"tag-entertainment","11":"tag-fr","12":"tag-france","13":"tag-people","14":"tag-un-si-grand-soleil"},"share_on_mastodon":{"url":"https:\/\/pubeurope.com\/@fr\/115749649389328467","error":""},"_links":{"self":[{"href":"https:\/\/www.europesays.com\/fr\/wp-json\/wp\/v2\/posts\/610855","targetHints":{"allow":["GET"]}}],"collection":[{"href":"https:\/\/www.europesays.com\/fr\/wp-json\/wp\/v2\/posts"}],"about":[{"href":"https:\/\/www.europesays.com\/fr\/wp-json\/wp\/v2\/types\/post"}],"author":[{"embeddable":true,"href":"https:\/\/www.europesays.com\/fr\/wp-json\/wp\/v2\/users\/2"}],"replies":[{"embeddable":true,"href":"https:\/\/www.europesays.com\/fr\/wp-json\/wp\/v2\/comments?post=610855"}],"version-history":[{"count":0,"href":"https:\/\/www.europesays.com\/fr\/wp-json\/wp\/v2\/posts\/610855\/revisions"}],"wp:featuredmedia":[{"embeddable":true,"href":"https:\/\/www.europesays.com\/fr\/wp-json\/wp\/v2\/media\/610856"}],"wp:attachment":[{"href":"https:\/\/www.europesays.com\/fr\/wp-json\/wp\/v2\/media?parent=610855"}],"wp:term":[{"taxonomy":"category","embeddable":true,"href":"https:\/\/www.europesays.com\/fr\/wp-json\/wp\/v2\/categories?post=610855"},{"taxonomy":"post_tag","embeddable":true,"href":"https:\/\/www.europesays.com\/fr\/wp-json\/wp\/v2\/tags?post=610855"}],"curies":[{"name":"wp","href":"https:\/\/api.w.org\/{rel}","templated":true}]}}