{"id":610859,"date":"2025-12-20T02:59:31","date_gmt":"2025-12-20T02:59:31","guid":{"rendered":"https:\/\/www.europesays.com\/fr\/610859\/"},"modified":"2025-12-20T02:59:31","modified_gmt":"2025-12-20T02:59:31","slug":"pekin-express-2025-nathalie-et-charlotte-desavantagees-durant-la-finale-la-revelation-qui-change-tout","status":"publish","type":"post","link":"https:\/\/www.europesays.com\/fr\/610859\/","title":{"rendered":"P\u00e9kin Express 2025 : Nathalie et Charlotte d\u00e9savantag\u00e9es durant la finale ? La r\u00e9v\u00e9lation qui change tout"},"content":{"rendered":"<p>                <img loading=\"lazy\" decoding=\"async\" src=\"https:\/\/www.europesays.com\/fr\/wp-content\/uploads\/2025\/04\/1330eb2d145a3dbe-35x35-1.png\" class=\"author-article-picture\" width=\"35\" height=\"35\"\/><\/p>\n<p>                    Par<\/p>\n<p>                                            Marguerite Lania<\/p>\n<p>                    |<\/p>\n<p>                                            Journaliste<\/p>\n<p>\n                Journaliste t\u00e9l\u00e9 sur Purebreak, Marguerite Lania d\u00e9cortique les \u00e9missions, les candidats et les moments cultes du petit \u00e9cran. De DALS \u00e0 Koh-Lanta, rien ne lui \u00e9chappe. Elle zappe entre Quotidien et Tout beau, tout neuf, mais savoure \u00e9galement les jeux. Un jour, vous la verrez dans Les 12 coups de midi ou dans la Star Academy.\n            <\/p>\n<p>\n    C&rsquo;est ce vendredi 19 d\u00e9cembre 2025 qu&rsquo;M6 diffuse la grande finale de P\u00e9kin Express &#8211; La Route des Glaces. Et si Nathalie et Charlotte seront de l&rsquo;aventure, le duo pourrait \u00eatre d\u00e9savantag\u00e9.\n<\/p>\n<p>                            <img loading=\"lazy\" decoding=\"async\" class=\"player-thumbnail\" src=\"https:\/\/www.europesays.com\/fr\/wp-content\/uploads\/2025\/12\/29631cad025cf810-580x326-1.png\" width=\"580\" height=\"326\"\/><\/p>\n<p>                            Bande-annonce P\u00e9kin Express &#8211; Route des glaces \u00a9 Vid\u00e9o et image : M6<\/p>\n<p>La suite apr\u00e8s la publicit\u00e9<\/p>\n<p>Toutes les bonnes choses ont une fin. Et alors que l&rsquo;hiver s&rsquo;appr\u00eate \u00e0 d\u00e9barquer en France, c&rsquo;est ce vendredi 19 d\u00e9cembre 2025 qu&rsquo;M6 diffuse la grande finale de <strong>P\u00e9kin Express &#8211; La Route des glaces<\/strong>. Malheureusement, si <strong>Nathalie et Charlotte<\/strong> y participeront, celle-ci pourrait vite leur \u00e9chapper.<\/p>\n<p>Nathalie arriv\u00e9e bless\u00e9e durant la finale de P\u00e9kin Express<\/p>\n<p>En cause ? Comme l&rsquo;a confess\u00e9 la m\u00e8re de famille au micro de T\u00e9l\u00e9star, elle est arriv\u00e9e bless\u00e9e lors de cette ultime \u00e9tape. Et \u00e0 en croire ses propos, ce n&rsquo;\u00e9tait pas une petite blessure de rien du tout. Au contraire, son corps \u00e9tait sur le point de l\u00e2cher.<\/p>\n<blockquote>\n<p>Depuis le premier trek, j&rsquo;\u00e9tais bless\u00e9e. J&rsquo;ai eu des \u00e9longations des jambes. Je suis tomb\u00e9e de moto et j&rsquo;ai eu une c\u00f4te f\u00eal\u00e9e. J&rsquo;ai soulev\u00e9 des montagnes gr\u00e2ce \u00e0 ma fille.<\/p>\n<\/blockquote>\n<p>P\u00e9kin Express 2025 : pas vue \u00e0 la t\u00e9l\u00e9, cette s\u00e9quence avec Missak et Fabien qui aurait rendu fi\u00e8re Marseille<\/p>\n<p>Un tournage douloureux pour Nathalie durant la finale de P\u00e9kin Express<\/p>\n<p>Et c&rsquo;est peu dire que l&rsquo;expression n&rsquo;est pas exag\u00e9r\u00e9e. Nathalie a par la suite pr\u00e9cis\u00e9 qu&rsquo;elle \u00e9tait dans un sale \u00e9tat durant le tournage, au point qu&rsquo;elle paierait encore aujourd&rsquo;hui les cons\u00e9quences de son sacrifice.<\/p>\n<blockquote>\n<p>J&rsquo;\u00e9tais vraiment tr\u00e8s mal, j&rsquo;avais vraiment des douleurs mais je n&rsquo;ai jamais pens\u00e9 \u00e0 abandonner. Je prenais cinq m\u00e9dicaments par jour. Mes jambes \u00e9taient strapp\u00e9es. On aurait dit un vrai bonhomme Michelin. Encore aujourd&rsquo;hui j&rsquo;ai un peu mal. Je me suis surpass\u00e9e pour Charlotte.<\/p>\n<\/blockquote>\n<p>La finale sera-t-elle l&rsquo;\u00e9preuve de trop pour son corps ? Ou l&rsquo;adr\u00e9naline va-t-elle lui permettre de se surpasser une derni\u00e8re fois ? Myst\u00e8re.<\/p>\n<p>        <img decoding=\"async\" class=\"thumb-img-100 thumb-img\" src=\"https:\/\/www.europesays.com\/fr\/wp-content\/uploads\/2025\/12\/af04eb4b829faa94-320x180-3.png\" alt=\"P\u00e9kin Express 2025 : un duo avantag\u00e9 \u00e0 cause d'une erreur de la production, &quot;On ne le savait pas&quot;\" width=\"320\" height=\"180\" loading=\"lazy\" role=\"presentation\"\/><\/p>\n<p>                                            P\u00e9kin Express 2025 : un duo avantag\u00e9 \u00e0 cause d&rsquo;une erreur de la production, \u00ab\u00a0On ne le savait pas\u00a0\u00bb<\/p>\n<p>        <img decoding=\"async\" class=\"thumb-img-100 thumb-img\" src=\"https:\/\/www.europesays.com\/fr\/wp-content\/uploads\/2025\/12\/099b20d8f6e8debb-320x180-1.jpg\" alt=\"Koh Lanta : cet aventurier a particip\u00e9 \u00e0 L'amour est dans le pr\u00e9 et il \u00e9tait venu pour une candidate inoubliable !\" width=\"320\" height=\"180\" loading=\"lazy\" role=\"presentation\"\/><\/p>\n<p>                                            Koh Lanta : cet aventurier a particip\u00e9 \u00e0 L&rsquo;amour est dans le pr\u00e9 et il \u00e9tait venu pour une candidate inoubliable !<\/p>\n<p>        <img decoding=\"async\" class=\"thumb-img-100 thumb-img\" src=\"https:\/\/www.europesays.com\/fr\/wp-content\/uploads\/2025\/12\/cce7a7ec24ebeb3d-320x180-1.jpg\" alt=\"Ni In\u00e8s Vandamme, ni Aliz\u00e9e Bois : cette danseuse historique de retour dans Danse avec les stars 2026\" width=\"320\" height=\"180\" loading=\"lazy\" role=\"presentation\"\/><\/p>\n<p>                                            Ni In\u00e8s Vandamme, ni Aliz\u00e9e Bois : cette danseuse historique de retour dans Danse avec les stars 2026<\/p>\n","protected":false},"excerpt":{"rendered":"Par Marguerite Lania | Journaliste Journaliste t\u00e9l\u00e9 sur Purebreak, Marguerite Lania d\u00e9cortique les \u00e9missions, les candidats et les&hellip;\n","protected":false},"author":2,"featured_media":610860,"comment_status":"","ping_status":"","sticky":false,"template":"","format":"standard","meta":{"footnotes":""},"categories":[1356],"tags":[58,59,1011,27,252,1364],"class_list":{"0":"post-610859","1":"post","2":"type-post","3":"status-publish","4":"format-standard","5":"has-post-thumbnail","7":"category-television","8":"tag-divertissement","9":"tag-entertainment","10":"tag-fr","11":"tag-france","12":"tag-television","13":"tag-tv"},"share_on_mastodon":{"url":"https:\/\/pubeurope.com\/@fr\/115749662549738404","error":""},"_links":{"self":[{"href":"https:\/\/www.europesays.com\/fr\/wp-json\/wp\/v2\/posts\/610859","targetHints":{"allow":["GET"]}}],"collection":[{"href":"https:\/\/www.europesays.com\/fr\/wp-json\/wp\/v2\/posts"}],"about":[{"href":"https:\/\/www.europesays.com\/fr\/wp-json\/wp\/v2\/types\/post"}],"author":[{"embeddable":true,"href":"https:\/\/www.europesays.com\/fr\/wp-json\/wp\/v2\/users\/2"}],"replies":[{"embeddable":true,"href":"https:\/\/www.europesays.com\/fr\/wp-json\/wp\/v2\/comments?post=610859"}],"version-history":[{"count":0,"href":"https:\/\/www.europesays.com\/fr\/wp-json\/wp\/v2\/posts\/610859\/revisions"}],"wp:featuredmedia":[{"embeddable":true,"href":"https:\/\/www.europesays.com\/fr\/wp-json\/wp\/v2\/media\/610860"}],"wp:attachment":[{"href":"https:\/\/www.europesays.com\/fr\/wp-json\/wp\/v2\/media?parent=610859"}],"wp:term":[{"taxonomy":"category","embeddable":true,"href":"https:\/\/www.europesays.com\/fr\/wp-json\/wp\/v2\/categories?post=610859"},{"taxonomy":"post_tag","embeddable":true,"href":"https:\/\/www.europesays.com\/fr\/wp-json\/wp\/v2\/tags?post=610859"}],"curies":[{"name":"wp","href":"https:\/\/api.w.org\/{rel}","templated":true}]}}