{"id":61086,"date":"2025-04-29T06:03:08","date_gmt":"2025-04-29T06:03:08","guid":{"rendered":"https:\/\/www.europesays.com\/fr\/61086\/"},"modified":"2025-04-29T06:03:08","modified_gmt":"2025-04-29T06:03:08","slug":"lheure-est-venue-de-retrouver-un-pape-europeen-et-mediterraneen","status":"publish","type":"post","link":"https:\/\/www.europesays.com\/fr\/61086\/","title":{"rendered":"\u00ab\u00a0L\u2019heure est venue de retrouver un pape europ\u00e9en et m\u00e9diterran\u00e9en\u00a0\u00bb"},"content":{"rendered":"<p><strong>TRIBUNE &#8211; <\/strong>Apr\u00e8s le pape des p\u00e9riph\u00e9ries, le successeur id\u00e9al de Fran\u00e7ois pourrait \u00eatre un Europ\u00e9en m\u00e9diterran\u00e9en, pleinement conscient de la menace existentielle pesant sur le peuple juif.<\/p>\n<p class=\"fig-paragraph\">\u00ab\u00a0Je te demande de prier pour moi.\u00a0\u00bb Ceux qui ont eu la chance de rencontrer le\u00a0<a href=\"http:\/\/www.lefigaro.fr\/vox\/monde\/nicolas-baverez-les-defis-de-l-eglise-apres-les-revolutions-du-pape-francois-20250428\" data-fig-type=\"Article\" data-gtm-custom-categorie=\"navigation\" data-gtm-custom-action=\"crossclick\" data-gtm-custom-label=\"Contextuel\" data-gtm-event=\"customEventSPE\" data-fig-domain=\"LEFIGARO\" rel=\"nofollow noopener\" target=\"_blank\">pape Fran\u00e7ois<\/a>\u00a0de son vivant ont \u00e9t\u00e9 nombreux \u00e0 entendre cette demande, qu\u2019il faisait en plantant dans vos yeux un regard d\u2019infinie bont\u00e9, appuy\u00e9 par un sourire franc et lumineux.<\/p>\n<p class=\"fig-paragraph\">Tout \u00e9tait d\u00e9concertant chez le pape Fran\u00e7ois. Son humanit\u00e9 et sa bont\u00e9 d\u00e9bordantes. Le tutoiement fraternel &#8211; personne n\u2019osant \u00e9videmment le tutoyer. Et cette demande &#8211; prie pour moi\u00a0! &#8211; qui faisait na\u00eetre plusieurs sentiments. D\u2019abord, celui de la compassion\u00a0: le m\u00e9tier de pape n\u2019est pas une sin\u00e9cure dans les temps violents qui sont les n\u00f4tres. Surtout quand vous \u00eates octog\u00e9naire, malade, avec un poumon en moins, et des critiques et adversaires \u00e0 chaque recoin du\u00a0<a href=\"http:\/\/www.lefigaro.fr\/actualite-france\/semaine-decisive-au-vatican-apres-les-adieux-les-cardinaux-ouvrent-la-succession-de-francois-20250427\" data-fig-type=\"Article\" data-gtm-custom-categorie=\"navigation\" data-gtm-custom-action=\"crossclick\" data-gtm-custom-label=\"Contextuel\" data-gtm-event=\"customEventSPE\" data-fig-domain=\"LEFIGARO\" rel=\"nofollow noopener\" target=\"_blank\">Vatican<\/a>. \u00ab\u00a0H\u00e9las, derri\u00e8re chacune de ces colonnes dessin\u00e9es par Le Bernin se cache le diable\u00a0\u00bb, m\u2019avait averti la personne qui m\u2019accompagnait dans les d\u00e9dales somptueux du Vatican, avant cette rencontre avec le pontife.<\/p>\n<p class=\"fig-body-link\">\n            \u00c0 lire aussi<br \/>\n        <a class=\"fig-body-link__link fig-premium-mark\" href=\"http:\/\/www.lefigaro.fr\/vox\/religion\/l-editorial-d-etienne-de-montety-succession-du-pape-francois-le-temps-des-cardinaux-20250427\" data-fig-type=\"Article\" data-gtm-custom-categorie=\"navigation\" data-gtm-custom-action=\"crossclick\" data-gtm-custom-label=\"Contextuel\" data-gtm-event=\"customEventSPE\" data-fig-domain=\"LEFIGARO\" rel=\"nofollow noopener\" target=\"_blank\">L\u2019\u00e9ditorial d\u2019\u00c9tienne de Montety\u00a0: \u00abSuccession du pape Fran\u00e7ois, le temps des cardinaux\u00bb<br \/>\n    <\/a>\n<\/p>\n<p class=\"fig-paragraph\">La compassion, et l\u2019appel \u00e0 la responsabilit\u00e9\u2026<\/p>\n<p class=\"fig-premium-paywall__infos\">\n        Cet article est r\u00e9serv\u00e9 aux abonn\u00e9s.        Il vous reste 84% \u00e0 d\u00e9couvrir.\n    <\/p>\n<p>                <img  data- alt=\"Le Figaro\" class=\"fig-img--complete fig-img\"\/><\/p>\n<p class=\"fig-premium-paywall__title\">Vous avez envie de lire la suite ?<\/p>\n<p class=\"fig-premium-paywall__subtitle\">D\u00e9bloquez tous les articles imm\u00e9diatement.<\/p>\n<p class=\"fig-premium-paywall__connect\">\n                D\u00e9j\u00e0 abonn\u00e9\u00a0?                <a class=\"fig-premium-paywall__connect-link\" href=\"https:\/\/connect.lefigaro.fr\/login?client=horizon_web&amp;type=main&amp;redirect_uri=https%3A%2F%2Fwww.lefigaro.fr%2Fvox%2Fmonde%2Fedouard-tetreau-l-heure-est-venue-de-retrouver-un-pape-europeen-et-mediterraneen-20250429\" data-js-gtm=\"{&quot;customCategorie&quot;: &quot;conversion&quot;, &quot;customAction&quot;: &quot;before_Landing_Connexion_paywall_auto&quot;, &quot;customLabel&quot;: &quot;bGVmaWdhcm8uZnJfXzFmMDI0MTMwLTE1NTUtNjQwZS1iMjRhLTBkZDVlZDc2NTBlY19fQXJ0aWNsZQ==_\u00c9douard T\u00e9treau\u00a0: \u00ab\u00a0L\u2019heure est venue de retrouver un pape europ\u00e9en et m\u00e9diterran\u00e9en\u00a0\u00bb_32&quot;, &quot;customIDSPE&quot;: &quot;bGVmaWdhcm8uZnJfXzFmMDI0MTMwLTE1NTUtNjQwZS1iMjRhLTBkZDVlZDc2NTBlY19fQXJ0aWNsZQ==&quot;, &quot;event&quot;: &quot;customEventSPE&quot;}\" rel=\"nofollow noopener\" target=\"_blank\"><br \/>\n                    Connectez-vous<br \/>\n                <\/a>\n            <\/p>\n","protected":false},"excerpt":{"rendered":"TRIBUNE &#8211; Apr\u00e8s le pape des p\u00e9riph\u00e9ries, le successeur id\u00e9al de Fran\u00e7ois pourrait \u00eatre un Europ\u00e9en m\u00e9diterran\u00e9en, pleinement&hellip;\n","protected":false},"author":2,"featured_media":61087,"comment_status":"","ping_status":"","sticky":false,"template":"","format":"standard","meta":{"footnotes":""},"categories":[5],"tags":[11,6155,1428,1292,2198,2197,674,1429,1011,27,14,12,1427,4692,1426,28],"class_list":{"0":"post-61086","1":"post","2":"type-post","3":"status-publish","4":"format-standard","5":"has-post-thumbnail","7":"category-international","8":"tag-actualites","9":"tag-antisemitisme","10":"tag-chroniqueurs","11":"tag-debat","12":"tag-debat-monde","13":"tag-debats-international","14":"tag-europe","15":"tag-figarovox","16":"tag-fr","17":"tag-france","18":"tag-international","19":"tag-news","20":"tag-opinions","21":"tag-pape-francois","22":"tag-questions","23":"tag-world"},"share_on_mastodon":{"url":"https:\/\/pubeurope.com\/@fr\/114419741749299329","error":""},"_links":{"self":[{"href":"https:\/\/www.europesays.com\/fr\/wp-json\/wp\/v2\/posts\/61086","targetHints":{"allow":["GET"]}}],"collection":[{"href":"https:\/\/www.europesays.com\/fr\/wp-json\/wp\/v2\/posts"}],"about":[{"href":"https:\/\/www.europesays.com\/fr\/wp-json\/wp\/v2\/types\/post"}],"author":[{"embeddable":true,"href":"https:\/\/www.europesays.com\/fr\/wp-json\/wp\/v2\/users\/2"}],"replies":[{"embeddable":true,"href":"https:\/\/www.europesays.com\/fr\/wp-json\/wp\/v2\/comments?post=61086"}],"version-history":[{"count":0,"href":"https:\/\/www.europesays.com\/fr\/wp-json\/wp\/v2\/posts\/61086\/revisions"}],"wp:featuredmedia":[{"embeddable":true,"href":"https:\/\/www.europesays.com\/fr\/wp-json\/wp\/v2\/media\/61087"}],"wp:attachment":[{"href":"https:\/\/www.europesays.com\/fr\/wp-json\/wp\/v2\/media?parent=61086"}],"wp:term":[{"taxonomy":"category","embeddable":true,"href":"https:\/\/www.europesays.com\/fr\/wp-json\/wp\/v2\/categories?post=61086"},{"taxonomy":"post_tag","embeddable":true,"href":"https:\/\/www.europesays.com\/fr\/wp-json\/wp\/v2\/tags?post=61086"}],"curies":[{"name":"wp","href":"https:\/\/api.w.org\/{rel}","templated":true}]}}