{"id":610874,"date":"2025-12-20T03:07:13","date_gmt":"2025-12-20T03:07:13","guid":{"rendered":"https:\/\/www.europesays.com\/fr\/610874\/"},"modified":"2025-12-20T03:07:13","modified_gmt":"2025-12-20T03:07:13","slug":"les-etats-unis-annoncent-une-operation-militaire-contre-lei-en-syrie-plus-de-70-cibles-frappees","status":"publish","type":"post","link":"https:\/\/www.europesays.com\/fr\/610874\/","title":{"rendered":"Les \u00c9tats-Unis annoncent une op\u00e9ration militaire contre l\u2019EI en Syrie, \u00abplus de 70 cibles\u00bb frapp\u00e9es"},"content":{"rendered":"<p>\n    Il s\u2019agit d\u2019une \u00abr\u00e9ponse directe\u00bb et d\u2019une \u00abd\u00e9claration de vengeance\u00bb apr\u00e8s l\u2019attaque qui a co\u00fbt\u00e9 samedi la vie \u00e0 deux militaires am\u00e9ricains et un traducteur \u00e0 Syrie.<\/p>\n<p class=\"fig-paragraph\">L\u2019arm\u00e9e am\u00e9ricaine a d\u00e9but\u00e9 vendredi une op\u00e9ration en Syrie pour \u00ab\u00e9liminer des combattants du groupe\u00a0<a href=\"https:\/\/www.lefigaro.fr\/tag\/etat-islamique\" target=\"_blank\" rel=\"sponsored noopener\" data-gtm-custom-categorie=\"navigation\" data-gtm-custom-action=\"crossclick\" data-gtm-custom-label=\"Contextuel\" data-gtm-event=\"customEventSPE\">\u00c9tat islamique<\/a> , des infrastructures et des sites d\u2019armement\u00bb, a annonc\u00e9 le chef du Pentagone Pete Hegseth sur X. Il s\u2019agit d\u2019une \u00abr\u00e9ponse directe\u00bb et d\u2019une \u00abd\u00e9claration de vengeance\u00bb apr\u00e8s l\u2019attaque qui a co\u00fbt\u00e9 samedi la vie \u00e0 deux militaires am\u00e9ricains et un traducteur \u00e0 Syrie, a-t-il ajout\u00e9, en affirmant\u00a0: \u00abAujourd\u2019hui nous avons traqu\u00e9 et tu\u00e9 des ennemis. Beaucoup d\u2019ennemis. Et nous allons continuer.\u00bb<\/p>\n<p class=\"fig-paragraph\">Peu apr\u00e8s, Donald Trump a d\u00e9clar\u00e9 vendredi que Daesh \u00e9tait vis\u00e9 par de \u00abtr\u00e8s lourdes repr\u00e9sailles\u00bb en Syrie. \u00abNous frappons tr\u00e8s fort contre des bastions de l\u2019EI\u00bb, a \u00e9crit le pr\u00e9sident am\u00e9ricain sur Truth Social.<\/p>\n<p>                                            <a class=\"fig-a11y-skip\" href=\"#fig-a11y-skip-main-inarticle\" data-module=\"a11y-skip\" data-context=\"was @visible\"><br \/>\n    Passer la publicit\u00e9<br \/>\n<\/a>            <\/p>\n<p class=\"fig-paragraph\">L\u2019arm\u00e9e am\u00e9ricaine a frapp\u00e9 \u00abplus de 70 cibles \u00e0 de multiples endroits dans le centre de la Syrie avec des avions de chasse, des h\u00e9licopt\u00e8res et de l\u2019artillerie\u00bb, a indiqu\u00e9 le commandement militaire am\u00e9ricain pour le Moyen-Orient, le Centcom, sur X vendredi. Il a pr\u00e9cis\u00e9 que l\u2019op\u00e9ration avait d\u00e9but\u00e9 \u00e0 16h00 heure de Washington (21h00 GMT) et que \u00abplus de 100 munitions de pr\u00e9cision\u00bb avaient \u00e9t\u00e9 employ\u00e9es contre des positions du groupe \u00c9tat islamique.<\/p>\n<p class=\"fig-paragraph\">Des frappes ont \u00e9t\u00e9 men\u00e9es dans le d\u00e9sert pr\u00e8s de la ville de Homs et dans des zones rurales pr\u00e8s de Deir ez-Zor et Raqqa, a affirm\u00e9 \u00e0 l\u2019AFP une source s\u00e9curitaire syrienne. Aux explosions ont succ\u00e9d\u00e9 \u00abdes \u00e9clats de tirs de calibre moyen dans le d\u00e9sert\u00bb au sud-ouest de Raqqa, a d\u00e9clar\u00e9 un responsable de la province, ajoutant qu\u2019il s\u2019agit de zones sous le contr\u00f4le du gouvernement syrien.<\/p>\n<p>                                            Trois Am\u00e9ricains tu\u00e9s<\/p>\n<p class=\"fig-paragraph\">L\u2019homme, qui a tu\u00e9 trois Am\u00e9ricains dans la r\u00e9gion d\u00e9sertique de Palmyre, a \u00e9t\u00e9 identifi\u00e9 comme \u00e9tant un membre des forces de s\u00e9curit\u00e9 syriennes. C\u2019est la premi\u00e8re fois qu\u2019un tel \u00e9v\u00e9nement est rapport\u00e9 en Syrie depuis la prise du pouvoir, il y a un an, d\u2019une coalition islamiste qui a effectu\u00e9 un rapprochement avec les \u00c9tats-Unis. Le groupe jihadiste \u00c9tat islamique avait contr\u00f4l\u00e9 la r\u00e9gion de Palmyre avant d\u2019\u00eatre d\u00e9fait en Syrie par une coalition internationale en 2019. Malgr\u00e9 sa d\u00e9faite, ses combattants repli\u00e9s dans le vaste d\u00e9sert syrien continuent \u00e9pisodiquement de mener des attaques.<\/p>\n<p class=\"fig-paragraph\">Lors de la visite du pr\u00e9sident int\u00e9rimaire syrien, Ahmad al-Charaa, \u00e0 Washington le mois dernier, Damas avait rejoint la coalition internationale antijihadiste men\u00e9e par les \u00c9tats-Unis. Les forces am\u00e9ricaines en Syrie sont notamment d\u00e9ploy\u00e9es dans les zones sous contr\u00f4le kurde dans le nord, ainsi que dans la base d\u2019Al-Tanf, pr\u00e8s de la fronti\u00e8re jordanienne.<\/p>\n<p class=\"fig-paragraph\">Le retour au pouvoir de Donald Trump, sceptique de mani\u00e8re g\u00e9n\u00e9rale sur les d\u00e9ploiements de soldats am\u00e9ricains \u00e0 l\u2019\u00e9tranger, pose la question du maintien de cette pr\u00e9sence militaire. Le Pentagone avait annonc\u00e9 en avril que les \u00c9tats-Unis r\u00e9duiraient de moiti\u00e9 le nombre de soldats am\u00e9ricains en Syrie, dont l\u2019effectif total actuel n\u2019est pas officiellement connu.<\/p>\n","protected":false},"excerpt":{"rendered":"Il s\u2019agit d\u2019une \u00abr\u00e9ponse directe\u00bb et d\u2019une \u00abd\u00e9claration de vengeance\u00bb apr\u00e8s l\u2019attaque qui a co\u00fbt\u00e9 samedi la vie&hellip;\n","protected":false},"author":2,"featured_media":610875,"comment_status":"","ping_status":"","sticky":false,"template":"","format":"standard","meta":{"footnotes":""},"categories":[5],"tags":[11,33711,23398,73,1011,27,14,12,28],"class_list":{"0":"post-610874","1":"post","2":"type-post","3":"status-publish","4":"format-standard","5":"has-post-thumbnail","7":"category-international","8":"tag-actualites","9":"tag-daech","10":"tag-etat-islamique","11":"tag-etats-unis","12":"tag-fr","13":"tag-france","14":"tag-international","15":"tag-news","16":"tag-world"},"share_on_mastodon":{"url":"https:\/\/pubeurope.com\/@fr\/115749693066098789","error":""},"_links":{"self":[{"href":"https:\/\/www.europesays.com\/fr\/wp-json\/wp\/v2\/posts\/610874","targetHints":{"allow":["GET"]}}],"collection":[{"href":"https:\/\/www.europesays.com\/fr\/wp-json\/wp\/v2\/posts"}],"about":[{"href":"https:\/\/www.europesays.com\/fr\/wp-json\/wp\/v2\/types\/post"}],"author":[{"embeddable":true,"href":"https:\/\/www.europesays.com\/fr\/wp-json\/wp\/v2\/users\/2"}],"replies":[{"embeddable":true,"href":"https:\/\/www.europesays.com\/fr\/wp-json\/wp\/v2\/comments?post=610874"}],"version-history":[{"count":0,"href":"https:\/\/www.europesays.com\/fr\/wp-json\/wp\/v2\/posts\/610874\/revisions"}],"wp:featuredmedia":[{"embeddable":true,"href":"https:\/\/www.europesays.com\/fr\/wp-json\/wp\/v2\/media\/610875"}],"wp:attachment":[{"href":"https:\/\/www.europesays.com\/fr\/wp-json\/wp\/v2\/media?parent=610874"}],"wp:term":[{"taxonomy":"category","embeddable":true,"href":"https:\/\/www.europesays.com\/fr\/wp-json\/wp\/v2\/categories?post=610874"},{"taxonomy":"post_tag","embeddable":true,"href":"https:\/\/www.europesays.com\/fr\/wp-json\/wp\/v2\/tags?post=610874"}],"curies":[{"name":"wp","href":"https:\/\/api.w.org\/{rel}","templated":true}]}}