{"id":610876,"date":"2025-12-20T03:08:16","date_gmt":"2025-12-20T03:08:16","guid":{"rendered":"https:\/\/www.europesays.com\/fr\/610876\/"},"modified":"2025-12-20T03:08:16","modified_gmt":"2025-12-20T03:08:16","slug":"de-carolis-en-tete-koukas-en-challenger-le-rn-a-laffut-notre-sondage-exclusif","status":"publish","type":"post","link":"https:\/\/www.europesays.com\/fr\/610876\/","title":{"rendered":"de Carolis en t\u00eate, Koukas en challenger, le RN \u00e0 l&rsquo;aff\u00fbt, notre sondage exclusif"},"content":{"rendered":"<p class=\"rev-margin-0 rev-text-xs-normal\">\u00c0 moins de trois mois du grand rendez-vous des \u00e9lections municipales \u00e0 Arles, le sondage Ifop pour La Provence, r\u00e9alis\u00e9 aupr\u00e8s de 503 personnes, dessine un rapport de force \u00e9lectoral assez serr\u00e9, la marge d&rsquo;erreur s&rsquo;\u00e9tablissant \u00e0 2,7 points, dans un&#8230;<\/p>\n<p class=\"rev-margin-0 rev-text-xs-bold\">\/ INFOGRAPHIE LOUIS AUBRY<\/p>\n<p>\u00c0 moins de trois mois du grand rendez-vous des \u00e9lections municipales \u00e0 <a href=\"https:\/\/www.laprovence.com\/region\/Edition-arles\" target=\"_blank\" rel=\"noopener\">Arles<\/a>, le sondage Ifop pour <a href=\"https:\/\/www.laprovence.com\/\" target=\"_blank\" rel=\"noopener\">La Provence<\/a>, r\u00e9alis\u00e9 aupr\u00e8s de 503 personnes, dessine un rapport de force \u00e9lectoral assez serr\u00e9, la marge d\u2019erreur s\u2019\u00e9tablissant \u00e0 2,7 points, dans un scrutin o\u00f9 rien n\u2019est \u00e9videmment encore jou\u00e9 (*).<\/p>\n<p>Pour autant, une chose est claire\u00a0: <a href=\"https:\/\/www.laprovence.com\/article\/elections\/78428431914947\/municipales-2026-a-arles-patrick-de-carolis-annonce-sa-candidature-pour-continuer-le-travail-notre-interview-exclusive\" target=\"_blank\" rel=\"noopener\">le maire sortant Patrick de Carolis<\/a> peut respirer un peu plus facilement que les autres. En t\u00eate avec 38% des intentions de vote, il surpasse d\u00e9j\u00e0 son score de\u00a02020, o\u00f9 il s\u2019\u00e9tait arr\u00eat\u00e9 \u00e0 26,41% au premier tour. \u00ab\u00a0Il faut cependant noter que cette fois, il n\u2019y a pas de liste Les R\u00e9publicains, ce qui change la donne par rapport \u00e0 l\u2019\u00e9poque o\u00f9 Cyril Juglaret \u00e9tait dans la course\u00a0\u00bb, nuance Hugo Lasserre, chef du groupe \u00e9tudes politiques \u00e0 l\u2019Ifop.<\/p>\n<p><img alt=\"Patrick de Carolis, le maire actuel, arrive en t\u00eate du sondage avec 38% des intentions de vote.\" loading=\"lazy\" decoding=\"async\" data-nimg=\"fill\" class=\" TwicCore_img__i9TC1 undefined  undefined\" style=\"position:absolute;height:100%;width:100%;left:0;top:0;right:0;bottom:0;color:transparent;background-size:cover;background-position:50% 50%;background-repeat:no-repeat;background-image:url(&quot;data:image\/svg+xml;charset=utf-8,%3Csvg xmlns='http:\/\/www.w3.org\/2000\/svg' %3E%3Cfilter id='b' color-interpolation-filters='sRGB'%3E%3CfeGaussianBlur stdDeviation='20'\/%3E%3CfeColorMatrix values='1 0 0 0 0 0 1 0 0 0 0 0 1 0 0 0 0 0 100 -1' result='s'\/%3E%3CfeFlood x='0' y='0' width='100%25' height='100%25'\/%3E%3CfeComposite operator='out' in='s'\/%3E%3CfeComposite in2='SourceGraphic'\/%3E%3CfeGaussianBlur stdDeviation='20'\/%3E%3C\/filter%3E%3Cimage width='100%25' height='100%25' x='0' y='0' preserveAspectRatio='none' style='filter: url(%23b);' href='https:\/\/pictures.laprovence.com\/cdn-cgi\/image\/blur=250\/media\/melody\/2025\/12\/19\/hotel-de-ville-rencontre-ave-patrick-de-carolis-maire-d-arles-annonce-sa-candidature-pour-les-electi-1766166996_5b22e12417196d352e1241719ee52ev_.jpg'\/%3E%3C\/svg%3E&quot;)\"   src=\"https:\/\/www.europesays.com\/fr\/wp-content\/uploads\/2025\/12\/hotel-de-ville-rencontre-ave-patrick-de-carolis-maire-d-arles-annonce-sa-candidature-pour-les-electi.jpeg\"\/>Patrick de Carolis, le maire actuel, arrive en t\u00eate du sondage avec 38% des intentions de vote. \/ PHOTO VAL\u00c9RIE FARINE<\/p>\n<p>En effet, <a href=\"https:\/\/www.laprovence.com\/article\/elections\/54443149325609\/exclusif-municipales-2026-a-arles-le-conseiller-regional-cyril-juglaret-rejoint-la-liste-de-patrick-de-carolis\" target=\"_blank\" rel=\"noopener\">son opposant d\u2019alors ayant d\u00e9cid\u00e9 de le rejoindre<\/a>, Patrick de Carolis b\u00e9n\u00e9ficie sans aucun doute des intentions de vote partisan du conseiller r\u00e9gional (Cyril Juglaret \u00e9tait arriv\u00e9 troisi\u00e8me en\u00a02020 avec 15,32% des suffrages). Mais le premier magistrat et candidat doit n\u00e9anmoins composer cette fois avec un autre adversaire de taille\u00a0: son ex-premier adjoint <a href=\"https:\/\/www.laprovence.com\/article\/elections\/15125374445099\/municipales-2026-a-arles-le-premier-adjoint-jean-michel-jalabert-est-candidat-a-la-mairie\" target=\"_blank\" rel=\"noopener\">Jean-Michel Jalabert<\/a>, qui, cr\u00e9dit\u00e9 de 7% d\u2019intenti&#8230;<\/p>\n","protected":false},"excerpt":{"rendered":"\u00c0 moins de trois mois du grand rendez-vous des \u00e9lections municipales \u00e0 Arles, le sondage Ifop pour La&hellip;\n","protected":false},"author":2,"featured_media":610877,"comment_status":"","ping_status":"","sticky":false,"template":"","format":"standard","meta":{"footnotes":""},"categories":[4],"tags":[17,11,9417,72185,22951,5949,1011,27,72186,72187,3434,12,25,17643],"class_list":{"0":"post-610876","1":"post","2":"type-post","3":"status-publish","4":"format-standard","5":"has-post-thumbnail","7":"category-france","8":"tag-17","9":"tag-actualites","10":"tag-arles","11":"tag-carolis","12":"tag-challenger","13":"tag-elections","14":"tag-fr","15":"tag-france","16":"tag-koukas","17":"tag-laffut","18":"tag-municipales-2026","19":"tag-news","20":"tag-republique-francaise","21":"tag-tete"},"share_on_mastodon":{"url":"https:\/\/pubeurope.com\/@fr\/115749697348206590","error":""},"_links":{"self":[{"href":"https:\/\/www.europesays.com\/fr\/wp-json\/wp\/v2\/posts\/610876","targetHints":{"allow":["GET"]}}],"collection":[{"href":"https:\/\/www.europesays.com\/fr\/wp-json\/wp\/v2\/posts"}],"about":[{"href":"https:\/\/www.europesays.com\/fr\/wp-json\/wp\/v2\/types\/post"}],"author":[{"embeddable":true,"href":"https:\/\/www.europesays.com\/fr\/wp-json\/wp\/v2\/users\/2"}],"replies":[{"embeddable":true,"href":"https:\/\/www.europesays.com\/fr\/wp-json\/wp\/v2\/comments?post=610876"}],"version-history":[{"count":0,"href":"https:\/\/www.europesays.com\/fr\/wp-json\/wp\/v2\/posts\/610876\/revisions"}],"wp:featuredmedia":[{"embeddable":true,"href":"https:\/\/www.europesays.com\/fr\/wp-json\/wp\/v2\/media\/610877"}],"wp:attachment":[{"href":"https:\/\/www.europesays.com\/fr\/wp-json\/wp\/v2\/media?parent=610876"}],"wp:term":[{"taxonomy":"category","embeddable":true,"href":"https:\/\/www.europesays.com\/fr\/wp-json\/wp\/v2\/categories?post=610876"},{"taxonomy":"post_tag","embeddable":true,"href":"https:\/\/www.europesays.com\/fr\/wp-json\/wp\/v2\/tags?post=610876"}],"curies":[{"name":"wp","href":"https:\/\/api.w.org\/{rel}","templated":true}]}}